{"id":6233,"date":"2026-03-09T23:12:10","date_gmt":"2026-03-09T20:12:10","guid":{"rendered":"https:\/\/cypria.homes\/?p=6233"},"modified":"2026-03-09T23:12:12","modified_gmt":"2026-03-09T20:12:12","slug":"top-10-attractions-in-iskele-what-to-explore-for-travelers-and-those-considering-relocation","status":"publish","type":"post","link":"https:\/\/cypria.homes\/pl\/all\/top-10-attractions-in-iskele-what-to-explore-for-travelers-and-those-considering-relocation\/","title":{"rendered":"10 najwi\u0119kszych atrakcji w Iskele: Co zwiedzi\u0107 dla podr\u00f3\u017cnik\u00f3w i os\u00f3b rozwa\u017caj\u0105cych relokacj\u0119?"},"content":{"rendered":"<p><strong>Iskele (znany r\u00f3wnie\u017c jako Trikomo)<\/strong> to nadmorska gmina na wschodnim wybrze\u017cu Cypru P\u00f3\u0142nocnego, kt\u00f3ra w ostatnich latach szybko sta\u0142a si\u0119 popularnym miejscem wypoczynku, zamieszkania i inwestycji. \u0141\u0105czy w sobie d\u0142ugie piaszczyste pla\u017ce, historyczne zabytki i nowoczesn\u0105 infrastruktur\u0119 - w tym szko\u0142y, kliniki, supermarkety, kawiarnie i malownicze promenady. Dla zapyta\u0144 takich jak <em>\"Iskele Cyprus\", \"relokacja,\"<\/em> lub <em>\"Co warto zobaczy\u0107 w Iskele,\"<\/em> Obszar ten spe\u0142nia wszystkie wymagania: niedrogie \u015brodowisko nadmorskie, du\u017cy popyt na wynajem i bogaty wyb\u00f3r atrakcji w odleg\u0142o\u015bci 30-60 minut jazdy samochodem.<\/p>\n\n\n\n<blockquote class=\"wp-block-quote is-layout-flow wp-block-quote-is-layout-flow\">\n<p><strong>\"Iskele jest dogodn\u0105 bram\u0105 do wschodniego wybrze\u017ca Cypru P\u00f3\u0142nocnego - infrastruktura kurortu jest ju\u017c gotowa, a przysz\u0142a warto\u015b\u0107 nieruchomo\u015bci jest wzmacniana przez trwaj\u0105ce inwestycje i blisko\u015b\u0107 lotniska Famagusta i Ercan\".<\/strong><\/p>\n<\/blockquote>\n\n\n\n<p>Oficjalne informacje na temat wymog\u00f3w wjazdu, pobytu i obiekt\u00f3w dziedzictwa kulturowego s\u0105 dost\u0119pne na stronach internetowych <strong>Ministerstwo Turystyki, Kultury, M\u0142odzie\u017cy i \u015arodowiska TRNC<\/strong>w <strong><a href=\"https:\/\/icisleri.gov.ct.tr\" target=\"_blank\" rel=\"noopener\">Ministerstwo Spraw Wewn\u0119trznych TRNC<\/a><\/strong> (zasady dotycz\u0105ce miejsca zamieszkania i relokacji) oraz <strong><a href=\"https:\/\/mfa.gov.ct.tr\" target=\"_blank\" rel=\"noopener\">Ministerstwo Spraw Zagranicznych TRNC<\/a><\/strong> (dla polityki granicznej i aktualizacji podr\u00f3\u017cy).<\/p>\n\n\n\n<hr class=\"wp-block-separator has-alpha-channel-opacity\"\/>\n\n\n\n<h3 class=\"wp-block-heading\">Lokalizacja i spos\u00f3b dotarcia na miejsce<\/h3>\n\n\n\n<p>Iskele znajduje si\u0119 na wschodnim wybrze\u017cu Cypru P\u00f3\u0142nocnego, oko\u0142o 20-25 minut od Famagusty i 45-55 minut od lotniska Ercan (ECN). Podr\u00f3\u017cni mog\u0105 dotrze\u0107 do niego tranzytem przez Turcj\u0119 (Stambu\u0142, Ankara lub Izmir) lub drog\u0105 morsk\u0105 przez porty Mersin i Alanya.<\/p>\n\n\n\n<figure class=\"wp-block-table\"><table class=\"has-fixed-layout\"><thead><tr><th><strong>Trasa<\/strong><\/th><th><strong>Czas podr\u00f3\u017cy<\/strong><\/th><th><strong>Szacunkowy koszt<\/strong><\/th><th><strong>Uwagi<\/strong><\/th><\/tr><\/thead><tbody><tr><td>Lot przez Turcj\u0119 do Ercan (ECN) + taks\u00f3wka do Iskele<\/td><td>3,5-6 godzin (w tym post\u00f3j) + 50 min<\/td><td><strong>$120-280<\/strong> (lot) + <strong>$45-60<\/strong> (taks\u00f3wka)<\/td><td>Najszybsza i najwygodniejsza opcja<\/td><\/tr><tr><td>ECN \u2192 transfer do Famagusty \u2192 taks\u00f3wka\/dolmu\u015f do Iskele<\/td><td>50-70 min<\/td><td><strong>$6-10<\/strong> (wahad\u0142owiec) + <strong>$8-20<\/strong> (taxi\/dolmu\u015f)<\/td><td>Przyjazny dla bud\u017cetu, wygodny w ci\u0105gu dnia<\/td><\/tr><tr><td>Prom z Turcji (port Famagusta) + taks\u00f3wka\/wynajem samochodu<\/td><td>Zale\u017cy od trasy (podr\u00f3\u017c nocna)<\/td><td><strong>$40-80<\/strong> (pasa\u017cer\/samoch\u00f3d) + <strong>$15-25<\/strong> (taks\u00f3wka)<\/td><td>Idealny dla podr\u00f3\u017cuj\u0105cych w\u0142asnym pojazdem<\/td><\/tr><tr><td>Wynajem samochod\u00f3w na lotnisku Ercan<\/td><td>45-55 minut do Iskele<\/td><td><strong>$30-50\/dzie\u0144<\/strong><\/td><td>Elastyczne podr\u00f3\u017cowanie, \u015bwietne do lokalnego zwiedzania<\/td><\/tr><\/tbody><\/table><\/figure>\n\n\n\n<blockquote class=\"wp-block-quote is-layout-flow wp-block-quote-is-layout-flow\">\n<p><strong>Wa\u017cne:<\/strong> Wed\u0142ug <strong><a href=\"https:\/\/mfa.gov.ct.tr\" target=\"_blank\" rel=\"noopener\">Ministerstwo Spraw Zagranicznych TRNC<\/a><\/strong>Dozwolone okresy pobytu s\u0105 wydawane na granicy przy wje\u017adzie. Zasady wjazdu i tranzytu przez Turcj\u0119 mog\u0105 ulec zmianie - sprawd\u017a najnowsze aktualizacje przed podr\u00f3\u017c\u0105.<\/p>\n<\/blockquote>\n\n\n\n<hr class=\"wp-block-separator has-alpha-channel-opacity\"\/>\n\n\n\n<p>Iskele jest dobrym wyborem zar\u00f3wno na kr\u00f3tkie wizyty, jak i d\u0142ugoterminowe \u017cycie. Pla\u017ce i promenady s\u0105 dost\u0119pne przez ca\u0142y rok, a atrakcje kulturalne, takie jak <strong>Zamek Kantara<\/strong> i <strong>Klasztor \u015bw. Barnaby<\/strong> mo\u017cna zwiedza\u0107 podczas wygodnych jednodniowych wycieczek. Koszty transportu i bilet\u00f3w pozostaj\u0105 umiarkowane. Je\u015bli rozwa\u017casz relokacj\u0119 lub d\u0142u\u017cszy pobyt, zapoznaj si\u0119 z aktualnymi wymogami wizowymi i pobytowymi na stronie <strong>Strona internetowa Ministerstwa Spraw Wewn\u0119trznych TRNC<\/strong> i odwiedzi\u0107 stron\u0119 <strong>Portal Ministerstwa Spraw Zagranicznych<\/strong> aby uzyska\u0107 aktualne informacje dotycz\u0105ce podr\u00f3\u017cy i granic.<\/p>\n\n\n\n<h2 class=\"wp-block-heading\">1. Z\u0142ota Pla\u017ca (Altinkum)<\/h2>\n\n\n\n<figure class=\"wp-block-image size-full is-resized\"><img loading=\"lazy\" decoding=\"async\" width=\"813\" height=\"457\" src=\"https:\/\/cypria.homes\/wp-content\/uploads\/2026\/03\/altinkum-beach_rezultat-edited.webp\" alt=\"10 najwi\u0119kszych atrakcji w Iskele: Co zwiedzi\u0107 dla podr\u00f3\u017cnik\u00f3w i os\u00f3b rozwa\u017caj\u0105cych relokacj\u0119?\" class=\"wp-image-6238\" style=\"width:840px;height:auto\" srcset=\"https:\/\/cypria.homes\/wp-content\/uploads\/2026\/03\/altinkum-beach_rezultat-edited.webp 813w, https:\/\/cypria.homes\/wp-content\/uploads\/2026\/03\/altinkum-beach_rezultat-edited-300x169.webp 300w, https:\/\/cypria.homes\/wp-content\/uploads\/2026\/03\/altinkum-beach_rezultat-edited-18x10.webp 18w\" sizes=\"auto, (max-width: 813px) 100vw, 813px\" \/><\/figure>\n\n\n\n<p>Z\u0142ota Pla\u017ca - znana r\u00f3wnie\u017c jako Altinkum - jest jednym z najd\u0142u\u017cszych i najbardziej fotogenicznych odcink\u00f3w wybrze\u017ca na wschodnim wybrze\u017cu Cypru P\u00f3\u0142nocnego. Po\u0142o\u017cona na p\u00f3\u0142wyspie Karpaz, s\u0142ynie z mi\u0119kkiego z\u0142otego piasku, rozleg\u0142ych wydm i krystalicznie czystej wody. Pla\u017ca jest ulubionym miejscem w\u015br\u00f3d rodzin, os\u00f3b szukaj\u0105cych spokojnych spacer\u00f3w nad brzegiem morza i fotograf\u00f3w wschod\u00f3w s\u0142o\u0144ca. Og\u00f3lne informacje dla odwiedzaj\u0105cych i przepisy dotycz\u0105ce podr\u00f3\u017cy s\u0105 dost\u0119pne na oficjalnej stronie internetowej Ministerstwa Turystyki TRNC, natomiast wskaz\u00f3wki dotycz\u0105ce zr\u00f3wnowa\u017conej turystyki i sezonowych wskaz\u00f3wek dotycz\u0105cych podr\u00f3\u017cy mo\u017cna znale\u017a\u0107 na stronie internetowej Republiki Cypryjskiej. <a href=\"https:\/\/www.visitcyprus.com\" target=\"_blank\" rel=\"noopener\">Odwied\u017a portal Cypru<\/a>.<br><strong>Kluczowa zaleta:<\/strong> Nieskazitelne, naturalne otoczenie, wolne od g\u0119stej zabudowy i ha\u0142a\u015bliwych promenad - co\u015b coraz rzadszego w basenie Morza \u015ar\u00f3dziemnego.<\/p>\n\n\n\n<blockquote class=\"wp-block-quote is-layout-flow wp-block-quote-is-layout-flow\">\n<p><strong>Wa\u017cne:<\/strong> Ten odcinek wybrze\u017ca jest chronionym miejscem gniazdowania \u017c\u00f3\u0142wi morskich, w tym <em>Caretta caretta<\/em> oraz <em>Chelonia mydas<\/em>. Od oko\u0142o maja do wrze\u015bnia obowi\u0105zuj\u0105 ograniczenia dotycz\u0105ce poruszania si\u0119 po wydmach i umieszczania parasoli poza wyznaczonymi strefami. Wytyczne dotycz\u0105ce ochrony przyrody mo\u017cna znale\u017a\u0107 w Departamencie Rybo\u0142\u00f3wstwa i Bada\u0144 Morskich.<\/p>\n<\/blockquote>\n\n\n\n<hr class=\"wp-block-separator has-alpha-channel-opacity\"\/>\n\n\n\n<h3 class=\"wp-block-heading\">Lokalizacja i spos\u00f3b dotarcia na miejsce<\/h3>\n\n\n\n<ul class=\"wp-block-list\">\n<li><strong>Geolokalizacja:<\/strong> Wschodni kraniec p\u00f3\u0142wyspu Karpaz, w pobli\u017cu wioski Dipkarpaz (Dipkarpaz\/Rizokarpaso).<\/li>\n\n\n\n<li><strong>Odleg\u0142o\u015b\u0107 od Iskele (Trikomo):<\/strong> Oko\u0142o 70-80 km; czas podr\u00f3\u017cy samochodem wynosi 1,5-2 godziny, w zale\u017cno\u015bci od ukszta\u0142towania terenu i sezonowego nat\u0119\u017cenia ruchu.<\/li>\n\n\n\n<li><strong>Trasa przejazdu:<\/strong> Z Iskele nale\u017cy jecha\u0107 nadmorsk\u0105 drog\u0105 przez Bo\u011faz i Yeni Erenk\u00f6y\/Yenierenk\u00f6y do Dipkarpaz. Stamt\u0105d nale\u017cy kierowa\u0107 si\u0119 znakami na Alt\u0131nkum\/Z\u0142ot\u0105 Pla\u017c\u0119. G\u0142\u00f3wna droga jest utwardzona; niekt\u00f3re kr\u00f3tkie \u015bcie\u017cki gruntowe mog\u0105 prowadzi\u0107 do okre\u015blonych punkt\u00f3w dost\u0119pu do pla\u017cy.<\/li>\n\n\n\n<li><strong>Parking:<\/strong> Bezp\u0142atne w pobli\u017cu wi\u0119kszo\u015bci nieformalnych obszar\u00f3w dost\u0119pu; prywatne parkingi mog\u0105 by\u0107 dost\u0119pne w pobli\u017cu sezonowych kawiarni.<\/li>\n\n\n\n<li><strong>Transport publiczny:<\/strong> Nie ma bezpo\u015bredniego po\u0142\u0105czenia z pla\u017c\u0105. Minibusy Dolmu\u015f kursuj\u0105 do Dipkarpaz, a nast\u0119pnie 10-15 minut taks\u00f3wk\u0105 lub transportem wahad\u0142owym.<\/li>\n\n\n\n<li><strong>Taks\u00f3wki:<\/strong> Z Iskele spodziewaj si\u0119 zap\u0142aci\u0107 oko\u0142o $70-90 w jedn\u0105 stron\u0119. Ceny nale\u017cy zawsze uzgadnia\u0107 z wyprzedzeniem.<\/li>\n\n\n\n<li><strong>Wynajem samochod\u00f3w:<\/strong> Standardowe pojazdy kosztuj\u0105 $25-40\/dzie\u0144. Warunki ubezpieczenia r\u00f3\u017cni\u0105 si\u0119 w zale\u017cno\u015bci od firmy wynajmuj\u0105cej.<\/li>\n<\/ul>\n\n\n\n<blockquote class=\"wp-block-quote is-layout-flow wp-block-quote-is-layout-flow\">\n<p><strong>Wskaz\u00f3wka dotycz\u0105ca bezpiecze\u0144stwa:<\/strong> Nale\u017cy nosi\u0107 zamkni\u0119te buty do chodzenia po wydmach i zabra\u0107 ze sob\u0105 du\u017co wody pitnej - cie\u0144 jest ograniczony na otwartym terenie.<\/p>\n<\/blockquote>\n\n\n\n<p><iframe src=\"https:\/\/www.google.com\/maps\/embed?pb=!1m18!1m12!1m3!1d2816.464623833843!2d48.314789975913726!3d42.041569671224245!2m3!1f0!2f0!3f0!3m2!1i1024!2i768!4f13.1!3m3!1m2!1s0x4049b869c1bc93ef%3A0x50ffecc3c273ddb0!2sGolden%20Beach!5e1!3m2!1sen!2sru!4v1773083927732!5m2!1sen!2sru\" width=\"600\" height=\"450\" style=\"border:0;\" allowfullscreen=\"\" loading=\"lazy\" referrerpolicy=\"no-referrer-when-downgrade\"><\/iframe><\/p>\n\n\n\n<hr class=\"wp-block-separator has-alpha-channel-opacity\"\/>\n\n\n\n<h3 class=\"wp-block-heading\">Co warto zobaczy\u0107<\/h3>\n\n\n\n<ul class=\"wp-block-list\">\n<li><strong>Krajobrazy wydmowe i z\u0142ota \u0142acha piasku<\/strong><br>Tocz\u0105ce si\u0119 wydmy kszta\u0142tuj\u0105 kultow\u0105 sylwetk\u0119 pla\u017cy. O wschodzie s\u0142o\u0144ca piasek mieni si\u0119 delikatnymi z\u0142otymi odcieniami - idealny czas na fotografowanie.<\/li>\n\n\n\n<li><strong>Ciche laguny i otwarte sekcje wodne<\/strong><br>Pla\u017ca oferuje r\u00f3\u017cne warunki wodne: spokojniejsze, przyjazne rodzinom zatoczki znajduj\u0105 si\u0119 na po\u0142udniu, podczas gdy bardziej ods\u0142oni\u0119te wschodnie sekcje do\u015bwiadczaj\u0105 umiarkowanych fal.<\/li>\n\n\n\n<li><strong>Obserwacja dzikiej przyrody i natury<\/strong><br>Wiosn\u0105 i jesieni\u0105 P\u00f3\u0142wysep Karpaz staje si\u0119 szlakiem migracyjnym dla ptak\u00f3w. Latem w strefach chronionych oznaczane s\u0105 gniazda \u017c\u00f3\u0142wi. Prosimy o przestrzeganie wszystkich barier i sezonowych korytarzy dost\u0119pu.<\/li>\n\n\n\n<li><strong>Trasa wycieczki weekendowej<\/strong><br>Z\u0142ota Pla\u017ca doskonale komponuje si\u0119 z wizytami w klasztorze Apostolos Andreas i malowniczymi widokami na przyl\u0105dek Karpaz. Praktyczne wskaz\u00f3wki dla odwiedzaj\u0105cych s\u0105 dost\u0119pne na stronie internetowej Ministerstwa Turystyki TRNC.<\/li>\n<\/ul>\n\n\n\n<blockquote class=\"wp-block-quote is-layout-flow wp-block-quote-is-layout-flow\">\n<p><strong>Przypomnienie:<\/strong> Zasi\u0119g ratownik\u00f3w jest ograniczony lub nie istnieje w wielu cz\u0119\u015bciach pla\u017cy. P\u0142ywaj tylko w ci\u0105gu dnia i zwracaj uwag\u0119 na flagi ostrzegawcze.<\/p>\n<\/blockquote>\n\n\n\n<hr class=\"wp-block-separator has-alpha-channel-opacity\"\/>\n\n\n\n<h3 class=\"wp-block-heading\">Podsumowanie pla\u017cy<\/h3>\n\n\n\n<figure class=\"wp-block-table\"><table class=\"has-fixed-layout\"><thead><tr><th><strong>Cecha<\/strong><\/th><th><strong>Szczeg\u00f3\u0142y<\/strong><\/th><\/tr><\/thead><tbody><tr><td><strong>Typ linii brzegowej<\/strong><\/td><td>Piaszczysta pla\u017ca z drobnym z\u0142otym piaskiem i wydmami<\/td><\/tr><tr><td><strong>D\u0142ugo\u015b\u0107<\/strong><\/td><td>Kilka kilometr\u00f3w ci\u0105g\u0142ej linii brzegowej (miejscami dost\u0119pne 2-4 km)<\/td><\/tr><tr><td><strong>Dost\u0119p do wody<\/strong><\/td><td>\u0141agodnie nachylony, idealny dla rodzin, gdy morze jest spokojne<\/td><\/tr><tr><td><strong>Udogodnienia<\/strong><\/td><td>Sezonowe kawiarnie, wypo\u017cyczalnie le\u017cak\u00f3w i parasoli, ekologiczne toalety i prysznice na \u015bwie\u017cym powietrzu w wybranych obszarach<\/td><\/tr><tr><td><strong>Ratownicy<\/strong><\/td><td>Dy\u017cury pe\u0142nione wybi\u00f3rczo, w szczycie sezonu na g\u0142\u00f3wnych odcinkach<\/td><\/tr><tr><td><strong>Status \u015brodowiskowy<\/strong><\/td><td>Miejsce gniazdowania \u017c\u00f3\u0142wi; obowi\u0105zuj\u0105 ograniczenia sezonowe<\/td><\/tr><tr><td><strong>Najbli\u017csze miasto<\/strong><\/td><td>Dipkarpaz\/Rizokarpaso (10-15 min samochodem)<\/td><\/tr><\/tbody><\/table><\/figure>\n\n\n\n<hr class=\"wp-block-separator has-alpha-channel-opacity\"\/>\n\n\n\n<h3 class=\"wp-block-heading\">Wst\u0119p i informacje dla odwiedzaj\u0105cych<\/h3>\n\n\n\n<ul class=\"wp-block-list\">\n<li><strong>Wej\u015bcie:<\/strong> <em>Darmowy<\/em> - publiczna pla\u017ca naturalna z cz\u0119\u015bciowo zorganizowanymi strefami.<\/li>\n\n\n\n<li><strong>Wypo\u017cyczalnia le\u017cak\u00f3w\/parasoli:<\/strong> Zestaw dw\u00f3ch le\u017cak\u00f3w + parasol: <em>$12-20<\/em> w sezonie. Indywidualnie: le\u017cak <em>$5-8<\/em>parasol <em>$5-7<\/em>.<\/li>\n\n\n\n<li><strong>Parking:<\/strong> Dost\u0119p publiczny jest <em>darmowy<\/em>Niekt\u00f3re kawiarnie lub prywatne dzia\u0142ki mog\u0105 pobiera\u0107 op\u0142aty <em>$2-4<\/em>.<\/li>\n\n\n\n<li><strong>Pocz\u0119stunek:<\/strong> 0,5 l wody butelkowanej: <em>$1-2<\/em>; kawa: <em>$2-4<\/em>kanapka: <em>$5-8<\/em>.<\/li>\n\n\n\n<li><strong>Aktywno\u015bci wodne (sezonowe, lokalne):<\/strong> Wypo\u017cyczalnia SUP\/kajak\u00f3w: <em>$15-30\/godz.<\/em>.<\/li>\n<\/ul>\n\n\n\n<p><strong>Godziny odwiedzin:<\/strong><\/p>\n\n\n\n<ul class=\"wp-block-list\">\n<li>Pla\u017ca jest otwarta 24\/7, ale <strong>Zdecydowanie zaleca si\u0119 wizyty w ci\u0105gu dnia<\/strong> dla bezpiecze\u0144stwa.<\/li>\n\n\n\n<li>Szczyt sezonu p\u0142ywackiego: <strong>Od maja do pa\u017adziernika<\/strong>Najgor\u0119tsze miesi\u0105ce to <strong>Lipiec i sierpie\u0144<\/strong>.<\/li>\n\n\n\n<li>W okresie gniazdowania \u017c\u00f3\u0142wi (ok. maj-wrzesie\u0144), <strong>dost\u0119p w nocy<\/strong> mog\u0105 by\u0107 ograniczone w niekt\u00f3rych obszarach. Aktualne informacje mo\u017cna znale\u017a\u0107 na stronie <a href=\"https:\/\/www.visitcyprus.com\" target=\"_blank\" rel=\"noopener\">Odwied\u017a Cypr<\/a> oraz Ministerstwo Turystyki TRNC.<\/li>\n<\/ul>\n\n\n\n<blockquote class=\"wp-block-quote is-layout-flow wp-block-quote-is-layout-flow\">\n<p><strong>Kluczowa uwaga:<\/strong> Obowi\u0105zuje segregacja odpad\u00f3w i \u015bcis\u0142y zakaz rozpalania ognisk na obszarach wydmowych. Przestrzeganie tych zasad ma zasadnicze znaczenie dla zachowania integralno\u015bci tej wyj\u0105tkowej pla\u017cy.<\/p>\n<\/blockquote>\n\n\n\n<hr class=\"wp-block-separator has-alpha-channel-opacity\"\/>\n\n\n\n<p>Golden Beach (Altinkum) to nieskazitelny przyk\u0142ad nieokie\u0142znanego pi\u0119kna Morza \u015ar\u00f3dziemnego, oferuj\u0105cy mi\u0119kki piasek, \u0142agodny dost\u0119p do morza i spokojn\u0105 atmosfer\u0119 rzadko spotykan\u0105 w regionie. Dla go\u015bci przebywaj\u0105cych w Iskele jest to idealna jednodniowa wycieczka - \u0142\u0105cz\u0105ca nadmorski relaks, spacery po wydmach i pe\u0142ne szacunku spotkanie z delikatnym ekosystemem Karpaz.<\/p>\n\n\n\n<h2 class=\"wp-block-heading\">2. Zamek Kantara<\/h2>\n\n\n\n<figure class=\"wp-block-image size-large\"><img loading=\"lazy\" decoding=\"async\" width=\"1024\" height=\"538\" src=\"https:\/\/cypria.homes\/wp-content\/uploads\/2026\/03\/where-is-kantara-castle_rezultat-1-1024x538.webp\" alt=\"10 najwi\u0119kszych atrakcji w Iskele: Co zwiedzi\u0107 dla podr\u00f3\u017cnik\u00f3w i os\u00f3b rozwa\u017caj\u0105cych relokacj\u0119?\" class=\"wp-image-6236\" srcset=\"https:\/\/cypria.homes\/wp-content\/uploads\/2026\/03\/where-is-kantara-castle_rezultat-1-1024x538.webp 1024w, https:\/\/cypria.homes\/wp-content\/uploads\/2026\/03\/where-is-kantara-castle_rezultat-1-300x157.webp 300w, https:\/\/cypria.homes\/wp-content\/uploads\/2026\/03\/where-is-kantara-castle_rezultat-1-18x9.webp 18w, https:\/\/cypria.homes\/wp-content\/uploads\/2026\/03\/where-is-kantara-castle_rezultat-1.webp 1143w\" sizes=\"auto, (max-width: 1024px) 100vw, 1024px\" \/><\/figure>\n\n\n\n<p>Zamek Kantara jest jedn\u0105 z trzech historycznych fortec g\u00f3rskich wzd\u0142u\u017c wschodniego pasma g\u00f3rskiego Kyrenia i stanowi kluczowy punkt orientacyjny dla odwiedzaj\u0105cych region Iskele. Pierwotnie zbudowany w czasach bizantyjskich (X wiek) i znacznie wzmocniony pod panowaniem Lusignan\u00f3w i Wenecjan, zamek chroni\u0142 niegdy\u015b szlaki przybrze\u017cne i prze\u0142\u0119cze g\u00f3rskie p\u00f3\u0142wyspu Karpaz. Z jego podwy\u017cszonych taras\u00f3w mo\u017cna podziwia\u0107 rozleg\u0142e widoki na oba wybrze\u017ca - zatok\u0119 Famagusta na po\u0142udniu i p\u00f3\u0142nocne wybrze\u017ca Cypru Wschodniego.<\/p>\n\n\n\n<p>Aktualne informacje turystyczne na temat obiekt\u00f3w kulturalnych na ca\u0142ej wyspie s\u0105 dost\u0119pne na oficjalnym portalu Ministerstwa Turystyki Republiki Cypryjskiej. <a href=\"https:\/\/www.visitcyprus.com\" target=\"_blank\" rel=\"noopener\">Odwied\u017a Cypr<\/a>. Og\u00f3lne zalecenia dotycz\u0105ce podr\u00f3\u017cy, w tym atrakcje regionalne, mo\u017cna r\u00f3wnie\u017c znale\u017a\u0107 na stronie internetowej Ministerstwa Turystyki TRNC.<\/p>\n\n\n\n<p><strong>Dlaczego ma to znaczenie:<\/strong><br>Kantara to rzadkie po\u0142\u0105czenie historycznego i naturalnego znaczenia, dogodnie po\u0142o\u017cone w pobli\u017cu Iskele na niezapomnian\u0105 jednodniow\u0105 wycieczk\u0119.<\/p>\n\n\n\n<blockquote class=\"wp-block-quote is-layout-flow wp-block-quote-is-layout-flow\">\n<p>Wizyta w Kantarze naturalnie \u0142\u0105czy si\u0119 z przystankami w Bogaz i na pla\u017cach Kapl\u0131ca lub Davlos. Ca\u0142a trasa biegnie malowniczym nadmorskim korytarzem z utwardzonymi drogami, prowadz\u0105c do kr\u00f3tkiego, ale stromego g\u00f3rskiego podjazdu do twierdzy.<\/p>\n<\/blockquote>\n\n\n\n<hr class=\"wp-block-separator has-alpha-channel-opacity\"\/>\n\n\n\n<h3 class=\"wp-block-heading\">Lokalizacja i dojazd<\/h3>\n\n\n\n<ul class=\"wp-block-list\">\n<li><strong>Gdzie si\u0119 znajduje:<\/strong> Wschodni kraniec g\u00f3r Kyrenia, powy\u017cej wioski Kantara, na wysoko\u015bci ok. <strong>630 metr\u00f3w nad poziomem morza<\/strong>.<\/li>\n\n\n\n<li><strong>Odleg\u0142o\u015b\u0107 od Iskele (Trikomo):<\/strong> O <strong>30-35 km<\/strong>z czasem podr\u00f3\u017cy wynosz\u0105cym <strong>40-50 minut<\/strong> samochodem, w zale\u017cno\u015bci od nat\u0119\u017cenia ruchu i pogody.<\/li>\n\n\n\n<li><strong>Trasa przejazdu:<\/strong> Z Iskele nale\u017cy jecha\u0107 nadmorsk\u0105 autostrad\u0105 przez Bogaz w kierunku Kapl\u0131ca (Kapl\u0131ca\/Davlos). Szukaj znaku drogowego oznaczonego \"Kantara Kalesi\", kt\u00f3ry prowadzi pod g\u00f3r\u0119. Droga jest w pe\u0142ni utwardzona; ostatni <strong>3-4 km<\/strong> to w\u0105ska, kr\u0119ta g\u00f3rska prze\u0142\u0119cz. Parking w pobli\u017cu wej\u015bcia jest zazwyczaj bezp\u0142atny.<\/li>\n\n\n\n<li><strong>Transport publiczny:<\/strong> Nie ma bezpo\u015brednich po\u0142\u0105cze\u0144 autobusowych z zamkiem. Mo\u017cna dojecha\u0107 dolmu\u015fem do Kapl\u0131ca lub pobliskich wiosek, a nast\u0119pnie zorganizowa\u0107 taks\u00f3wk\u0119 lub prywatny transfer na szczyt. Dost\u0119pno\u015b\u0107 i koszt r\u00f3\u017cni\u0105 si\u0119 w zale\u017cno\u015bci od sezonu.<\/li>\n\n\n\n<li><strong>Taks\u00f3wka\/transfer:<\/strong> Szacowany koszt z Iskele wynosi <strong>$35-45 w jedn\u0105 stron\u0119<\/strong>. Zalecana jest wcze\u015bniejsza rezerwacja.<\/li>\n\n\n\n<li><strong>Wynajem samochod\u00f3w:<\/strong> Zakresy od <strong>$25-40 dziennie<\/strong>w zale\u017cno\u015bci od klasy pojazdu.<\/li>\n\n\n\n<li><strong>Nawigacja:<\/strong> Wi\u0119kszo\u015b\u0107 map okre\u015bla to miejsce jako \"Zamek Kantara\" lub \"Kantara Kalesi\".<\/li>\n<\/ul>\n\n\n\n<blockquote class=\"wp-block-quote is-layout-flow wp-block-quote-is-layout-flow\">\n<p><strong>Wskaz\u00f3wka dotycz\u0105ca bezpiecze\u0144stwa:<\/strong> Nale\u017cy nosi\u0107 buty z zamkni\u0119tymi palcami o solidnej przyczepno\u015bci - powierzchnie skalne mog\u0105 by\u0107 \u015bliskie, istniej\u0105 niestrze\u017cone sekcje \u015bcian, a podmuchy wiatru na szczycie mog\u0105 by\u0107 intensywne.<\/p>\n<\/blockquote>\n\n\n\n<hr class=\"wp-block-separator has-alpha-channel-opacity\"\/>\n\n\n\n<h3 class=\"wp-block-heading\">Najwa\u017cniejsze atrakcje i co warto zobaczy\u0107<\/h3>\n\n\n\n<ul class=\"wp-block-list\">\n<li><strong>G\u0142\u00f3wne bramy i mury obronne<\/strong><br>Zachowane wie\u017ce Lusignan, szczeliny na strza\u0142y i przej\u015bcia oferuj\u0105 wgl\u0105d w to, jak twierdza dominowa\u0142a niegdy\u015b zar\u00f3wno na szlakach l\u0105dowych, jak i morskich.<\/li>\n\n\n\n<li><strong>Panoramiczne tarasy widokowe<\/strong><br>G\u00f3rne poziomy zapewniaj\u0105 pe\u0142n\u0105 <strong>Widok 360<\/strong>P\u00f3\u0142wysep Karpaz, zatoka Famagusta, p\u00f3\u0142nocne wybrze\u017ce i odleg\u0142a sylwetka g\u00f3r \"Pi\u0119\u0107 Palc\u00f3w\". Najlepsze \u015bwiat\u0142o jest podczas wschodu lub zachodu s\u0142o\u0144ca.<\/li>\n\n\n\n<li><strong>Zbiorniki na wod\u0119 deszczow\u0105<\/strong><br>Zbiorniki te, wykute bezpo\u015brednio w skale, zapewnia\u0142y garnizonowi samowystarczalno\u015b\u0107. Unikaj wrzucania monet lub \u015bmieci do \u015brodka.<\/li>\n\n\n\n<li><strong>Pozosta\u0142o\u015bci kaplicy i kwater garnizonowych<\/strong><br>Fundamenty, cz\u0119\u015bciowe \u015bciany, pozosta\u0142o\u015bci tynku i \u015blady mur\u00f3w ujawniaj\u0105 wielowarstwow\u0105 histori\u0119 rekonstrukcji od czas\u00f3w bizantyjskich do weneckich.<\/li>\n\n\n\n<li><strong>Przyroda i mo\u017cliwo\u015bci fotografowania<\/strong><br>Wiosna przynosi endemiczne dzikie kwiaty; w sezonie letnim obszar ten staje si\u0119 korytarzem dla migruj\u0105cych ptak\u00f3w drapie\u017cnych. Wysoko\u015b\u0107 i morska bryza sprawiaj\u0105, \u017ce wspinaczka jest \u0142atwa nawet w cieplejszych miesi\u0105cach.<\/li>\n<\/ul>\n\n\n\n<blockquote class=\"wp-block-quote is-layout-flow wp-block-quote-is-layout-flow\">\n<p><strong>Porady rodzinne:<\/strong> Obiekt nie jest dost\u0119pny dla w\u00f3zk\u00f3w. Zmiany wysoko\u015bci i strome schody wymagaj\u0105 \u015bcis\u0142ego nadzoru nad m\u0142odszymi dzie\u0107mi.<\/p>\n<\/blockquote>\n\n\n\n<hr class=\"wp-block-separator has-alpha-channel-opacity\"\/>\n\n\n\n<h3 class=\"wp-block-heading\">Wst\u0119p i informacje dla odwiedzaj\u0105cych<\/h3>\n\n\n\n<p>Poni\u017cej znajduj\u0105 si\u0119 szacunkowe szczeg\u00f3\u0142y, kt\u00f3re pomog\u0105 zaplanowa\u0107 wizyt\u0119. Aktualne harmonogramy sezonowe i zamkni\u0119cia w dni \u015bwi\u0105teczne mo\u017cna znale\u017a\u0107 w Departamencie Staro\u017cytno\u015bci i Visit Cyprus.<\/p>\n\n\n\n<figure class=\"wp-block-table\"><table class=\"has-fixed-layout\"><thead><tr><th><strong>Kategoria<\/strong><\/th><th><strong>Szczeg\u00f3\u0142y<\/strong><\/th><\/tr><\/thead><tbody><tr><td>Wst\u0119p og\u00f3lny (doro\u015bli)<\/td><td>ok. <strong>$3-4<\/strong><\/td><\/tr><tr><td>Wst\u0119p (dzieci\/koncesje)<\/td><td>ok. <strong>$1-2<\/strong>lub bezp\u0142atnie dla ma\u0142ych dzieci (wiek zale\u017cy od polityki)<\/td><\/tr><tr><td>Wycieczka z przewodnikiem (licencjonowany przewodnik)<\/td><td>z <strong>$60-90<\/strong> dla grupy 1-3 os\u00f3b (na \u017cyczenie)<\/td><\/tr><tr><td>Parking<\/td><td>zazwyczaj <strong>darmowy<\/strong><\/td><\/tr><tr><td>Metody p\u0142atno\u015bci<\/td><td>Ma\u0142e witryny cz\u0119sto akceptuj\u0105 <strong>tylko got\u00f3wka (TRY)<\/strong> - przynie\u015b\u0107 ma\u0142e banknoty<\/td><\/tr><\/tbody><\/table><\/figure>\n\n\n\n<p><strong>Godziny otwarcia (typowe dla obiekt\u00f3w dziedzictwa kulturowego w regionie):<\/strong><\/p>\n\n\n\n<ul class=\"wp-block-list\">\n<li><strong>Sezon letni (ok. kwiecie\u0144-pa\u017adziernik):<\/strong> 09:00-18:00, ostatnie wej\u015bcie <strong>30 minut przed zamkni\u0119ciem<\/strong><\/li>\n\n\n\n<li><strong>Sezon zimowy (listopad-marzec):<\/strong> 09:00-16:00<\/li>\n\n\n\n<li>Tymczasowe zamkni\u0119cia mog\u0105 wyst\u0105pi\u0107 podczas niekorzystnych warunk\u00f3w pogodowych lub \u015bwi\u0105t pa\u0144stwowych - uwzgl\u0119dnij elastyczno\u015b\u0107 w swoim harmonogramie i sprawdzaj aktualizacje dotycz\u0105ce <a href=\"https:\/\/www.visitcyprus.com\" target=\"_blank\" rel=\"noopener\">Odwied\u017a Cypr<\/a> i <a href=\"https:\/\/tourism.gov.ct.tr\" target=\"_blank\" rel=\"noopener\">Ministerstwo Turystyki TRNC<\/a>.<\/li>\n<\/ul>\n\n\n\n<blockquote class=\"wp-block-quote is-layout-flow wp-block-quote-is-layout-flow\">\n<p><strong>Wskaz\u00f3wka:<\/strong> Na tej wysoko\u015bci ch\u0142\u00f3d wiatru mo\u017ce sprawi\u0107, \u017ce b\u0119dzie ch\u0142odniej nawet latem - nale\u017cy zabra\u0107 ze sob\u0105 lekk\u0105 kurtk\u0119 i wod\u0119. Na miejscu nie ma sta\u0142ych kawiarni ani automat\u00f3w z napojami.<\/p>\n<\/blockquote>\n\n\n\n<hr class=\"wp-block-separator has-alpha-channel-opacity\"\/>\n\n\n\n<p><strong>S\u0142owo ko\u0144cowe:<\/strong><br>Zamek Kantara to obowi\u0105zkowe miejsce do zwiedzania, zaledwie kilka minut jazdy od Iskele. Usytuowany wysoko w g\u00f3rach, oferuje uderzaj\u0105ce po\u0142\u0105czenie \u015bredniowiecznych fortyfikacji, zapieraj\u0105cych dech w piersiach widok\u00f3w i spokojnego otoczenia. Niezale\u017cnie od tego, czy planujesz zwiedzanie, czy mieszkasz w pobli\u017cu jako lokalny mieszkaniec, Kantara to satysfakcjonuj\u0105ce i wzbogacaj\u0105ce do\u015bwiadczenie.<\/p>\n\n\n\n<h2 class=\"wp-block-heading\">3. Klasztor \u015bw. Barnaby i Muzeum Ikon<\/h2>\n\n\n\n<figure class=\"wp-block-image size-full\"><img loading=\"lazy\" decoding=\"async\" width=\"900\" height=\"506\" src=\"https:\/\/cypria.homes\/wp-content\/uploads\/2026\/03\/st-barnabas-1_rezultat-edited.webp\" alt=\"10 najwi\u0119kszych atrakcji w Iskele: Co zwiedzi\u0107 dla podr\u00f3\u017cnik\u00f3w i os\u00f3b rozwa\u017caj\u0105cych relokacj\u0119?\" class=\"wp-image-6240\" srcset=\"https:\/\/cypria.homes\/wp-content\/uploads\/2026\/03\/st-barnabas-1_rezultat-edited.webp 900w, https:\/\/cypria.homes\/wp-content\/uploads\/2026\/03\/st-barnabas-1_rezultat-edited-300x169.webp 300w, https:\/\/cypria.homes\/wp-content\/uploads\/2026\/03\/st-barnabas-1_rezultat-edited-18x10.webp 18w\" sizes=\"auto, (max-width: 900px) 100vw, 900px\" \/><\/figure>\n\n\n\n<p>Klasztor \u015bw. Barnaby i przylegaj\u0105ce do niego Muzeum Ikon to jeden z najwa\u017cniejszych duchowych i kulturowych zabytk\u00f3w na wschodnim wybrze\u017cu Cypru P\u00f3\u0142nocnego. Rdze\u0144 kompleksu pochodzi z XVII i XVIII wieku i jest po\u015bwi\u0119cony \u015bw. Barnabie - patronowi Cypru w tradycji prawos\u0142awnej. Obecnie miejsce to s\u0142ynie z kolekcji ikon post-bizantyjskich, znalezisk archeologicznych z pobliskiego Salaminy oraz spokojnego dziedzi\u0144ca klasztornego, kt\u00f3ry zachowuje ponadczasow\u0105, kontemplacyjn\u0105 atmosfer\u0119. Og\u00f3lne informacje dla odwiedzaj\u0105cych dost\u0119pne s\u0105 na oficjalnych stronach internetowych <a href=\"https:\/\/tourism.gov.ct.tr\" target=\"_blank\" rel=\"noopener\">Ministerstwo Turystyki TRNC<\/a>w <a href=\"https:\/\/www.visitcyprus.com\" target=\"_blank\" rel=\"noopener\">Republika Cypryjska Wiceministerstwo Turystyki<\/a>oraz Departament Staro\u017cytno\u015bci Cypru.<br><strong>Najwa\u017cniejsze wydarzenie:<\/strong> Wizyta tutaj \u0142\u0105czy w sobie wzbogacenie kulturowe z blisko\u015bci\u0105 staro\u017cytnych ruin Salaminy i malowniczej nadmorskiej promenady Famagusty.<\/p>\n\n\n\n<blockquote class=\"wp-block-quote is-layout-flow wp-block-quote-is-layout-flow\">\n<p><strong>Uwaga:<\/strong> Jest to aktywne miejsce kultu religijnego dla pielgrzym\u00f3w. <strong>Przestrzeganie zasad ubioru<\/strong> (zakryte ramiona i kolana), <strong>Unikaj fotografowania z lamp\u0105 b\u0142yskow\u0105<\/strong> podczas fotografowania ikon i traktowa\u0107 wszystkie eksponaty z ostro\u017cno\u015bci\u0105.<\/p>\n<\/blockquote>\n\n\n\n<hr class=\"wp-block-separator has-alpha-channel-opacity\"\/>\n\n\n\n<h3 class=\"wp-block-heading\">Lokalizacja i spos\u00f3b dotarcia na miejsce<\/h3>\n\n\n\n<ul class=\"wp-block-list\">\n<li><strong>Geolokalizacja:<\/strong> Znajduje si\u0119 w wiejskiej okolicy na p\u00f3\u0142nocny zach\u00f3d od Famagusty (Gazima\u011fusa), w s\u0105siedztwie parku archeologicznego Salamis. Oddzielna kaplica i gr\u00f3b \u015bw. Barnaby znajduj\u0105 si\u0119 oko\u0142o 100-200 metr\u00f3w na zach\u00f3d od g\u0142\u00f3wnego kompleksu klasztornego.<\/li>\n\n\n\n<li><strong>Odleg\u0142o\u015b\u0107 od Iskele (Trikomo):<\/strong> W przybli\u017ceniu <strong>15-20 km<\/strong>lub <strong>20-25 minut<\/strong> samochodem.<\/li>\n\n\n\n<li><strong>Samochodem:<\/strong> Z Iskele nale\u017cy jecha\u0107 w kierunku Famagusty i kierowa\u0107 si\u0119 znakami \"St. Barnabas Monastery \/ Aziz Barnabas Manast\u0131r\u0131\" w pobli\u017cu zjazdu Salamis. Droga dojazdowa jest utwardzona, cho\u0107 na ostatnim odcinku mog\u0105 pojawi\u0107 si\u0119 w\u0105skie wiejskie uliczki. <strong>Bezp\u0142atny parking<\/strong> jest og\u00f3lnie dost\u0119pny w pobli\u017cu wej\u015bcia.<\/li>\n\n\n\n<li><strong>Transport publiczny:<\/strong> Brak bezpo\u015brednich tras do bram klasztoru. We\u017a minibus dolmu\u015f z Iskele do Famagusty (dworzec g\u0142\u00f3wny lub przystanki centralne), a nast\u0119pnie taks\u00f3wk\u0119 na ostatni przystanek. <strong>10-15 minut<\/strong> noga.<\/li>\n\n\n\n<li><strong>Taks\u00f3wki:<\/strong> Podr\u00f3\u017c w jedn\u0105 stron\u0119 z Iskele kosztuje ok. <strong>$20-30<\/strong>w zale\u017cno\u015bci od pory roku i pory dnia.<\/li>\n\n\n\n<li><strong>Wynajem samochod\u00f3w:<\/strong> Standardowe pojazdy s\u0105 wynajmowane za <strong>$25-40\/dzie\u0144<\/strong>; sprawd\u017a warunki ubezpieczenia u dostawcy us\u0142ug wynajmu.<\/li>\n<\/ul>\n\n\n\n<blockquote class=\"wp-block-quote is-layout-flow wp-block-quote-is-layout-flow\">\n<p><strong>Wskaz\u00f3wka dotycz\u0105ca planowania:<\/strong> Przydziel czas na zatrzymanie si\u0119 w <strong>Gr\u00f3b \u015bwi\u0119tego Barnaby<\/strong>znajduje si\u0119 w oddzielnej kaplicy, do kt\u00f3rej prowadzi wyra\u017anie oznaczona \u015bcie\u017cka z g\u0142\u00f3wnego dziedzi\u0144ca.<\/p>\n<\/blockquote>\n\n\n\n<p><iframe src=\"https:\/\/www.google.com\/maps\/embed?pb=!1m18!1m12!1m3!1d3099.9080868254473!2d33.87779997556802!3d35.17474357275501!2m3!1f0!2f0!3f0!3m2!1i1024!2i768!4f13.1!3m3!1m2!1s0x14dfb5e0b5e93567%3A0x9f7304b7a30b7f63!2sSaint%20Barnabas%20Monastery!5e1!3m2!1sen!2sru!4v1773084325044!5m2!1sen!2sru\" width=\"600\" height=\"450\" style=\"border:0;\" allowfullscreen=\"\" loading=\"lazy\" referrerpolicy=\"no-referrer-when-downgrade\"><\/iframe><\/p>\n\n\n\n<hr class=\"wp-block-separator has-alpha-channel-opacity\"\/>\n\n\n\n<h3 class=\"wp-block-heading\">Najwa\u017cniejsze wydarzenia i punkty zainteresowania<\/h3>\n\n\n\n<ul class=\"wp-block-list\">\n<li><strong>Ko\u015bci\u00f3\u0142 g\u0142\u00f3wny (Katholikon) i dzwonnica<\/strong><br>Centralne sanktuarium odzwierciedla architektur\u0119 post-bizantyjsk\u0105, z dzwonnic\u0105 wznosz\u0105c\u0105 si\u0119 nad dziedzi\u0144cem. Wewn\u0105trz znajduje si\u0119 ikonostas i cz\u0119\u015b\u0107 klasztornej kolekcji ikon.<\/li>\n\n\n\n<li><strong>Muzeum ikon i eksponaty archeologiczne<\/strong><br>Dawne kwatery mnich\u00f3w otaczaj\u0105ce dziedziniec mieszcz\u0105 obecnie galerie muzealne, w tym <strong>XVIII-XIX-wieczne ikony post-bizantyjskie<\/strong>artefakty liturgiczne, fragmenty manuskrypt\u00f3w, ceramika i przedmioty gospodarstwa domowego z lokalnych wykopalisk.<\/li>\n\n\n\n<li><strong>Kaplica i gr\u00f3b \u015bwi\u0119tego Barnaby<\/strong><br>Skromna kaplica kryje wykut\u0105 w skale komor\u0119, kt\u00f3ra uwa\u017cana jest za miejsce spoczynku aposto\u0142a. Odwiedzaj\u0105cy cz\u0119sto szukaj\u0105 tego miejsca ze wzgl\u0119du na jego spokojn\u0105 atmosfer\u0119 i mo\u017cliwo\u015b\u0107 prywatnej refleksji.<\/li>\n\n\n\n<li><strong>Dziedziniec klasztorny i chodnik cyprysowy<\/strong><br>Spokojny dziedziniec zacieniony wysokimi cyprysami oferuje fontanny do picia i ciche zak\u0105tki do odpoczynku - idealna przerwa w \u015brodku wycieczki.<\/li>\n\n\n\n<li><strong>Opcja po\u0142\u0105czonego planu podr\u00f3\u017cy<\/strong><br>Po\u0142\u0105cz swoj\u0105 wizyt\u0119 z <strong>staro\u017cytne miasto Salamina<\/strong> i wycieczk\u0119 do zabytkowego starego miasta w Famagu\u015bcie. Aktualne wskaz\u00f3wki dla odwiedzaj\u0105cych s\u0105 regularnie publikowane na stronie internetowej Ministerstwa Turystyki TRNC.<\/li>\n<\/ul>\n\n\n\n<blockquote class=\"wp-block-quote is-layout-flow wp-block-quote-is-layout-flow\">\n<p><strong>Uwaga dla rodzin:<\/strong> Na terenie obiektu znajduj\u0105 si\u0119 schody i nier\u00f3wne progi - w\u00f3zki dzieci\u0119ce mog\u0105 nie by\u0107 odpowiednie. Warto rozwa\u017cy\u0107 zabranie noside\u0142ka dla ma\u0142ych dzieci.<\/p>\n<\/blockquote>\n\n\n\n<hr class=\"wp-block-separator has-alpha-channel-opacity\"\/>\n\n\n\n<h3 class=\"wp-block-heading\">Godziny przyj\u0119\u0107 i odwiedzin<\/h3>\n\n\n\n<p>Poni\u017cej znajduje si\u0119 przegl\u0105d typowych parametr\u00f3w odwiedzin. Rzeczywiste godziny i op\u0142aty mog\u0105 si\u0119 r\u00f3\u017cni\u0107 w zale\u017cno\u015bci od sezonu lub decyzji w\u0142adz lokalnych. Aby uzyska\u0107 najnowsze informacje, nale\u017cy skontaktowa\u0107 si\u0119 z Ministerstwem Turystyki TRNC lub Visit Cyprus.<\/p>\n\n\n\n<figure class=\"wp-block-table\"><table class=\"has-fixed-layout\"><thead><tr><th><strong>Kategoria<\/strong><\/th><th><strong>Szczeg\u00f3\u0142y<\/strong><\/th><\/tr><\/thead><tbody><tr><td><strong>Wst\u0119p dla doros\u0142ych<\/strong><\/td><td><strong>$3-4<\/strong><\/td><\/tr><tr><td><strong>Dzieci\/koncesja<\/strong><\/td><td><strong>$1-2<\/strong>lub bezp\u0142atnie dla ma\u0142ych dzieci (ograniczenia wiekowe s\u0105 r\u00f3\u017cne)<\/td><\/tr><tr><td><strong>Wycieczka z przewodnikiem (licencjonowana)<\/strong><\/td><td><strong>$50-80<\/strong> za grup\u0119 (1-5 os\u00f3b, wymagana wcze\u015bniejsza rezerwacja)<\/td><\/tr><tr><td><strong>Parking<\/strong><\/td><td>Zazwyczaj <strong>darmowy<\/strong><\/td><\/tr><tr><td><strong>Metody p\u0142atno\u015bci<\/strong><\/td><td>Zazwyczaj <strong>got\u00f3wka (TRY)<\/strong>preferowane ma\u0142e nomina\u0142y<\/td><\/tr><\/tbody><\/table><\/figure>\n\n\n\n<p><strong>Typowe godziny otwarcia muze\u00f3w i klasztor\u00f3w w regionie:<\/strong><\/p>\n\n\n\n<ul class=\"wp-block-list\">\n<li><strong>Sezon letni (ok. kwiecie\u0144-pa\u017adziernik):<\/strong> 09:00-18:00, ostatnie wej\u015bcie <strong>30 minut przed zamkni\u0119ciem<\/strong><\/li>\n\n\n\n<li><strong>Sezon zimowy (listopad-marzec):<\/strong> 09:00-16:00<\/li>\n\n\n\n<li><strong>Dni zamkni\u0119te:<\/strong> Cz\u0119sto <strong>zamkni\u0119te w poniedzia\u0142ki<\/strong> (potwierd\u017a przed wizyt\u0105)<\/li>\n\n\n\n<li><strong>Pogoda i \u015bwi\u0119ta:<\/strong> Tymczasowe zamkni\u0119cia s\u0105 mo\u017cliwe w przypadku niekorzystnych warunk\u00f3w lub \u015bwi\u0105t pa\u0144stwowych.<\/li>\n<\/ul>\n\n\n\n<blockquote class=\"wp-block-quote is-layout-flow wp-block-quote-is-layout-flow\">\n<p><strong>Kluczowa wskaz\u00f3wka dla odwiedzaj\u0105cych:<\/strong> Dla niespiesznego do\u015bwiadczenia - zw\u0142aszcza je\u015bli planujesz dog\u0142\u0119bnie obejrze\u0107 ikony lub odwiedzi\u0107 Grobowiec - od\u0142\u00f3\u017c na bok <strong>60-90 minut<\/strong>. W szczycie sezonu warto przyjecha\u0107 wcze\u015bniej, aby unikn\u0105\u0107 t\u0142um\u00f3w i cieszy\u0107 si\u0119 obiektem we wzgl\u0119dnym spokoju.<\/p>\n<\/blockquote>\n\n\n\n<hr class=\"wp-block-separator has-alpha-channel-opacity\"\/>\n\n\n\n<p>Klasztor \u015bw. Barnaby i Muzeum Ikon to kwintesencja kultury dla odwiedzaj\u0105cych przebywaj\u0105cych w Iskele lub w jego pobli\u017cu. Oferuje dogodny dost\u0119p, wnikliw\u0105 wystaw\u0119 i spokojne odosobnienie w chrze\u015bcija\u0144skim dziedzictwie Cypru. Niezale\u017cnie od tego, czy pod\u0105\u017casz napi\u0119tym planem podr\u00f3\u017cy, czy te\u017c zwiedzasz w spokojnym tempie, ten przystanek wzbogaci twoje zrozumienie duchowej i historycznej g\u0142\u0119bi regionu.<\/p>\n\n\n\n<h2 class=\"wp-block-heading\">4. Port i przysta\u0144 Iskele<\/h2>\n\n\n\n<figure class=\"wp-block-image size-large\"><img loading=\"lazy\" decoding=\"async\" width=\"1024\" height=\"512\" src=\"https:\/\/cypria.homes\/wp-content\/uploads\/2026\/03\/landingpopupimg-2_rezultat-1024x512.webp\" alt=\"10 najwi\u0119kszych atrakcji w Iskele: Co zwiedzi\u0107 dla podr\u00f3\u017cnik\u00f3w i os\u00f3b rozwa\u017caj\u0105cych relokacj\u0119?\" class=\"wp-image-6241\" srcset=\"https:\/\/cypria.homes\/wp-content\/uploads\/2026\/03\/landingpopupimg-2_rezultat-1024x512.webp 1024w, https:\/\/cypria.homes\/wp-content\/uploads\/2026\/03\/landingpopupimg-2_rezultat-300x150.webp 300w, https:\/\/cypria.homes\/wp-content\/uploads\/2026\/03\/landingpopupimg-2_rezultat-18x9.webp 18w, https:\/\/cypria.homes\/wp-content\/uploads\/2026\/03\/landingpopupimg-2_rezultat.webp 1200w\" sizes=\"auto, (max-width: 1024px) 100vw, 1024px\" \/><\/figure>\n\n\n\n<p>Port i przysta\u0144 Iskele, po\u0142o\u017cone w rejonie Bo\u011faz w gminie Iskele, to urocza nadmorska enklawa, kt\u00f3ra odzwierciedla codzienny morski rytm Cypru P\u00f3\u0142nocnego. Tutaj \u0142odzie rybackie ko\u0142ysz\u0105 si\u0119 na kotwicy, ma\u0142e statki wycieczkowe ustawiaj\u0105 si\u0119 wzd\u0142u\u017c molo, a nadbrze\u017cna promenada t\u0119tni kawiarniami, nadmorskimi spacerami i odg\u0142osami lokalnego \u017cycia. Aktualne informacje na temat planowania podr\u00f3\u017cy i przepis\u00f3w dotycz\u0105cych dost\u0119pu do wybrze\u017ca mo\u017cna znale\u017a\u0107 w oficjalnych \u017ar\u00f3d\u0142ach rz\u0105dowych, takich jak Ministerstwo Turystyki TRNC i Visit Cyprus.<br><strong>Kluczowa zaleta:<\/strong> Kompaktowy port w po\u0142\u0105czeniu z dobrze utrzyman\u0105 promenad\u0105 sprawia, \u017ce jest to wygodne i relaksuj\u0105ce miejsce dla rodzin i ka\u017cdego, kto jest ciekawy lokalnego stylu \u017cycia.<\/p>\n\n\n\n<blockquote class=\"wp-block-quote is-layout-flow wp-block-quote-is-layout-flow\">\n<p><strong>Wa\u017cne:<\/strong> Bo\u011faz Harbor to przede wszystkim <strong>schronisko w\u0119dkarskie<\/strong>nie jest w pe\u0142ni wyposa\u017con\u0105 przystani\u0105 jachtow\u0105. Miejsca do cumowania dla go\u015bci s\u0105 ograniczone, a us\u0142ugi podstawowe. Je\u015bli planujesz zacumowa\u0107 na noc, potwierd\u017a dost\u0119pno\u015b\u0107 miejsca do cumowania bezpo\u015brednio z personelem na miejscu z wyprzedzeniem.<\/p>\n<\/blockquote>\n\n\n\n<hr class=\"wp-block-separator has-alpha-channel-opacity\"\/>\n\n\n\n<h3 class=\"wp-block-heading\">Lokalizacja i spos\u00f3b dotarcia na miejsce<\/h3>\n\n\n\n<ul class=\"wp-block-list\">\n<li><strong>Obszar:<\/strong> Strefa przybrze\u017cna Bo\u011faz (Bo\u011faz Liman\u0131), gmina Iskele, na wschodnim wybrze\u017cu Cypru P\u00f3\u0142nocnego.<\/li>\n\n\n\n<li><strong>Odleg\u0142o\u015bci:<\/strong><br>- Z centrum Iskele (Trikomo): <strong>\u224810-12 km<\/strong>, ok. <strong>15-20 minut<\/strong> samochodem<br>- Z Famagusty: <strong>\u224825-28 km<\/strong>, ok. <strong>30-35 minut<\/strong> samochodem<\/li>\n\n\n\n<li><strong>Samochodem:<\/strong> Jed\u017a nadmorsk\u0105 drog\u0105 na wsch\u00f3d od Iskele i pod\u0105\u017caj za znakami \"Bo\u011faz\" lub \"Harbor\". Parking jest zazwyczaj <strong>darmowy<\/strong> wzd\u0142u\u017c nabrze\u017ca.<\/li>\n\n\n\n<li><strong>Transport publiczny:<\/strong> Minibusy Dolmu\u015f regularnie kursuj\u0105 wzd\u0142u\u017c nadmorskiego korytarza Iskele-Bo\u011faz w ci\u0105gu dnia. Z przystanku autobusowego jest <strong>3-7 minut spacerem<\/strong> do brzegu wody.<\/li>\n\n\n\n<li><strong>Taks\u00f3wka:<\/strong> Przejazd z Iskele kosztuje ok. <strong>$10-15<\/strong> w jedn\u0105 stron\u0119, w zale\u017cno\u015bci od pory dnia i pory roku.<\/li>\n\n\n\n<li><strong>Dla kapitan\u00f3w:<\/strong> Wejd\u017a do portu od po\u0142udniowego wschodu. Przed wyp\u0142yni\u0119ciem nale\u017cy sprawdzi\u0107 kana\u0142 i prognoz\u0119 pogody. Visit Cyprus zapewnia podstawowe wskaz\u00f3wki dotycz\u0105ce bezpiecze\u0144stwa morskiego i przybrze\u017cnego.<\/li>\n<\/ul>\n\n\n\n<blockquote class=\"wp-block-quote is-layout-flow wp-block-quote-is-layout-flow\">\n<p><strong>Wskaz\u00f3wka dotycz\u0105ca bezpiecze\u0144stwa:<\/strong> Mola i falochrony mog\u0105 sta\u0107 si\u0119 \u015bliskie z powodu mg\u0142y morskiej i bryzy. Zu\u017cycie <strong>obuwie antypo\u015blizgowe<\/strong> i zapewni\u0107 dzieciom nadz\u00f3r w pobli\u017cu wody.<\/p>\n<\/blockquote>\n\n\n\n<hr class=\"wp-block-separator has-alpha-channel-opacity\"\/>\n\n\n\n<h3 class=\"wp-block-heading\">Co warto zobaczy\u0107 i zrobi\u0107<\/h3>\n\n\n\n<ul class=\"wp-block-list\">\n<li><strong>Promenada nadbrze\u017cna i przysta\u0144 rybacka<\/strong><br>Ma\u0142y, klimatyczny port usiany \u0142odziami rybackimi i sieciami susz\u0105cymi si\u0119 wzd\u0142u\u017c brzegu. Poranne godziny cz\u0119sto przynosz\u0105 wgl\u0105d w roz\u0142adunek dziennego po\u0142owu.<\/li>\n\n\n\n<li><strong>Tawerny z owocami morza i kawiarnie na nabrze\u017cu<\/strong><br>Restauracje wzd\u0142u\u017c frontu serwuj\u0105 sezonowe ryby z grilla i tradycyjne p\u00f3\u0142miski meze. Menu zazwyczaj wskazuje rodzaj ryby i styl gotowania.<\/li>\n\n\n\n<li><strong>Rejsy rekreacyjne \u0142odzi\u0105 (sezonowe)<\/strong><br>Kr\u00f3tkie rejsy przybrze\u017cne (1-2 godziny) oferuj\u0105 spokojny, przyjazny dla rodzin spos\u00f3b na cieszenie si\u0119 morzem.<\/li>\n\n\n\n<li><strong>Wieczorna promenada<\/strong><br>Delikatne o\u015bwietlenie, szum fal i zachody s\u0142o\u0144ca nad wschodnim wybrze\u017cem tworz\u0105 idealne warunki do relaksu po ciep\u0142ym dniu.<\/li>\n\n\n\n<li><strong>Dla os\u00f3b poszukuj\u0105cych relokacji<\/strong><br>W okolicy znajduje si\u0119 niezb\u0119dna codzienna infrastruktura - banki, bankomaty, minimarkety i apteki - wszystko w odleg\u0142o\u015bci spaceru. Jest to wyra\u017any dow\u00f3d na to, \u017ce <strong>jako\u015b\u0107 \u017cycia i codzienna wygoda<\/strong> w strefie przybrze\u017cnej Iskele.<\/li>\n<\/ul>\n\n\n\n<hr class=\"wp-block-separator has-alpha-channel-opacity\"\/>\n\n\n\n<h3 class=\"wp-block-heading\">Udogodnienia i us\u0142ugi przystani<\/h3>\n\n\n\n<figure class=\"wp-block-table\"><table class=\"has-fixed-layout\"><thead><tr><th><strong>Cecha<\/strong><\/th><th><strong>Szczeg\u00f3\u0142y<\/strong><\/th><\/tr><\/thead><tbody><tr><td><strong>Typ portu<\/strong><\/td><td>Wiata w\u0119dkarska z ograniczon\u0105 liczb\u0105 miejsc do cumowania dla go\u015bci<\/td><\/tr><tr><td><strong>Cumowanie<\/strong><\/td><td>Dokowanie z rufy na burt\u0119 lub z burty na burt\u0119; pomoc dost\u0119pna w zale\u017cno\u015bci od obecno\u015bci personelu<\/td><\/tr><tr><td><strong>G\u0142\u0119biny<\/strong><\/td><td>Oko\u0142o 2-4 metr\u00f3w w pobli\u017cu pomost\u00f3w; p\u0142ytsze przy brzegach z powodu mu\u0142u<\/td><\/tr><tr><td><strong>Woda\/energia elektryczna<\/strong><\/td><td>Dost\u0119pne w wybranych punktach; potwierd\u017a dost\u0119pno\u015b\u0107 na miejscu<\/td><\/tr><tr><td><strong>Paliwo<\/strong><\/td><td>Zazwyczaj <strong>na \u017c\u0105danie<\/strong> (za po\u015brednictwem kanistr\u00f3w lub dostawy); brak stacji paliw z pe\u0142nym zakresem us\u0142ug<\/td><\/tr><tr><td><strong>Utylizacja odpad\u00f3w<\/strong><\/td><td>Podstawowe pojemniki przy brzegu; ograniczony dost\u0119p do specjalistycznych us\u0142ug zwi\u0105zanych z odpadami<\/td><\/tr><tr><td><strong>Najbli\u017csza przysta\u0144 z pe\u0142nym zakresem us\u0142ug<\/strong><\/td><td>Przysta\u0144 Karpaz Gate (dalej na wsch\u00f3d), idealna do konserwacji i d\u0142ugoterminowego dokowania.<\/td><\/tr><\/tbody><\/table><\/figure>\n\n\n\n<blockquote class=\"wp-block-quote is-layout-flow wp-block-quote-is-layout-flow\">\n<p><strong>Uwaga kapitana:<\/strong> P\u00f3\u0142nocno-wschodnie wiatry mog\u0105 powodowa\u0107 <strong>fale i przyp\u0142ywy przy wej\u015bciu<\/strong>. Podej\u015bcie nale\u017cy zaplanowa\u0107 w ci\u0105gu dnia i sprawdzi\u0107 pogod\u0119 z wyprzedzeniem za po\u015brednictwem Ministerstwa Turystyki TRNC lub Visit Cyprus.<\/p>\n<\/blockquote>\n\n\n\n<hr class=\"wp-block-separator has-alpha-channel-opacity\"\/>\n\n\n\n<h3 class=\"wp-block-heading\">Koszty i godziny pracy<\/h3>\n\n\n\n<ul class=\"wp-block-list\">\n<li><strong>Dost\u0119p do promenady i pomost\u00f3w:<\/strong> <strong>Darmowy<\/strong><\/li>\n\n\n\n<li><strong>Wycieczki \u0142odzi\u0105 (sezonowo):<\/strong> <strong>$20-30 na osob\u0119<\/strong> przez 1-2 godziny; <strong>$120-180 na \u0142\u00f3d\u017a<\/strong> dla prywatnych 2-3-godzinnych czarter\u00f3w (pojemno\u015b\u0107 i trasy r\u00f3\u017cni\u0105 si\u0119 - pytaj lokalnie)<\/li>\n\n\n\n<li><strong>Nocne dokowanie ma\u0142ych jednostek (w miar\u0119 dost\u0119pno\u015bci miejsca):<\/strong> Oko\u0142o. <strong>$10-25\/noc<\/strong> dla \u0142odzi 8-12 m; zazwyczaj p\u0142atno\u015bci got\u00f3wkowe (TRY)<\/li>\n\n\n\n<li><strong>Parking:<\/strong> Zazwyczaj <strong>darmowy<\/strong> wzd\u0142u\u017c nabrze\u017ca<\/li>\n\n\n\n<li><strong>Restauracja z owocami morza:<\/strong> Dania g\u0142\u00f3wne <strong>$12-20<\/strong>p\u00f3\u0142miski meze <strong>$8-12<\/strong> na osob\u0119, \u015bwie\u017ce ryby wed\u0142ug wagi <strong>$18-28\/kg<\/strong>w zale\u017cno\u015bci od pory roku<\/li>\n<\/ul>\n\n\n\n<p><strong>Godziny pracy:<\/strong><\/p>\n\n\n\n<ul class=\"wp-block-list\">\n<li><strong>Promenada i pomieszczenia og\u00f3lnodost\u0119pne:<\/strong> Otwarty <strong>24\/7<\/strong><\/li>\n\n\n\n<li><strong>Kawiarnie\/restauracje:<\/strong> Zazwyczaj <strong>08:00-23:00<\/strong> latem; do <strong>22:00<\/strong> poza sezonem (godziny mog\u0105 si\u0119 r\u00f3\u017cni\u0107 w zale\u017cno\u015bci od obiektu)<\/li>\n\n\n\n<li><strong>Aktywno\u015b\u0107 na rynku rybnym:<\/strong> Wczesne poranki <strong>07:00-09:00<\/strong><\/li>\n\n\n\n<li><strong>Administracja portem (op\u0142aty i zapytania):<\/strong> Zazwyczaj <strong>dni powszednie w ci\u0105gu dnia<\/strong>; zapytaj lokalnie<\/li>\n<\/ul>\n\n\n\n<blockquote class=\"wp-block-quote is-layout-flow wp-block-quote-is-layout-flow\">\n<p><strong>Wskaz\u00f3wka:<\/strong> Szczytowe miesi\u0105ce letnie (lipiec-sierpie\u0144) przyci\u0105gaj\u0105 du\u017ce t\u0142umy.<strong>Rezerwacja stolik\u00f3w w nadmorskich restauracjach<\/strong> z wyprzedzeniem i <strong>przyby\u0107 przed zachodem s\u0142o\u0144ca<\/strong> aby zabezpieczy\u0107 wygodny parking w pobli\u017cu przystani.<\/p>\n<\/blockquote>\n\n\n\n<hr class=\"wp-block-separator has-alpha-channel-opacity\"\/>\n\n\n\n<p>Iskele Harbor and Marina oferuje spokojne i autentyczne nadmorskie do\u015bwiadczenie - idealne na wieczorne spacery, \u015bwie\u017ce owoce morza i ch\u0142oni\u0119cie nadmorskiego uroku regionu. Dla turyst\u00f3w jest to \u017cywa migawka lokalnego \u017cycia morskiego; dla tych, kt\u00f3rzy rozwa\u017caj\u0105 relokacj\u0119, przedstawia jasny i zach\u0119caj\u0105cy obraz <strong>codzienna infrastruktura i mo\u017cliwo\u015bci zwi\u0105zane ze stylem \u017cycia<\/strong> w gminie Iskele.<\/p>\n\n\n\n<h2 class=\"wp-block-heading\">5. Promenada Long Beach<\/h2>\n\n\n\n<figure class=\"wp-block-image size-full\"><img loading=\"lazy\" decoding=\"async\" width=\"901\" height=\"507\" src=\"https:\/\/cypria.homes\/wp-content\/uploads\/2026\/03\/imgonline-com-ua-resize-0fnsdr05quf7r-1024x682_rezultat-edited.webp\" alt=\"10 najwi\u0119kszych atrakcji w Iskele: Co zwiedzi\u0107 dla podr\u00f3\u017cnik\u00f3w i os\u00f3b rozwa\u017caj\u0105cych relokacj\u0119?\" class=\"wp-image-6244\" srcset=\"https:\/\/cypria.homes\/wp-content\/uploads\/2026\/03\/imgonline-com-ua-resize-0fnsdr05quf7r-1024x682_rezultat-edited.webp 901w, https:\/\/cypria.homes\/wp-content\/uploads\/2026\/03\/imgonline-com-ua-resize-0fnsdr05quf7r-1024x682_rezultat-edited-300x169.webp 300w, https:\/\/cypria.homes\/wp-content\/uploads\/2026\/03\/imgonline-com-ua-resize-0fnsdr05quf7r-1024x682_rezultat-edited-18x10.webp 18w\" sizes=\"auto, (max-width: 901px) 100vw, 901px\" \/><\/figure>\n\n\n\n<p>Long Beach Promenade to najwa\u017cniejsza nadmorska promenada w Iskele, oferuj\u0105ca ci\u0105g\u0142y odcinek piaszczystej pla\u017cy, \u015bcie\u017cki rowerowe, place zabaw dla dzieci oraz sezonowe udogodnienia zar\u00f3wno do relaksu, jak i uprawiania sportu. Jest to ulubione miejsce na poranne joggingi, rodzinne wycieczki i p\u0142ywanie dzi\u0119ki \u0142agodnie opadaj\u0105cej linii brzegowej. Aktualne wytyczne dla odwiedzaj\u0105cych i zalecenia sezonowe mo\u017cna znale\u017a\u0107 na oficjalnych platformach Ministerstwa Turystyki TRNC i Visit Cyprus.<br><strong>Najwa\u017cniejsze wydarzenie:<\/strong> Rzadkie po\u0142\u0105czenie naturalnego wybrze\u017ca Morza \u015ar\u00f3dziemnego i dobrze rozwini\u0119tej infrastruktury miejskiej, a wszystko to w odleg\u0142o\u015bci spaceru od pobliskich dzielnic mieszkalnych.<\/p>\n\n\n\n<blockquote class=\"wp-block-quote is-layout-flow wp-block-quote-is-layout-flow\">\n<p><strong>Dobrze wiedzie\u0107:<\/strong> Cz\u0119\u015b\u0107 promenady i pla\u017cy jest dost\u0119pna dla os\u00f3b o ograniczonej sprawno\u015bci ruchowej. <strong>Podjazdy, nawierzchnia dotykowa<\/strong> na skrzy\u017cowaniach, a szerokie drewniane chodniki prowadz\u0105ce do wody s\u0105 dost\u0119pne wzd\u0142u\u017c centralnych odcink\u00f3w.<\/p>\n<\/blockquote>\n\n\n\n<hr class=\"wp-block-separator has-alpha-channel-opacity\"\/>\n\n\n\n<h3 class=\"wp-block-heading\">Lokalizacja i spos\u00f3b dotarcia na miejsce<\/h3>\n\n\n\n<ul class=\"wp-block-list\">\n<li><strong>Geolokalizacja:<\/strong> Po\u0142udniowa strefa przybrze\u017cna Iskele (Trikomo), Cypr Wschodni, wzd\u0142u\u017c Zatoki Famagusta<\/li>\n\n\n\n<li><strong>Odleg\u0142o\u015bci:<\/strong><br>- Z centrum Iskele: <strong>\u22483-6 km<\/strong>, ok. <strong>10-15 minut<\/strong> samochodem<br>- Z Famagusty: <strong>\u224812-15 km<\/strong>oko\u0142o <strong>15-20 minut<\/strong> samochodem<\/li>\n\n\n\n<li><strong>Samochodem:<\/strong> Kieruj si\u0119 znakami \"Iskele Long Beach \/ \u00c7ay\u0131rova - Mersinlik\". Wej\u015bcia na pla\u017c\u0119 s\u0105 wyra\u017anie oznaczone i maj\u0105 przylegaj\u0105cy publiczny parking.<\/li>\n\n\n\n<li><strong>Transport publiczny:<\/strong> Minibusy Dolmu\u015f na trasie Iskele-Famagusta zatrzymuj\u0105 si\u0119 wzd\u0142u\u017c nadmorskiej drogi; pla\u017ca znajduje si\u0119 w pobli\u017cu <strong>3-10 minut spacerem<\/strong> od najbli\u017cszych przystank\u00f3w.<\/li>\n\n\n\n<li><strong>Taks\u00f3wka:<\/strong> Oko\u0142o. <strong>$6-10<\/strong> z Iskele, w zale\u017cno\u015bci od punkt\u00f3w odbioru i dowozu.<\/li>\n\n\n\n<li><strong>Parking:<\/strong> <strong>Darmowy<\/strong> wzd\u0142u\u017c wi\u0119kszo\u015bci promenady; niekt\u00f3re kluby pla\u017cowe prowadz\u0105 prywatne dzia\u0142ki w pobli\u017cu.<\/li>\n<\/ul>\n\n\n\n<blockquote class=\"wp-block-quote is-layout-flow wp-block-quote-is-layout-flow\">\n<p><strong>Wskaz\u00f3wka dotycz\u0105ca nawigacji:<\/strong> Centralnym punktem orientacyjnym jest obszar wok\u00f3\u0142 molo i amfiteatru na \u015bwie\u017cym powietrzu. Stamt\u0105d promenada rozci\u0105ga si\u0119 na kilka kilometr\u00f3w w obu kierunkach.<\/p>\n<\/blockquote>\n\n\n\n<p><iframe src=\"https:\/\/www.google.com\/maps\/embed?pb=!1m18!1m12!1m3!1d24777.283879204697!2d33.87863854320651!3d35.24673785472333!2m3!1f0!2f0!3f0!3m2!1i1024!2i768!4f13.1!3m3!1m2!1s0x14dfb1428ce5747b%3A0x4f2d2d868450b220!2sLong%20Beach%2C%20Yeni%20%C4%B0skele!5e1!3m2!1sen!2sru!4v1773085246084!5m2!1sen!2sru\" width=\"600\" height=\"450\" style=\"border:0;\" allowfullscreen=\"\" loading=\"lazy\" referrerpolicy=\"no-referrer-when-downgrade\"><\/iframe><\/p>\n\n\n\n<h3 class=\"wp-block-heading\">Co warto zobaczy\u0107 i zrobi\u0107<\/h3>\n\n\n\n<ul class=\"wp-block-list\">\n<li><strong>\u015acie\u017cki dla pieszych i rowerzyst\u00f3w<\/strong><br>Szeroki deptak z wydzielonymi pasami wyra\u017anie oddziela rowerzyst\u00f3w od spacerowicz\u00f3w. Wieczorne o\u015bwietlenie zapewnia bezpieczne i przyjemne spacery po zachodzie s\u0142o\u0144ca.<\/li>\n\n\n\n<li><strong>Piaszczysta pla\u017ca z p\u0142ytkim wej\u015bciem<\/strong><br>D\u0142ugi odcinek p\u0142ytkiej linii brzegowej jest idealny dla rodzin. Prysznice, przebieralnie i wypo\u017cyczalnie le\u017cak\u00f3w s\u0105 dost\u0119pne w centralnych sekcjach.<\/li>\n\n\n\n<li><strong>Place zabaw i strefy sportowe<\/strong><br>Place zabaw dla dzieci, sprz\u0119t fitness na \u015bwie\u017cym powietrzu oraz boiska do mini pi\u0142ki no\u017cnej i koszyk\u00f3wki zapewniaj\u0105 miejsca do aktywnego wypoczynku.<\/li>\n\n\n\n<li><strong>Kawiarnie pla\u017cowe i bary sezonowe<\/strong><br>Ma\u0142e kawiarnie wzd\u0142u\u017c promenady oferuj\u0105 przek\u0105ski, zimne napoje i kaw\u0119. Niekt\u00f3re z nich dzia\u0142aj\u0105 przez ca\u0142y rok, a poza sezonem w skr\u00f3conych godzinach.<\/li>\n\n\n\n<li><strong>Miejsca na zdj\u0119cia i widoki zachodu s\u0142o\u0144ca<\/strong><br>Molo, malownicze balustrady i amfiteatr to popularne miejsca do fotografowania wschod\u00f3w i zachod\u00f3w s\u0142o\u0144ca nad zatok\u0105.<\/li>\n<\/ul>\n\n\n\n<blockquote class=\"wp-block-quote is-layout-flow wp-block-quote-is-layout-flow\">\n<p><strong>Przypomnienie o bezpiecze\u0144stwie w wodzie:<\/strong> Zawsze zwracaj uwag\u0119 na <strong>sygna\u0142y flagowe<\/strong> i znaczniki boi. Podstawowe wytyczne dotycz\u0105ce bezpiecze\u0144stwa na pla\u017cy i w wodzie znajduj\u0105 si\u0119 na stronie <a href=\"https:\/\/www.visitcyprus.com\/\" target=\"_blank\" rel=\"noopener\">Odwied\u017a Cypr<\/a>.<\/p>\n<\/blockquote>\n\n\n\n<hr class=\"wp-block-separator has-alpha-channel-opacity\"\/>\n\n\n\n<h3 class=\"wp-block-heading\">Infrastruktura i udogodnienia<\/h3>\n\n\n\n<figure class=\"wp-block-table\"><table class=\"has-fixed-layout\"><thead><tr><th><strong>Cecha<\/strong><\/th><th><strong>Szczeg\u00f3\u0142y<\/strong><\/th><\/tr><\/thead><tbody><tr><td><strong>Nawierzchnia promenady<\/strong><\/td><td>Deptak\/chodniki dla pieszych z oznaczonymi \u015bcie\u017ckami rowerowymi<\/td><\/tr><tr><td><strong>Dost\u0119pno\u015b\u0107<\/strong><\/td><td>Podjazdy na pla\u017c\u0119, promenady, wyznaczony parking dla os\u00f3b niepe\u0142nosprawnych<\/td><\/tr><tr><td><strong>Urz\u0105dzenia sanitarne<\/strong><\/td><td>Sezonowe prysznice, przebieralnie i toalety w kluczowych punktach dost\u0119pu<\/td><\/tr><tr><td><strong>Ratownicy<\/strong><\/td><td>Dy\u017cury w sezonie w strefach centralnych, tylko w ci\u0105gu dnia<\/td><\/tr><tr><td><strong>Dzia\u0142ania<\/strong><\/td><td>Wypo\u017cyczalnia rower\u00f3w\/skuter\u00f3w, SUP\/kajaki (sezonowo)<\/td><\/tr><tr><td><strong>Jedzenie i napoje<\/strong><\/td><td>Kawiarnie, stoiska z przek\u0105skami i kioski oferuj\u0105ce napoje i lekkie przek\u0105ski<\/td><\/tr><\/tbody><\/table><\/figure>\n\n\n\n<blockquote class=\"wp-block-quote is-layout-flow wp-block-quote-is-layout-flow\">\n<p><strong>Kluczowa wskaz\u00f3wka:<\/strong> Cie\u0144 jest ograniczony w po\u0142udnie. Warto zabra\u0107 ze sob\u0105 nakrycie g\u0142owy, krem z filtrem i wod\u0119 - zw\u0142aszcza je\u015bli uprawiasz sporty na \u015bwie\u017cym powietrzu lub je\u017adzisz na rowerze.<\/p>\n<\/blockquote>\n\n\n\n<hr class=\"wp-block-separator has-alpha-channel-opacity\"\/>\n\n\n\n<h3 class=\"wp-block-heading\">Ceny i godziny<\/h3>\n\n\n\n<ul class=\"wp-block-list\">\n<li><strong>Dost\u0119p do promenady i publicznych odcink\u00f3w pla\u017cy:<\/strong> <strong>Darmowy<\/strong><\/li>\n\n\n\n<li><strong>Wypo\u017cyczalnia le\u017cak\u00f3w\/parasoli (obszary centralne):<\/strong> Zestaw 2 le\u017cak\u00f3w + parasol - <strong>$10-18<\/strong>; wynajem indywidualny: le\u017cak <strong>$4-7<\/strong>parasol <strong>$4-6<\/strong><\/li>\n\n\n\n<li><strong>Wypo\u017cyczalnia rower\u00f3w:<\/strong> Rowery miejskie\/trekkingowe - <strong>$6-10\/godz.<\/strong> lub <strong>$18-25\/dzie\u0144<\/strong>hulajnogi elektryczne - <strong>$10-15\/godz.<\/strong><\/li>\n\n\n\n<li><strong>Aktywno\u015bci wodne (sezonowo):<\/strong> SUP\/kajak - <strong>$12-25\/godz.<\/strong><\/li>\n\n\n\n<li><strong>Parking:<\/strong> Publiczny - <strong>darmowy<\/strong>prywatne dzia\u0142ki w pobli\u017cu klub\u00f3w pla\u017cowych - <strong>$2-4<\/strong><\/li>\n\n\n\n<li><strong>Kawiarnie\/napoje:<\/strong> 0,5 l wody - <strong>$1-2<\/strong>kawa - <strong>$2-4<\/strong>kanapki - <strong>$5-8<\/strong><\/li>\n<\/ul>\n\n\n\n<p><strong>Godziny pracy:<\/strong><\/p>\n\n\n\n<ul class=\"wp-block-list\">\n<li><strong>Promenada i pla\u017ca:<\/strong> Otwarty <strong>24\/7<\/strong> (dla bezpiecze\u0144stwa zaleca si\u0119 wizyty w ci\u0105gu dnia)<\/li>\n\n\n\n<li><strong>Stanowiska ratownik\u00f3w (szczyt sezonu):<\/strong> Zazwyczaj <strong>09:00-18:00<\/strong><\/li>\n\n\n\n<li><strong>Udogodnienia (prysznice, wypo\u017cyczalnie, kawiarnie):<\/strong> Harmonogram letni od maja do pa\u017adziernika; niekt\u00f3re us\u0142ugi s\u0105 dost\u0119pne <strong>przez ca\u0142y rok<\/strong> ze zmniejszon\u0105 liczb\u0105 godzin poza sezonem<\/li>\n\n\n\n<li><strong>Sezon p\u0142ywacki:<\/strong> Og\u00f3lnie <strong>Maj-pa\u017adziernik<\/strong>Najbardziej ruchliwe miesi\u0105ce to lipiec-sierpie\u0144<\/li>\n\n\n\n<li>Sezonowe wytyczne i aktualizacje s\u0105 publikowane na portalu Ministerstwa Turystyki TRNC<\/li>\n<\/ul>\n\n\n\n<blockquote class=\"wp-block-quote is-layout-flow wp-block-quote-is-layout-flow\">\n<p><strong>Uwaga:<\/strong> W wybranych terminach na promenadzie mog\u0105 odbywa\u0107 si\u0119 wydarzenia publiczne (koncerty, spotkania sportowe), kt\u00f3re mog\u0105 mie\u0107 wp\u0142yw na parkowanie i ruch drogowy. Nale\u017cy odpowiednio zaplanowa\u0107 przyjazd.<\/p>\n<\/blockquote>\n\n\n\n<hr class=\"wp-block-separator has-alpha-channel-opacity\"\/>\n\n\n\n<p>Long Beach Promenade to flagowe nadmorskie miejsce w Iskele, oferuj\u0105ce zr\u00f3wnowa\u017cone po\u0142\u0105czenie relaksu, aktywnego wypoczynku i udogodnie\u0144 przyjaznych rodzinie. Dzi\u0119ki \u0142atwej dost\u0119pno\u015bci, \u0142agodnie opadaj\u0105cej pla\u017cy i niezawodnym us\u0142ugom, jest to doskona\u0142y wyb\u00f3r zar\u00f3wno dla odwiedzaj\u0105cych na kr\u00f3tk\u0105 wycieczk\u0119, jak i mieszka\u0144c\u00f3w szukaj\u0105cych zach\u0119caj\u0105cej codziennej trasy nad morzem.<\/p>\n\n\n\n<h2 class=\"wp-block-heading\">7. Iskele Open Market<\/h2>\n\n\n\n<figure class=\"wp-block-image size-large\"><img loading=\"lazy\" decoding=\"async\" width=\"1024\" height=\"576\" src=\"https:\/\/cypria.homes\/wp-content\/uploads\/2026\/03\/fermer-markets-north-cyprus.800x0-is.png_rezultat-1024x576.webp\" alt=\"10 najwi\u0119kszych atrakcji w Iskele: Co zwiedzi\u0107 dla podr\u00f3\u017cnik\u00f3w i os\u00f3b rozwa\u017caj\u0105cych relokacj\u0119?\" class=\"wp-image-6245\" srcset=\"https:\/\/cypria.homes\/wp-content\/uploads\/2026\/03\/fermer-markets-north-cyprus.800x0-is.png_rezultat-1024x576.webp 1024w, https:\/\/cypria.homes\/wp-content\/uploads\/2026\/03\/fermer-markets-north-cyprus.800x0-is.png_rezultat-300x169.webp 300w, https:\/\/cypria.homes\/wp-content\/uploads\/2026\/03\/fermer-markets-north-cyprus.800x0-is.png_rezultat-18x10.webp 18w, https:\/\/cypria.homes\/wp-content\/uploads\/2026\/03\/fermer-markets-north-cyprus.800x0-is.png_rezultat.webp 1067w\" sizes=\"auto, (max-width: 1024px) 100vw, 1024px\" \/><\/figure>\n\n\n\n<p>Iskele Open Market to t\u0119tni\u0105cy \u017cyciem cotygodniowy bazar w sercu gminy Iskele, na kt\u00f3rym lokalni rolnicy i rzemie\u015blnicy sprzedaj\u0105 \u015bwie\u017ce produkty, ser halloumi, oliwki i oliw\u0119 z oliwek, mi\u00f3d, przyprawy, wypieki, tekstylia i artyku\u0142y gospodarstwa domowego. Og\u00f3lne informacje na temat odwiedzania przestrzeni publicznych i planowania wydarze\u0144 mo\u017cna znale\u017a\u0107 w oficjalnych \u017ar\u00f3d\u0142ach, takich jak Ministerstwo Turystyki TRNC, Visit Cyprus i strona internetowa gminy Iskele, kt\u00f3ra publikuje og\u0142oszenia o targach i wydarzeniach spo\u0142eczno\u015bciowych.<br><strong>Najwa\u017cniejsze wydarzenie:<\/strong> Szeroka gama lokalnie produkowanych towar\u00f3w po uczciwych cenach - i szansa na bezpo\u015brednie wsparcie drobnych producent\u00f3w.<\/p>\n\n\n\n<blockquote class=\"wp-block-quote is-layout-flow wp-block-quote-is-layout-flow\">\n<p><strong>Dobrze wiedzie\u0107:<\/strong> Wej\u015bcie jest <strong>darmowy<\/strong>, a naj\u015bwie\u017cszy wyb\u00f3r owoc\u00f3w, warzyw i zi\u00f3\u0142 jest dost\u0119pny w <strong>poranek<\/strong>. Przynie\u015b got\u00f3wk\u0119 w TRY i torb\u0119 na zakupy wielokrotnego u\u017cytku.<\/p>\n<\/blockquote>\n\n\n\n<hr class=\"wp-block-separator has-alpha-channel-opacity\"\/>\n\n\n\n<h3 class=\"wp-block-heading\">Lokalizacja i spos\u00f3b dotarcia na miejsce<\/h3>\n\n\n\n<ul class=\"wp-block-list\">\n<li><strong>Lokalizacja:<\/strong> Central Iskele (Trikomo), w pobli\u017cu plac\u00f3w miejskich i obiekt\u00f3w sportowych, na otwartym terenie wykorzystywanym na targi i sezonowe spotkania<\/li>\n\n\n\n<li><strong>Odleg\u0142o\u015bci:<\/strong><br>- Z Long Beach - <strong>\u22483-5 km<\/strong> (10-12 minut jazdy samochodem)<br>- Z Famagusty - <strong>\u224820-25 km<\/strong> (20-30 minut jazdy samochodem)<\/li>\n\n\n\n<li><strong>Samochodem:<\/strong> Kieruj si\u0119 lokalnymi znakami \"Pazar \/ Market\" lub \"\u0130skele A\u00e7\u0131k Pazar\". Parking jest zazwyczaj <strong>darmowy<\/strong> wok\u00f3\u0142 obwodu.<\/li>\n\n\n\n<li><strong>Transport publiczny:<\/strong> Minibusy Dolmu\u015f kursuj\u0105ce mi\u0119dzy Iskele i Famagust\u0105 zatrzymuj\u0105 si\u0119 w centrum miasta; stamt\u0105d mo\u017cna dojecha\u0107 do <strong>3-8 minut spacerem<\/strong> na rynek.<\/li>\n\n\n\n<li><strong>Taks\u00f3wka:<\/strong> W obr\u0119bie Iskele - <strong>$6-10<\/strong>; z Famagusta - <strong>$15-20<\/strong><\/li>\n\n\n\n<li><strong>Wskaz\u00f3wka dotycz\u0105ca nawigacji:<\/strong> Sprawd\u017a aktualn\u0105 lokalizacj\u0119 i zmiany w ruchu drogowym na stronie internetowej gminy Iskele przed wizyt\u0105.<\/li>\n<\/ul>\n\n\n\n<blockquote class=\"wp-block-quote is-layout-flow wp-block-quote-is-layout-flow\">\n<p><strong>Wskaz\u00f3wka dotycz\u0105ca czasu:<\/strong> Przyjed\u017a wcze\u015bnie - wyb\u00f3r jest najlepszy, cie\u0144 jest nadal ch\u0142odny, a kolejki s\u0105 kr\u00f3tsze.<\/p>\n<\/blockquote>\n\n\n\n<hr class=\"wp-block-separator has-alpha-channel-opacity\"\/>\n\n\n\n<h3 class=\"wp-block-heading\">Co odkrywa\u0107<\/h3>\n\n\n\n<ul class=\"wp-block-list\">\n<li><strong>Stragany rolnik\u00f3w<\/strong><br>Sezonowe warzywa i owoce (pomidory, og\u00f3rki, brzoskwinie, cytrusy), \u015bwie\u017ce warzywa, ro\u015bliny str\u0105czkowe i lokalnie uprawiane ziemniaki.<\/li>\n\n\n\n<li><strong>Produkty lokalne<\/strong><br>Sery (zw\u0142aszcza <strong>halloumi\/hellim<\/strong>), oliwki i oliwa z oliwek, <strong>syrop z chleba \u015bwi\u0119toja\u0144skiego (pekmez)<\/strong>, mi\u00f3d, tahini i mieszanki przypraw do grillowania.<\/li>\n\n\n\n<li><strong>Wypieki i \u017cywno\u015b\u0107 uliczna<\/strong><br>Lavash, chleb w stylu wiejskim, <strong>g\u00f6zleme<\/strong>oraz <strong>b\u00f6rek<\/strong>. Ma\u0142e stoiska gastronomiczne oferuj\u0105 kaw\u0119 i \u015bwie\u017c\u0105 lemoniad\u0119.<\/li>\n\n\n\n<li><strong>R\u0119kodzie\u0142o i artyku\u0142y gospodarstwa domowego<\/strong><br>R\u0119cznie tkane tekstylia, ceramika, plecione kosze, niezb\u0119dne artyku\u0142y gospodarstwa domowego i niedroga odzie\u017c.<\/li>\n\n\n\n<li><strong>Dla relokator\u00f3w<\/strong><br>Rynek zapewnia jasny obraz lokalnych poziom\u00f3w cen, sezonowej dost\u0119pno\u015bci i jako\u015bci \u017cywno\u015bci. Wielu sprzedawc\u00f3w jest otwartych na organizowanie regularnych dostaw do domu.<\/li>\n<\/ul>\n\n\n\n<hr class=\"wp-block-separator has-alpha-channel-opacity\"\/>\n\n\n\n<h3 class=\"wp-block-heading\">Wyposa\u017cenie i udogodnienia<\/h3>\n\n\n\n<figure class=\"wp-block-table\"><table class=\"has-fixed-layout\"><thead><tr><th><strong>Cecha<\/strong><\/th><th><strong>Szczeg\u00f3\u0142y<\/strong><\/th><\/tr><\/thead><tbody><tr><td><strong>Dost\u0119p<\/strong><\/td><td>Przej\u015bcia dla pieszych mi\u0119dzy rz\u0119dami, niekt\u00f3re zadaszone<\/td><\/tr><tr><td><strong>P\u0142atno\u015b\u0107<\/strong><\/td><td><strong>Got\u00f3wka (TRY)<\/strong> preferowane; nie wszyscy sprzedawcy akceptuj\u0105 karty<\/td><\/tr><tr><td><strong>Parking<\/strong><\/td><td>Dzia\u0142ki miejskie na ca\u0142ym obwodzie, zazwyczaj <strong>darmowy<\/strong><\/td><\/tr><tr><td><strong>Restauracje<\/strong><\/td><td>Przeno\u015bne lub sta\u0142e obiekty w pobli\u017cu g\u0142\u00f3wnego wej\u015bcia (sezonowe)<\/td><\/tr><tr><td><strong>Dost\u0119pno\u015b\u0107<\/strong><\/td><td>P\u0142aska powierzchnia, cho\u0107 tymczasowe platformy mog\u0105 mie\u0107 niewielkie stopnie.<\/td><\/tr><tr><td><strong>Bankomaty<\/strong><\/td><td>Wewn\u0105trz <strong>300-600 m<\/strong> (centrum miasta Iskele)<\/td><\/tr><\/tbody><\/table><\/figure>\n\n\n\n<blockquote class=\"wp-block-quote is-layout-flow wp-block-quote-is-layout-flow\">\n<p><strong>Kluczowa wskaz\u00f3wka:<\/strong> Wielu sprzedawc\u00f3w oferuje degustacje oliwek, ser\u00f3w, miodu. Nie wahaj si\u0119 zapyta\u0107 - pomo\u017ce to w dokonaniu najlepszego wyboru.<\/p>\n<\/blockquote>\n\n\n\n<hr class=\"wp-block-separator has-alpha-channel-opacity\"\/>\n\n\n\n<h3 class=\"wp-block-heading\">Przyk\u0142adowe ceny<\/h3>\n\n\n\n<figure class=\"wp-block-table\"><table class=\"has-fixed-layout\"><thead><tr><th><strong>Pozycja<\/strong><\/th><th><strong>Przybli\u017cona cena (USD)<\/strong><\/th><th><strong>Uwagi<\/strong><\/th><\/tr><\/thead><tbody><tr><td>Pomidory, og\u00f3rki (1 kg)<\/td><td>$1.5-2.5<\/td><td>Zale\u017cy od pory roku<\/td><\/tr><tr><td>Owoce cytrusowe (1 kg)<\/td><td>$1-2<\/td><td>Szczyt sezonu: zima\/wiosna<\/td><\/tr><tr><td>Halloumi (1 kg)<\/td><td>$7-12<\/td><td>Rzemie\u015blnicze lub markowe<\/td><\/tr><tr><td>Oliwki (0,5 kg)<\/td><td>$2-4<\/td><td>Odmiany marynowane lub nadziewane<\/td><\/tr><tr><td>Oliwa z oliwek (0,5 l)<\/td><td>$6-10<\/td><td>Nierafinowany lub z pierwszego t\u0142oczenia<\/td><\/tr><tr><td>Mi\u00f3d (0,5 kg)<\/td><td>$6-9<\/td><td>Mi\u00f3d cytrusowy lub tymiankowy<\/td><\/tr><tr><td>Wypieki (lavash\/g\u00f6zleme)<\/td><td>$2-4 na porcj\u0119<\/td><td>\u015awie\u017co wykonane<\/td><\/tr><tr><td>Przyprawy (100-200 g)<\/td><td>$1.5-3<\/td><td>Mieszanki do ryb lub mi\u0119sa<\/td><\/tr><\/tbody><\/table><\/figure>\n\n\n\n<hr class=\"wp-block-separator has-alpha-channel-opacity\"\/>\n\n\n\n<h3 class=\"wp-block-heading\">Koszty i godziny otwarcia<\/h3>\n\n\n\n<ul class=\"wp-block-list\">\n<li><strong>Wej\u015bcie:<\/strong> <strong>Darmowy<\/strong><\/li>\n\n\n\n<li><strong>Op\u0142aty sprzedawcy:<\/strong> Koszty i warunki uczestnictwa s\u0105 publikowane przez gmin\u0119 na oficjalnej stronie internetowej Iskele<\/li>\n\n\n\n<li><strong>Torby:<\/strong> Plastikowe torby od sprzedawc\u00f3w kosztuj\u0105 <strong>$0.05-0.2<\/strong>torby wielokrotnego u\u017cytku <strong>$1-3<\/strong><\/li>\n\n\n\n<li><strong>Przek\u0105ski i napoje:<\/strong> 0,5 l wody butelkowanej - <strong>$1-2<\/strong>, kawa - <strong>$2-3<\/strong>\u015bwie\u017cy sok - <strong>$3-5<\/strong><\/li>\n<\/ul>\n\n\n\n<p><strong>Harmonogram otwarcia (typowy dla regionalnych targ\u00f3w na wolnym powietrzu):<\/strong><\/p>\n\n\n\n<ul class=\"wp-block-list\">\n<li><strong>Dzie\u0144:<\/strong> Raz w tygodniu, w <strong>poranek<\/strong> (cz\u0119sto w \u015brodku tygodnia)<\/li>\n\n\n\n<li><strong>Godziny:<\/strong> Zazwyczaj <strong>07:30-13:00<\/strong> latem, <strong>08:00-13:00<\/strong> w ch\u0142odniejszych porach roku<\/li>\n\n\n\n<li>\u015awi\u0119ta i zmiany sezonowe s\u0105 og\u0142aszane na stronie internetowej Ministerstwa Turystyki TRNC i gminy Iskele.<\/li>\n<\/ul>\n\n\n\n<blockquote class=\"wp-block-quote is-layout-flow wp-block-quote-is-layout-flow\">\n<p><strong>Wskaz\u00f3wka dotycz\u0105ca bezpiecze\u0144stwa i komfortu:<\/strong> No\u015b lekkie, zamkni\u0119te buty, trzymaj portfele i telefony w zapinanych na zamek torbach lub przednich kieszeniach i u\u017cywaj krem\u00f3w z filtrem przeciws\u0142onecznym. We\u017a ze sob\u0105 wod\u0119 i staraj si\u0119 przyjecha\u0107 wcze\u015bniej w gor\u0105cych miesi\u0105cach.<\/p>\n<\/blockquote>\n\n\n\n<hr class=\"wp-block-separator has-alpha-channel-opacity\"\/>\n\n\n\n<p>Iskele Open Market to t\u0119tni\u0105ca \u017cyciem wizyt\u00f3wka lokalnych smak\u00f3w i rzemios\u0142a - idealna zar\u00f3wno do swobodnego przegl\u0105dania, jak i rutynowych zakup\u00f3w spo\u017cywczych. Dla mieszka\u0144c\u00f3w i nowoprzyby\u0142ych oferuje praktyczny przegl\u0105d sezonowych opcji \u017cywno\u015bciowych i trend\u00f3w cenowych; dla turyst\u00f3w to szansa na zabranie do domu jadalnych pami\u0105tek o wyra\u017anie lokalnym charakterze.<\/p>\n\n\n\n<h2 class=\"wp-block-heading\">8. Park Narodowy Karpaz (w pobli\u017cu Iskele)<\/h2>\n\n\n\n<figure class=\"wp-block-image size-large\"><img loading=\"lazy\" decoding=\"async\" width=\"1280\" height=\"720\" src=\"https:\/\/cypria.homes\/wp-content\/uploads\/2026\/03\/karpaz-edited.jpg\" alt=\"10 najwi\u0119kszych atrakcji w Iskele: Co zwiedzi\u0107 dla podr\u00f3\u017cnik\u00f3w i os\u00f3b rozwa\u017caj\u0105cych relokacj\u0119?\" class=\"wp-image-6247\" srcset=\"https:\/\/cypria.homes\/wp-content\/uploads\/2026\/03\/karpaz-edited.jpg 1280w, https:\/\/cypria.homes\/wp-content\/uploads\/2026\/03\/karpaz-edited-300x169.jpg 300w, https:\/\/cypria.homes\/wp-content\/uploads\/2026\/03\/karpaz-edited-1024x576.jpg 1024w, https:\/\/cypria.homes\/wp-content\/uploads\/2026\/03\/karpaz-edited-18x10.jpg 18w\" sizes=\"auto, (max-width: 1280px) 100vw, 1280px\" \/><\/figure>\n\n\n\n<p>Park Narodowy Karpaz jest najwi\u0119kszym chronionym obszarem przyrodniczym na P\u00f3\u0142wyspie Karpaz, s\u0142yn\u0105cym z dziewiczych wydm, zacisznych zatok i rzadkich \u015br\u00f3dziemnomorskich ekosystem\u00f3w makii. Park jest domem dla populacji dzikich os\u0142\u00f3w, l\u0119gowisk \u017c\u00f3\u0142wi morskich i rozleg\u0142ych panoramicznych widok\u00f3w zar\u00f3wno na p\u00f3\u0142nocne, jak i po\u0142udniowe wybrze\u017ce. Og\u00f3lne wytyczne dla odwiedzaj\u0105cych i przepisy dotycz\u0105ce ochrony mo\u017cna znale\u017a\u0107 na oficjalnych stronach internetowych, w tym Ministerstwa Turystyki TRNC, Visit Cyprus oraz Departamentu Rybo\u0142\u00f3wstwa i Bada\u0144 Morskich Republiki Cypryjskiej w zakresie protoko\u0142\u00f3w ochrony \u017c\u00f3\u0142wi morskich.<br><strong>Najwa\u017cniejsze wydarzenie:<\/strong> Rzadkie po\u0142\u0105czenie nieokie\u0142znanej przyrody i dost\u0119pnej logistyki z Iskele - idealne na ca\u0142odniow\u0105 wycieczk\u0119 bez noclegu.<\/p>\n\n\n\n<blockquote class=\"wp-block-quote is-layout-flow wp-block-quote-is-layout-flow\">\n<p><strong>Wa\u017cne:<\/strong> Przestrzega\u0107 wszystkich zasad ochrony \u015brodowiska: <strong>nie je\u017adzi\u0107 po wydmach<\/strong>, <strong>nie karmi\u0107 dzikich os\u0142\u00f3w<\/strong>, pozbywaj si\u0119 odpad\u00f3w w odpowiedni spos\u00f3b i trzymaj si\u0119 oznaczonych \u015bcie\u017cek. W sezonie l\u0119gowym \u017c\u00f3\u0142wi (mniej wi\u0119cej od maja do wrze\u015bnia) obowi\u0105zuj\u0105 dodatkowe ograniczenia dotycz\u0105ce dost\u0119pu do pla\u017cy po zmroku.<\/p>\n<\/blockquote>\n\n\n\n<hr class=\"wp-block-separator has-alpha-channel-opacity\"\/>\n\n\n\n<h3 class=\"wp-block-heading\">Lokalizacja i spos\u00f3b dotarcia na miejsce<\/h3>\n\n\n\n<ul class=\"wp-block-list\">\n<li><strong>Geografia:<\/strong> Wschodni region Cypru P\u00f3\u0142nocnego, obejmuj\u0105cy p\u00f3\u0142wysep Karpaz w pobli\u017cu Dipkarpaz (Rizokarpaso) i przyl\u0105dek Apostolos Andreas.<\/li>\n\n\n\n<li><strong>Odleg\u0142o\u015b\u0107 od Iskele (Trikomo):<\/strong> W przybli\u017ceniu <strong>70-90 km<\/strong>lub <strong>1,5-2 godziny<\/strong> samochodem<\/li>\n\n\n\n<li><strong>Trasa przejazdu:<\/strong> Iskele \u2192 Bo\u011faz \u2192 Yeni Erenk\u00f6y \u2192 Dipkarpaz \u2192 pod\u0105\u017caj za znakami do Z\u0142otej Pla\u017cy (Alt\u0131nkum) i klasztoru Apostolos Andreas. Drogi s\u0105 utwardzone, ale dojazd do bardziej oddalonych zatok mo\u017ce wymaga\u0107 jazdy po asfalcie. <strong>\u017cwirowe lub piaszczyste \u015bcie\u017cki<\/strong><\/li>\n\n\n\n<li><strong>Transport publiczny:<\/strong> Dolmu\u015f minibusem do Dipkarpaz, a nast\u0119pnie <strong>wcze\u015bniej ustalona taks\u00f3wka lub transfer<\/strong> do obszar\u00f3w parkowych (10-25 minut)<\/li>\n\n\n\n<li><strong>Taks\u00f3wka z Iskele:<\/strong> W przybli\u017ceniu <strong>$80-110<\/strong> w jedn\u0105 stron\u0119, z czasem oczekiwania do negocjacji<\/li>\n\n\n\n<li><strong>Wynajem samochod\u00f3w:<\/strong> Wok\u00f3\u0142 <strong>$25-45\/dzie\u0144<\/strong>Na nieutwardzonych odcinkach zalecany jest pojazd z du\u017cym prze\u015bwitem.<\/li>\n\n\n\n<li><strong>Najlepszy czas na wizyt\u0119:<\/strong> Marzec-czerwiec i wrzesie\u0144-listopad, oferuj\u0105ce \u0142agodn\u0105 pogod\u0119, kwitn\u0105ce krajobrazy i migracje ptak\u00f3w.<\/li>\n<\/ul>\n\n\n\n<blockquote class=\"wp-block-quote is-layout-flow wp-block-quote-is-layout-flow\">\n<p><strong>Wskaz\u00f3wka dotycz\u0105ca bezpiecze\u0144stwa:<\/strong> Odbi\u00f3r telefonii kom\u00f3rkowej jest zawodny w odleg\u0142ych obszarach, a stacji paliw jest niewiele. Zatankuj w Yeni Erenk\u00f6y i zabierz ze sob\u0105 <strong>du\u017co wody i ochrona przeciws\u0142oneczna<\/strong>.<\/p>\n<\/blockquote>\n\n\n\n<p><iframe src=\"https:\/\/www.google.com\/maps\/embed?pb=!1m18!1m12!1m3!1d3082.9262841783448!2d34.40615577558879!3d35.61768237260776!2m3!1f0!2f0!3f0!3m2!1i1024!2i768!4f13.1!3m3!1m2!1s0x1520a6d0d6ec016d%3A0xf13c93e0c3698222!2sDipkarpaz%20National%20Park!5e1!3m2!1sen!2sru!4v1773085878139!5m2!1sen!2sru\" width=\"600\" height=\"450\" style=\"border:0;\" allowfullscreen=\"\" loading=\"lazy\" referrerpolicy=\"no-referrer-when-downgrade\"><\/iframe><\/p>\n\n\n\n<h3 class=\"wp-block-heading\">Co warto zobaczy\u0107<\/h3>\n\n\n\n<ul class=\"wp-block-list\">\n<li><strong>Przyl\u0105dek i klasztor Apostolos Andreas<\/strong><br>Najbardziej wysuni\u0119ty na wsch\u00f3d punkt p\u00f3\u0142wyspu z kaplic\u0105 z widokiem na otwarte morze. Popularny przystanek zar\u00f3wno dla pielgrzym\u00f3w, jak i wycieczek krajobrazowych.<\/li>\n\n\n\n<li><strong>Pla\u017ce wydmowe i laguny<\/strong><br>Rozleg\u0142e odcinki mi\u0119kkiego piasku, w tym Z\u0142ota Pla\u017ca (Alt\u0131nkum), z \u0142agodnymi, p\u0142ytkimi wodami. S\u0105 to krytyczne <strong>strefy l\u0119gowe dla Caretta caretta i Chelonia mydas<\/strong> \u017c\u00f3\u0142wie morskie - odwiedzaj\u0105cy musz\u0105 pod\u0105\u017ca\u0107 wyznaczonymi chodnikami i unika\u0107 naruszania oznaczonych gniazd. Wytyczne dotycz\u0105ce ochrony s\u0105 dost\u0119pne za po\u015brednictwem Departamentu Rybo\u0142\u00f3wstwa i Bada\u0144 Morskich.<\/li>\n\n\n\n<li><strong>Dzikie os\u0142y Karpaz<\/strong><br>Os\u0142y te, ikoniczni mieszka\u0144cy p\u00f3\u0142wyspu, swobodnie w\u0119druj\u0105 po drogach. Karmienie ich jest zabronione, poniewa\u017c zak\u0142\u00f3ca naturalne zachowanie i mo\u017ce powodowa\u0107 zagro\u017cenia w ruchu drogowym.<\/li>\n\n\n\n<li><strong>Zatoki i punkty widokowe<\/strong><br>Ma\u0142e, zaciszne pla\u017ce po obu stronach grzbietu p\u00f3\u0142wyspu, idealne do robienia zdj\u0119\u0107 i kr\u00f3tkich spacer\u00f3w. Wiatry nasilaj\u0105 si\u0119 p\u00f3\u017anym popo\u0142udniem, wi\u0119c p\u0142ywanie nale\u017cy zaplanowa\u0107 na wcze\u015bniejsz\u0105 por\u0119 dnia.<\/li>\n\n\n\n<li><strong>Historyczne miejsca wok\u00f3\u0142 obwodu<\/strong><br>Wczesnochrze\u015bcija\u0144skie ruiny bazyliki (takie jak w pobli\u017cu Ayios Philon), tradycyjna kamienna architektura Dipkarpaz, rodzinne gospodarstwa rolne i pasieki wzbogacaj\u0105 krajobraz kulturowy.<\/li>\n\n\n\n<li><strong>Obserwacja ptak\u00f3w i flora<\/strong><br>Sezonowe migracje, ptaki drapie\u017cne, niskie gaje ja\u0142owcowe i pistacjowe oraz g\u0119ste lasy chleba \u015bwi\u0119toja\u0144skiego sprawiaj\u0105, \u017ce jest to raj dla mi\u0142o\u015bnik\u00f3w przyrody.<\/li>\n<\/ul>\n\n\n\n<hr class=\"wp-block-separator has-alpha-channel-opacity\"\/>\n\n\n\n<h3 class=\"wp-block-heading\">Kluczowe funkcje i przygotowanie go\u015bci<\/h3>\n\n\n\n<figure class=\"wp-block-table\"><table class=\"has-fixed-layout\"><thead><tr><th><strong>Aspekt<\/strong><\/th><th><strong>Szczeg\u00f3\u0142y<\/strong><\/th><\/tr><\/thead><tbody><tr><td><strong>Status<\/strong><\/td><td>Chroniony obszar naturalny P\u00f3\u0142wyspu Karpaz; wytyczne dotycz\u0105ce zwiedzania dost\u0119pne za po\u015brednictwem Ministerstwa Turystyki TRNC<\/td><\/tr><tr><td><strong>Warunki drogowe<\/strong><\/td><td>Drogi asfaltowe do g\u0142\u00f3wnych obszar\u00f3w; szutrowe lub piaszczyste \u015bcie\u017cki do odleg\u0142ych pla\u017c<\/td><\/tr><tr><td><strong>Sezonowo\u015b\u0107<\/strong><\/td><td>P\u0142ywanie: Maj-pa\u017adziernik; najlepsze dla dzikich kwiat\u00f3w i w\u0119dr\u00f3wek: Marzec-kwiecie\u0144 i pa\u017adziernik-listopad<\/td><\/tr><tr><td><strong>Infrastruktura<\/strong><\/td><td>Okazjonalne kawiarnie, kioski i parking; ograniczona liczba toalet<\/td><\/tr><tr><td><strong>Mobilny zasi\u0119g<\/strong><\/td><td>Niezawodny w odleg\u0142ych strefach, zw\u0142aszcza w pobli\u017cu przyl\u0105dka<\/td><\/tr><tr><td><strong>P\u0142atno\u015b\u0107<\/strong><\/td><td>G\u0142\u00f3wnie got\u00f3wka (TRY); bankomaty w Dipkarpaz i Yeni Erenk\u00f6y<\/td><\/tr><\/tbody><\/table><\/figure>\n\n\n\n<blockquote class=\"wp-block-quote is-layout-flow wp-block-quote-is-layout-flow\">\n<p><strong>Kluczowy szczeg\u00f3\u0142:<\/strong> Na dzikich pla\u017cach nie ma sta\u0142ych ratownik\u00f3w. P\u0142ywaj tylko w ci\u0105gu dnia i przed wyruszeniem sprawd\u017a aktualizacje pogody na stronie Visit Cyprus.<\/p>\n<\/blockquote>\n\n\n\n<hr class=\"wp-block-separator has-alpha-channel-opacity\"\/>\n\n\n\n<h3 class=\"wp-block-heading\">Koszty i godziny pracy<\/h3>\n\n\n\n<ul class=\"wp-block-list\">\n<li><strong>Wej\u015bcie:<\/strong> <strong>Darmowy<\/strong> (jako publiczny obszar chroniony; niekt\u00f3re drogi dojazdowe do pla\u017c lub parking\u00f3w mog\u0105 mie\u0107 szlabany)<\/li>\n\n\n\n<li><strong>Parking:<\/strong> G\u0142\u00f3wnie <strong>darmowy<\/strong> w pobli\u017cu pla\u017c; niekt\u00f3re sezonowe kawiarnie mog\u0105 pobiera\u0107 op\u0142aty <strong>$2-4<\/strong><\/li>\n\n\n\n<li><strong>Wypo\u017cyczalnia parasoli\/le\u017cak\u00f3w (w zorganizowanych strefach, sezonowo):<\/strong> Zestaw dw\u00f3ch le\u017cak\u00f3w + parasol - <strong>$10-18<\/strong><\/li>\n\n\n\n<li><strong>Prywatne wycieczki ekologiczne\/jeep safari (3-4 godziny):<\/strong> <strong>$120-200<\/strong> za pojazd (1-4 osoby); trasy i przystanki ustalane z wyprzedzeniem<\/li>\n\n\n\n<li><strong>Kemping:<\/strong> W wyznaczonych obszarach - ok. <strong>$10-20<\/strong> za parcel\u0119\/noc; biwakowanie na wydmach jest zabronione<\/li>\n\n\n\n<li><strong>Przek\u0105ski i napoje:<\/strong> 0,5 l wody butelkowanej - <strong>$1-2<\/strong>, kawa - <strong>$2-4<\/strong>, lekkie posi\u0142ki - <strong>$6-10<\/strong><\/li>\n<\/ul>\n\n\n\n<p><strong>Godziny odwiedzin:<\/strong><\/p>\n\n\n\n<ul class=\"wp-block-list\">\n<li>Obszar jest <strong>otwarte 24\/7<\/strong>ale <strong>wizyty dzienne<\/strong> s\u0105 zdecydowanie zalecane ze wzgl\u0119d\u00f3w bezpiecze\u0144stwa<\/li>\n\n\n\n<li>Podczas sezonu l\u0119gowego \u017c\u00f3\u0142wi (maj-wrzesie\u0144), <strong>dost\u0119p nocny<\/strong> mog\u0105 by\u0107 ograniczone w niekt\u00f3rych obszarach; nale\u017cy przestrzega\u0107 oznakowania i wytycznych w\u0142adz konserwatorskich opublikowanych w Departamencie Rybo\u0142\u00f3wstwa i Bada\u0144 Morskich oraz na portalu turystycznym TRNC.<\/li>\n\n\n\n<li>Dzia\u0142aj\u0105 kawiarnie i kioski <strong>sezonowo<\/strong>zazwyczaj od kwietnia\/maja do pa\u017adziernika<\/li>\n<\/ul>\n\n\n\n<hr class=\"wp-block-separator has-alpha-channel-opacity\"\/>\n\n\n\n<p>Park Narodowy Karpaz to dziewicza \u015br\u00f3dziemnomorska dzicz w zasi\u0119gu jednodniowej wycieczki z Iskele. Omiatane wiatrem wydmy, opuszczone zatoki, dzikie os\u0142y i historyczne szlaki pielgrzymkowe tworz\u0105 wci\u0105gaj\u0105ce do\u015bwiadczenie zar\u00f3wno dla turyst\u00f3w pieszych, rodzin, jak i fotograf\u00f3w krajobrazu. Aby wizyta przebieg\u0142a sprawnie, nale\u017cy przygotowa\u0107 pojazd, zabra\u0107 ze sob\u0105 got\u00f3wk\u0119 i wod\u0119 oraz przestrzega\u0107 wszystkich oficjalnych wytycznych dotycz\u0105cych ochrony przyrody.<\/p>\n\n\n\n<h2 class=\"wp-block-heading\">9. Wioska rybacka Bogaz<\/h2>\n\n\n\n<figure class=\"wp-block-image size-large\"><img loading=\"lazy\" decoding=\"async\" width=\"1024\" height=\"570\" src=\"https:\/\/cypria.homes\/wp-content\/uploads\/2026\/03\/photo_5386360121782817713_y_rezultat-1024x570.webp\" alt=\"10 najwi\u0119kszych atrakcji w Iskele: Co zwiedzi\u0107 dla podr\u00f3\u017cnik\u00f3w i os\u00f3b rozwa\u017caj\u0105cych relokacj\u0119?\" class=\"wp-image-6248\" srcset=\"https:\/\/cypria.homes\/wp-content\/uploads\/2026\/03\/photo_5386360121782817713_y_rezultat-1024x570.webp 1024w, https:\/\/cypria.homes\/wp-content\/uploads\/2026\/03\/photo_5386360121782817713_y_rezultat-300x167.webp 300w, https:\/\/cypria.homes\/wp-content\/uploads\/2026\/03\/photo_5386360121782817713_y_rezultat-18x10.webp 18w, https:\/\/cypria.homes\/wp-content\/uploads\/2026\/03\/photo_5386360121782817713_y_rezultat.webp 1078w\" sizes=\"auto, (max-width: 1024px) 100vw, 1024px\" \/><\/figure>\n\n\n\n<p>Bogaz Fishing Village to urocza nadmorska osada w gminie Iskele, znana z dzia\u0142aj\u0105cego portu, szeregu rodzinnych tawern z owocami morza i swobodnej atmosfery kurortu. Wczesnym rankiem rybacy roz\u0142adowuj\u0105 codzienny po\u0142\u00f3w, a wieczorem nabrze\u017ce wype\u0142nia si\u0119 rodzinami i podr\u00f3\u017cnikami, kt\u00f3rzy zbieraj\u0105 si\u0119, aby podziwia\u0107 zach\u00f3d s\u0142o\u0144ca i delektowa\u0107 si\u0119 \u015bwie\u017co przygotowanymi owocami morza. Og\u00f3lne wskaz\u00f3wki dla odwiedzaj\u0105cych, porady dotycz\u0105ce bezpiecze\u0144stwa na pla\u017cy i aktualizacje sezonowe s\u0105 dost\u0119pne za po\u015brednictwem oficjalnych portali, takich jak Ministerstwo Turystyki TRNC i Visit Cyprus. Lokalne harmonogramy wydarze\u0144 s\u0105 publikowane na stronie internetowej gminy Iskele.<br><strong>Co czyni go wyj\u0105tkowym:<\/strong> \u017bywa przysta\u0144 rybacka po\u0142\u0105czona z nadmorskimi tawernami, a wszystko to w niewielkiej odleg\u0142o\u015bci od Iskele i Famagusty.<\/p>\n\n\n\n<blockquote class=\"wp-block-quote is-layout-flow wp-block-quote-is-layout-flow\">\n<p><strong>Wa\u017cne:<\/strong> Bogaz jest aktywnym portem rybackim. <strong>Dost\u0119p do pomost\u00f3w jest ograniczony<\/strong> w miejscach roz\u0142adunku z\u0142owionych ryb. Nale\u017cy uwa\u017ca\u0107 na \u015bliskie powierzchnie i sieci rybackie roz\u0142o\u017cone do wyschni\u0119cia.<\/p>\n<\/blockquote>\n\n\n\n<hr class=\"wp-block-separator has-alpha-channel-opacity\"\/>\n\n\n\n<h3 class=\"wp-block-heading\">Lokalizacja i spos\u00f3b dotarcia na miejsce<\/h3>\n\n\n\n<ul class=\"wp-block-list\">\n<li><strong>Lokalizacja:<\/strong> Wschodnie wybrze\u017ce Cypru P\u00f3\u0142nocnego, na obszarze znanym jako <strong>Bo\u011faz (Bo\u011faz Liman\u0131)<\/strong> w gminie Iskele<\/li>\n\n\n\n<li><strong>Odleg\u0142o\u015b\u0107:<\/strong><br>- Z centrum Iskele (Trikomo): <strong>\u224810-12 km<\/strong>oko\u0142o 15-20 minut jazdy samochodem<br>- Z Famagusty: <strong>\u224825-28 km<\/strong>oko\u0142o 30-35 minut jazdy samochodem<\/li>\n\n\n\n<li><strong>Wskaz\u00f3wki dojazdu:<\/strong> Z Iskele nale\u017cy kierowa\u0107 si\u0119 nadmorsk\u0105 drog\u0105 na wsch\u00f3d w stron\u0119 znak\u00f3w oznaczonych \"Bo\u011faz \/ Harbor\". Parking jest zazwyczaj <strong>darmowy<\/strong> wzd\u0142u\u017c promenady i w pobli\u017cu portu<\/li>\n\n\n\n<li><strong>Transport publiczny:<\/strong> Codziennie dolmu\u015f (wsp\u00f3lny minibus) kursuje wzd\u0142u\u017c korytarza Iskele-Bogaz; z przystank\u00f3w autobusowych do nabrze\u017ca mo\u017cna doj\u015b\u0107 w 3-7 minut.<\/li>\n\n\n\n<li><strong>Taks\u00f3wka:<\/strong> W przybli\u017ceniu <strong>$10-15<\/strong> w jedn\u0105 stron\u0119 z Iskele, lub <strong>$20-25<\/strong> z Famagusty w zale\u017cno\u015bci od czasu i sezonu<\/li>\n\n\n\n<li><strong>Nawigacja:<\/strong> U\u017cyj \"Bo\u011faz Liman\u0131 \/ Bogaz Fishing Village\", aby uzyska\u0107 wskaz\u00f3wki GPS<\/li>\n<\/ul>\n\n\n\n<blockquote class=\"wp-block-quote is-layout-flow wp-block-quote-is-layout-flow\">\n<p><strong>Kiedy jecha\u0107:<\/strong> Przyjed\u017a wcze\u015bnie (oko\u0142o 07:30-09:00), aby zobaczy\u0107, jak rybacy roz\u0142adowuj\u0105 sw\u00f3j po\u0142\u00f3w, lub tu\u017c przed zachodem s\u0142o\u0144ca, kiedy tawerny zaczynaj\u0105 przygotowywa\u0107 dania z dziennego po\u0142owu.<\/p>\n<\/blockquote>\n\n\n\n<p><iframe src=\"https:\/\/www.google.com\/maps\/embed?pb=!1m18!1m12!1m3!1d3094.621642889312!2d33.95075327557453!3d35.31314847270842!2m3!1f0!2f0!3f0!3m2!1i1024!2i768!4f13.1!3m3!1m2!1s0x14dfafa73974916b%3A0xe136253703540e45!2sBo%C4%9Faz%20Harbour!5e1!3m2!1sen!2sru!4v1773086350898!5m2!1sen!2sru\" width=\"600\" height=\"450\" style=\"border:0;\" allowfullscreen=\"\" loading=\"lazy\" referrerpolicy=\"no-referrer-when-downgrade\"><\/iframe><\/p>\n\n\n\n<h3 class=\"wp-block-heading\">Co warto zobaczy\u0107<\/h3>\n\n\n\n<ul class=\"wp-block-list\">\n<li><strong>Port rybacki i promenada<\/strong><br>Kompaktowy port wype\u0142niony \u0142odziami, sieciami i bojami susz\u0105cymi si\u0119 w s\u0142o\u0144cu. Poranki s\u0105 o\u017cywione dzia\u0142alno\u015bci\u0105 ryback\u0105, podczas gdy wieczory oferuj\u0105 relaksuj\u0105c\u0105, przyjazn\u0105 spacerom atmosfer\u0119.<\/li>\n\n\n\n<li><strong>Rz\u0105d tawern z owocami morza<\/strong><br>Klasyka wschodniego wybrze\u017ca: grillowana ryba, kalmary, krewetki i gulasz z o\u015bmiornicy podawane z <strong>meze<\/strong>-przystawki na bazie warzyw, jogurtu i ro\u015blin str\u0105czkowych.<\/li>\n\n\n\n<li><strong>Ma\u0142e pla\u017ce Crescent<\/strong><br>Wok\u00f3\u0142 portu znajduj\u0105 si\u0119 kr\u00f3tkie odcinki piaszczystej pla\u017cy z \u0142agodnym wej\u015bciem do wody. Ratownicy dy\u017curuj\u0105 w centralnych lokalizacjach w szczycie sezonu. Wskaz\u00f3wki dotycz\u0105ce bezpiecze\u0144stwa na pla\u017cy mo\u017cna znale\u017a\u0107 na stronie Visit Cyprus.<\/li>\n\n\n\n<li><strong>Wydarzenia lokalne<\/strong><br>Letnie targi, koncerty uliczne i festiwale \u017cywno\u015bci s\u0105 og\u0142aszane za po\u015brednictwem strony internetowej gminy Iskele.<\/li>\n\n\n\n<li><strong>Nadmorskie spacery<\/strong><br>Brukowane chodniki \u0142\u0105cz\u0105 port z pobliskimi obszarami mieszkalnymi i punktami widokowymi - idealne na wieczorn\u0105 promenad\u0119.<\/li>\n<\/ul>\n\n\n\n<blockquote class=\"wp-block-quote is-layout-flow wp-block-quote-is-layout-flow\">\n<p><strong>Wskaz\u00f3wka:<\/strong> Popro\u015b obs\u0142ug\u0119 o <strong>\"Po\u0142\u00f3w dnia\"<\/strong> aby uzyska\u0107 naj\u015bwie\u017csze ryby w najlepszej cenie i wielko\u015bci porcji.<\/p>\n<\/blockquote>\n\n\n\n<hr class=\"wp-block-separator has-alpha-channel-opacity\"\/>\n\n\n\n<h3 class=\"wp-block-heading\">Infrastruktura i udogodnienia<\/h3>\n\n\n\n<figure class=\"wp-block-table\"><table class=\"has-fixed-layout\"><thead><tr><th><strong>Obiekt<\/strong><\/th><th><strong>Szczeg\u00f3\u0142y<\/strong><\/th><\/tr><\/thead><tbody><tr><td><strong>Jadalnia<\/strong><\/td><td>Tawerny na nabrze\u017cu, kawiarnie, kawiarnie, cukiernie<\/td><\/tr><tr><td><strong>Sklepy<\/strong><\/td><td>Mini-markety, piekarnie, kioski z przek\u0105skami i wod\u0105<\/td><\/tr><tr><td><strong>P\u0142atno\u015bci<\/strong><\/td><td>Bankomaty w odleg\u0142o\u015bci spaceru; tawerny zazwyczaj akceptuj\u0105 karty i <strong>got\u00f3wka (TRY)<\/strong><\/td><\/tr><tr><td><strong>Parking<\/strong><\/td><td>Parking miejski w pobli\u017cu promenady-<strong>zazwyczaj bezp\u0142atny<\/strong><\/td><\/tr><tr><td><strong>Dost\u0119pno\u015b\u0107<\/strong><\/td><td>R\u00f3wne \u015bcie\u017cki dla pieszych; pomosty mog\u0105 mie\u0107 \u015bliskie odcinki<\/td><\/tr><tr><td><strong>Dla dzieci<\/strong><\/td><td>Promenada, ma\u0142e place zabaw i p\u0142ytkie pla\u017ce wzd\u0142u\u017c obwodu.<\/td><\/tr><\/tbody><\/table><\/figure>\n\n\n\n<blockquote class=\"wp-block-quote is-layout-flow wp-block-quote-is-layout-flow\">\n<p><strong>Uwaga dotycz\u0105ca bezpiecze\u0144stwa:<\/strong> Nale\u017cy trzyma\u0107 si\u0119 z dala od stref ograniczonej pracy w porcie oznaczonych \u0142a\u0144cuchami lub znakami - s\u0105 one egzekwowane w celu zapewnienia bezpiecze\u0144stwa na morzu i odnotowane przez Ministerstwo Turystyki TRNC.<\/p>\n<\/blockquote>\n\n\n\n<hr class=\"wp-block-separator has-alpha-channel-opacity\"\/>\n\n\n\n<h3 class=\"wp-block-heading\">Ceny i godziny otwarcia<\/h3>\n\n\n\n<ul class=\"wp-block-list\">\n<li><strong>Dost\u0119p do promenady i wej\u015bcie do portu:<\/strong> <strong>Darmowy<\/strong><\/li>\n\n\n\n<li><strong>Restauracje serwuj\u0105ce owoce morza:<\/strong><br>- Zestaw Meze - <strong>$8-12<\/strong> na osob\u0119<br>- Grillowana ryba (oko\u0144 morski\/sardynka\/dorado) - <strong>$14-22<\/strong> na porcj\u0119<br>- \u015awie\u017ce ryby wed\u0142ug wagi - <strong>$18-30\/kg<\/strong> (r\u00f3\u017cni si\u0119 w zale\u017cno\u015bci od gatunku i pory roku)<br>- Kalmary\/o\u015bmiornice - <strong>$12-20<\/strong><br>- Kawa - <strong>$2-4<\/strong>desery - <strong>$3-6<\/strong><\/li>\n\n\n\n<li><strong>Wycieczki \u0142odzi\u0105 (sezonowe, 1-2 godziny):<\/strong> <strong>$20-30<\/strong> za osob\u0119; prywatne wycieczki (2-3 godziny): <strong>$120-180<\/strong> za \u0142\u00f3d\u017a (trasa po uzgodnieniu)<\/li>\n\n\n\n<li><strong>Taks\u00f3wka (Iskele-Bogaz):<\/strong> <strong>$10-15<\/strong> w jedn\u0105 stron\u0119<\/li>\n\n\n\n<li><strong>Parking:<\/strong> Zazwyczaj <strong>darmowy<\/strong> wzd\u0142u\u017c promenady i pobliskich ulic<\/li>\n<\/ul>\n\n\n\n<p><strong>Godziny otwarcia:<\/strong><\/p>\n\n\n\n<ul class=\"wp-block-list\">\n<li><strong>Promenada i pomieszczenia og\u00f3lnodost\u0119pne:<\/strong> Otwarty <strong>24\/7<\/strong><\/li>\n\n\n\n<li><strong>Tawerny i kawiarnie:<\/strong> Zazwyczaj <strong>11:00-23:00<\/strong> latem (do 22:00 poza sezonem); poranne kawiarnie czynne od <strong>08:00<\/strong><\/li>\n\n\n\n<li><strong>Targ rybny w porcie:<\/strong> Faza aktywna od <strong>07:30 do 09:00<\/strong> (w zale\u017cno\u015bci od po\u0142owu i pogody)<\/li>\n\n\n\n<li><strong>Wydarzenia miejskie:<\/strong> Odbywa si\u0119 zgodnie z odr\u0119bnym harmonogramem; og\u0142oszenia na stronie internetowej gminy Iskele<\/li>\n<\/ul>\n\n\n\n<blockquote class=\"wp-block-quote is-layout-flow wp-block-quote-is-layout-flow\">\n<p><strong>Praktyczna wskaz\u00f3wka:<\/strong> W szczycie sezonu (lipiec-sierpie\u0144) nale\u017cy zarezerwowa\u0107 stolik na zach\u00f3d s\u0142o\u0144ca z wyprzedzeniem i przyjecha\u0107 15-20 minut wcze\u015bniej, aby zapewni\u0107 sobie \u0142atwy parking w pobli\u017cu promenady.<\/p>\n<\/blockquote>\n\n\n\n<hr class=\"wp-block-separator has-alpha-channel-opacity\"\/>\n\n\n\n<p>Wioska rybacka Bogaz to spokojne nadmorskie miejsce idealne na spokojny dzie\u0144 nad wod\u0105 - spacer po porcie, delektowanie si\u0119 \u015bwie\u017cymi owocami morza i ch\u0142oni\u0119cie przytulnej atmosfery ma\u0142ego miasteczka portowego. Dla odwiedzaj\u0105cych jest to autentyczne spojrzenie na nadmorskie \u017cycie na Cyprze P\u00f3\u0142nocnym; dla tych, kt\u00f3rzy rozwa\u017caj\u0105 przeprowadzk\u0119 do Iskele, jest to \u015bwiadectwo <strong>Lokalny styl \u017cycia i opcje kulinarne<\/strong> w niewielkiej odleg\u0142o\u015bci od domu.<\/p>\n\n\n\n<h2 class=\"wp-block-heading\">10. Festiwal Iskele i wydarzenia kulturalne<\/h2>\n\n\n\n<figure class=\"wp-block-image size-full\"><img loading=\"lazy\" decoding=\"async\" width=\"900\" height=\"506\" src=\"https:\/\/cypria.homes\/wp-content\/uploads\/2026\/03\/cyprus-festival-folklore-dancers_rezultat-edited.webp\" alt=\"10 najwi\u0119kszych atrakcji w Iskele: Co zwiedzi\u0107 dla podr\u00f3\u017cnik\u00f3w i os\u00f3b rozwa\u017caj\u0105cych relokacj\u0119?\" class=\"wp-image-6250\" srcset=\"https:\/\/cypria.homes\/wp-content\/uploads\/2026\/03\/cyprus-festival-folklore-dancers_rezultat-edited.webp 900w, https:\/\/cypria.homes\/wp-content\/uploads\/2026\/03\/cyprus-festival-folklore-dancers_rezultat-edited-300x169.webp 300w, https:\/\/cypria.homes\/wp-content\/uploads\/2026\/03\/cyprus-festival-folklore-dancers_rezultat-edited-18x10.webp 18w\" sizes=\"auto, (max-width: 900px) 100vw, 900px\" \/><\/figure>\n\n\n\n<p>Festiwal Iskele i wydarzenia kulturalne obejmuj\u0105 t\u0119tni\u0105cy \u017cyciem kalendarz uroczysto\u015bci miejskich - od tygodniowego letniego festiwalu po nadmorskie weekendy kulinarne i targi przyjazne rodzinie. Pe\u0142ne harmonogramy, mapy miejsc i aktualizacje z ostatniej chwili s\u0105 publikowane na oficjalnej stronie internetowej gminy Iskele, podczas gdy sezonowe wskaz\u00f3wki i informacje dotycz\u0105ce bezpiecze\u0144stwa mo\u017cna znale\u017a\u0107 na krajowych platformach, takich jak Ministerstwo Turystyki TRNC i Visit Cyprus.<br><strong>Co j\u0105 wyr\u00f3\u017cnia?<\/strong> Bogaty kalendarz kulturalny w odleg\u0142o\u015bci spaceru od dzielnic mieszkalnych i promenady Long Beach - idealny zar\u00f3wno dla mieszka\u0144c\u00f3w, jak i go\u015bci.<\/p>\n\n\n\n<blockquote class=\"wp-block-quote is-layout-flow wp-block-quote-is-layout-flow\">\n<p><strong>Wa\u017cne:<\/strong> Harmonogramy wydarze\u0144, zamkni\u0119cia ulic, plany parkingowe i czasy fajerwerk\u00f3w s\u0105 nast\u0119puj\u0105ce <strong>regularnie aktualizowane<\/strong> na portalu gminy Iskele. Sprawd\u017a najnowsze zmiany przed wyruszeniem w drog\u0119.<\/p>\n<\/blockquote>\n\n\n\n<hr class=\"wp-block-separator has-alpha-channel-opacity\"\/>\n\n\n\n<h3 class=\"wp-block-heading\">Lokalizacja i dojazd<\/h3>\n\n\n\n<ul class=\"wp-block-list\">\n<li><strong>G\u0142\u00f3wne miejsca:<\/strong><br>- Centralny plac Iskele i przylegaj\u0105cy do niego park miejski<br>- Amfiteatr i promenada w Long Beach<br>- Nabrze\u017ce Bogaz na weekendy z owocami morza<\/li>\n\n\n\n<li><strong>Odleg\u0142o\u015bci:<\/strong><br>- Z centrum Iskele do Long Beach: <strong>\u22483-5 km<\/strong> (10-12 minut jazdy samochodem)<br>- Do Bogaza: <strong>\u224810-12 km<\/strong> (15-20 minut)<br>- Z Famagusty do miejsc festiwalowych: <strong>\u224812-28 km<\/strong> (15-35 minut)<\/li>\n\n\n\n<li><strong>Transport publiczny:<\/strong><br>Minibusy Dolmu\u015f kursuj\u0105 mi\u0119dzy Iskele i Famagust\u0105, a tak\u017ce Iskele i Bogaz, przez ca\u0142y dzie\u0144. W dni festiwalowe, <strong>us\u0142ugi dodatkowe<\/strong> mog\u0105 by\u0107 zaplanowane - sprawdzaj aktualizacje na miejskiej stronie internetowej.<\/li>\n\n\n\n<li><strong>Taks\u00f3wki:<\/strong><br>W obr\u0119bie Iskele - <strong>$6-10<\/strong> za przejazd<br>Iskele do Bogaz - <strong>$10-15<\/strong><\/li>\n\n\n\n<li><strong>Parking:<\/strong><br>W pobli\u017cu miejsc wydarze\u0144 dost\u0119pny jest bezp\u0142atny parking miejski. W godzinach szczytu, <strong>dzia\u0142ki tymczasowe<\/strong> s\u0105 oznaczone i oznakowane.<\/li>\n<\/ul>\n\n\n\n<blockquote class=\"wp-block-quote is-layout-flow wp-block-quote-is-layout-flow\">\n<p><strong>Wskaz\u00f3wka:<\/strong> Przyjed\u017a 20-30 minut przed rozpocz\u0119ciem wieczornego programu, aby zabezpieczy\u0107 parking i sprawnie przej\u015b\u0107 przez kontrol\u0119 przy wej\u015bciu.<\/p>\n<\/blockquote>\n\n\n\n<hr class=\"wp-block-separator has-alpha-channel-opacity\"\/>\n\n\n\n<h3 class=\"wp-block-heading\">Czego do\u015bwiadczy\u0107<\/h3>\n\n\n\n<ul class=\"wp-block-list\">\n<li><strong>Mi\u0119dzynarodowy Festiwal Iskele (lato)<\/strong><br>Tydzie\u0144 r\u00f3\u017cnorodnych wydarze\u0144 w centrum miasta z koncertami, zespo\u0142ami folklorystycznymi, targami rzemios\u0142a, interaktywnymi strefami dla dzieci, warsztatami, zaj\u0119ciami sportowymi i fina\u0142em fajerwerk\u00f3w.<\/li>\n\n\n\n<li><strong>Long Beach Summer Stage<\/strong><br>Nadmorskie miejsce na \u015bwie\u017cym powietrzu, w kt\u00f3rym odbywaj\u0105 si\u0119 koncerty jazzowe i popowe, wieczory filmowe na \u015bwie\u017cym powietrzu, joga o zachodzie s\u0142o\u0144ca i wyst\u0119py taneczne.<\/li>\n\n\n\n<li><strong>Weekend z owocami morza w Bogaz<\/strong><br>Tematyczne weekendy kulinarne w porcie Bogaz ze specjalnym menu, pokazami grillowania ryb na \u017cywo i setami akustycznymi o zachodzie s\u0142o\u0144ca.<\/li>\n\n\n\n<li><strong>Dni Rodziny i M\u0142odzie\u017cy<\/strong><br>Og\u00f3lnomiejskie questy, laboratoria dla dzieci, k\u0105ciki artystyczne i gry na \u015bwie\u017cym powietrzu w przyjaznej i \u015bwi\u0105tecznej atmosferze.<\/li>\n\n\n\n<li><strong>Wystawy i targi rzemios\u0142a<\/strong><br>Lokalna ceramika, tekstylia, oliwa z oliwek, mi\u00f3d i wyroby z drewna - wielu sprzedawc\u00f3w oferuje degustacje i pokazy.<\/li>\n<\/ul>\n\n\n\n<hr class=\"wp-block-separator has-alpha-channel-opacity\"\/>\n\n\n\n<h3 class=\"wp-block-heading\">Przegl\u0105d wydarze\u0144 rocznych<\/h3>\n\n\n\n<figure class=\"wp-block-table\"><table class=\"has-fixed-layout\"><thead><tr><th><strong>Wydarzenie<\/strong><\/th><th><strong>Sezon<\/strong><\/th><th><strong>Lokalizacja<\/strong><\/th><th><strong>Najwa\u017cniejsze wydarzenia<\/strong><\/th><\/tr><\/thead><tbody><tr><td>Mi\u0119dzynarodowy Festiwal Iskele<\/td><td>Koniec czerwca - pocz\u0105tek lipca<\/td><td>Plac Centralny, park miejski<\/td><td>Ceremonia otwarcia, parady, koncerty headliner\u00f3w, fajerwerki<\/td><\/tr><tr><td>Long Beach Summer Stage<\/td><td>Lipiec - sierpie\u0144 (wieczory)<\/td><td>Amfiteatr i promenada w Long Beach<\/td><td>Kino plenerowe, muzyka na \u017cywo, joga na pla\u017cy<\/td><\/tr><tr><td>Weekend z owocami morza w Bogaz<\/td><td>Maj - wrzesie\u0144 (wybrane weekendy)<\/td><td>Bogaz promenada i port<\/td><td>Degustacje, muzyka na \u017cywo, sezonowe menu rybne<\/td><\/tr><tr><td>Dzie\u0144 Rodziny i M\u0142odzie\u017cy<\/td><td>Wiosna \/ Jesie\u0144<\/td><td>Parki i ulice miejskie<\/td><td>Gry, warsztaty, interaktywne eksponaty<\/td><\/tr><tr><td>Rynek zimowy<\/td><td>Grudzie\u0144<\/td><td>G\u0142\u00f3wny plac<\/td><td>Instalacje artystyczne, ch\u00f3ry, lokalne pami\u0105tki<\/td><\/tr><\/tbody><\/table><\/figure>\n\n\n\n<blockquote class=\"wp-block-quote is-layout-flow wp-block-quote-is-layout-flow\">\n<p><strong>Kluczowy szczeg\u00f3\u0142:<\/strong> Ostateczne daty i sk\u0142ady s\u0105 publikowane w oficjalnym programie na stronie internetowej gminy Iskele. Og\u00f3lne sezonowe wytyczne dla odwiedzaj\u0105cych i zasady dotycz\u0105ce wydarze\u0144 publicznych s\u0105 dost\u0119pne na stronie Visit Cyprus i na stronie Ministerstwa Turystyki TRNC.<\/p>\n<\/blockquote>\n\n\n\n<hr class=\"wp-block-separator has-alpha-channel-opacity\"\/>\n\n\n\n<h3 class=\"wp-block-heading\">Ceny i harmonogram<\/h3>\n\n\n\n<ul class=\"wp-block-list\">\n<li><strong>Wst\u0119p:<\/strong><br>Wi\u0119kszo\u015b\u0107 wydarze\u0144 publicznych to <strong>darmowy<\/strong>. Na niekt\u00f3re koncerty i pokazy filmowe mog\u0105 by\u0107 wymagane bilety.<\/li>\n\n\n\n<li><strong>Przybli\u017cone ceny bilet\u00f3w:<\/strong><br>- Koncerty headliner\u00f3w - <strong>$10-25<\/strong><br>- Kino plenerowe - <strong>$4-8<\/strong><br>- Warsztaty dla dzieci - <strong>$3-7<\/strong> (materia\u0142y w zestawie)<\/li>\n\n\n\n<li><strong>Ceny w strefie gastronomicznej:<\/strong><br>- Woda (0,5 l) - <strong>$1-2<\/strong>lemoniada - <strong>$2-3<\/strong>kawa - <strong>$2-4<\/strong><br>- Lokalne przek\u0105ski (meze, g\u00f6zleme, kebab) - <strong>$4-9<\/strong><br>- Grillowane zestawy rybne podczas Bogaz Seafood Weekend - <strong>$12-22<\/strong><\/li>\n\n\n\n<li><strong>Parking:<\/strong><br>Miejskie parkingi s\u0105 zazwyczaj <strong>darmowy<\/strong>tymczasowe strefy w pobli\u017cu scen mog\u0105 pobiera\u0107 op\u0142aty <strong>$2-4<\/strong> (wed\u0142ug uznania organizatora)<\/li>\n\n\n\n<li><strong>Metody p\u0142atno\u015bci:<\/strong><br>Wi\u0119kszo\u015b\u0107 sprzedawc\u00f3w zewn\u0119trznych akceptuje <strong>got\u00f3wka (TRY)<\/strong>Niekt\u00f3re stoiska przyjmuj\u0105 r\u00f3wnie\u017c karty.<\/li>\n<\/ul>\n\n\n\n<hr class=\"wp-block-separator has-alpha-channel-opacity\"\/>\n\n\n\n<h3 class=\"wp-block-heading\">Godziny pracy<\/h3>\n\n\n\n<ul class=\"wp-block-list\">\n<li><strong>Programy wieczorne:<\/strong> Zazwyczaj <strong>19:30-23:00<\/strong> (sezon letni)<\/li>\n\n\n\n<li><strong>Wydarzenia rodzinne:<\/strong> Zacznij od <strong>17:00-18:00<\/strong><\/li>\n\n\n\n<li><strong>Sesje poranne (wy\u015bcigi, rynki):<\/strong> Rozpocz\u0105\u0107 oko\u0142o <strong>08:00-11:00<\/strong><\/li>\n\n\n\n<li><strong>Czas trwania Mi\u0119dzynarodowego Festiwalu Iskele:<\/strong> Zazwyczaj <strong>7-10 kolejnych dni<\/strong><\/li>\n\n\n\n<li><strong>Op\u00f3\u017anienia pogodowe lub zmiana harmonogramu:<\/strong> \u015aled\u017a aktualizacje w czasie rzeczywistym na portalu miejskim<\/li>\n<\/ul>\n\n\n\n<blockquote class=\"wp-block-quote is-layout-flow wp-block-quote-is-layout-flow\">\n<p><strong>Praktyczna wskaz\u00f3wka:<\/strong> We\u017a ze sob\u0105 lekk\u0105 kurtk\u0119 na wieczorn\u0105 bryz\u0119, wod\u0119 i ochron\u0119 przeciws\u0142oneczn\u0105 na wydarzenia w ci\u0105gu dnia i zarezerwuj miejsca wcze\u015bniej na g\u0142\u00f3wne pokazy, poniewa\u017c liczba miejsc jest ograniczona.<\/p>\n<\/blockquote>\n\n\n\n<hr class=\"wp-block-separator has-alpha-channel-opacity\"\/>\n\n\n\n<p>Kalendarz Iskele Festival oferuje dobrze zorganizowan\u0105 logistyk\u0119, przyjazn\u0105 atmosfer\u0119 spo\u0142eczno\u015bci i wysokiej jako\u015bci rozrywk\u0119 nad morzem. Dla odwiedzaj\u0105cych jest to \u017cywy dodatek do ka\u017cdego planu podr\u00f3\u017cy; dla nowo przyby\u0142ych, kt\u00f3rzy rozwa\u017caj\u0105 przeprowadzk\u0119 do tego obszaru, odzwierciedla on <strong>t\u0119tni\u0105ce \u017cyciem kulturalnym miasto, oferta sp\u0119dzania wolnego czasu i zaanga\u017cowane \u017cycie lokalne<\/strong>.<\/p>\n\n\n\n<p>Iskele oferuje rzadkie po\u0142\u0105czenie naturalnego pi\u0119kna, historycznego uroku i nowoczesnej infrastruktury - gdzie idealny dzie\u0144 mo\u017ce rozpocz\u0105\u0107 si\u0119 porannym biegiem wzd\u0142u\u017c Long Beach, kontynuowa\u0107 nadmorskim lunchem w Bogaz, a zako\u0144czy\u0107 zachodem s\u0142o\u0144ca nad zamkiem Kantara. Okolica zapewnia wyra\u017ane okno na codzienne \u017cycie: kawiarnie i targi s\u0105 w zasi\u0119gu r\u0119ki, jest promenada do aktywno\u015bci na \u015bwie\u017cym powietrzu, pobliskie szko\u0142y i us\u0142ugi oraz ciche dzielnice mieszkalne nad morzem.<\/p>\n\n\n\n<p>Iskele, Cypr, bez wysi\u0142ku \u0142\u0105czy <em>Atrakcje w Iskele<\/em> z podstawami praktycznego <em>Iskele - przewodnik turystyczny po Cyprze<\/em>-z <em>Miejsca, kt\u00f3re trzeba zobaczy\u0107 w Iskele<\/em> do <em>Najlepszy obszar do \u017cycia w Iskele<\/em>. Je\u015bli rozwa\u017casz <em>mieszkaj\u0105cy w Iskele na Cyprze P\u00f3\u0142nocnym<\/em> lub <em>przeprowadzka do Iskele<\/em>przyjrze\u0107 si\u0119 bli\u017cej <em>nieruchomo\u015b\u0107 w pobli\u017cu Long Beach Iskele<\/em>-S\u0105 to doskona\u0142e lokalizacje zar\u00f3wno pod wzgl\u0119dem stylu \u017cycia, jak i inwestycji.<\/p>\n\n\n\n<p>Zostaw zapytanie, a nasz zesp\u00f3\u0142 pomo\u017ce Ci znale\u017a\u0107 idealn\u0105 nieruchomo\u015b\u0107 do zakupu.<\/p>\n\n\n\n<p><\/p>","protected":false},"excerpt":{"rendered":"<p>Iskele (znane r\u00f3wnie\u017c jako Trikomo) to nadmorska gmina na [...]<\/p>","protected":false},"author":16,"featured_media":6234,"comment_status":"closed","ping_status":"closed","sticky":false,"template":"","format":"standard","meta":{"_acf_changed":false,"footnotes":""},"categories":[174,5],"tags":[],"class_list":["post-6233","post","type-post","status-publish","format-standard","has-post-thumbnail","hentry","category-all","category-guides"],"acf":[],"_links":{"self":[{"href":"https:\/\/cypria.homes\/pl\/wp-json\/wp\/v2\/posts\/6233","targetHints":{"allow":["GET"]}}],"collection":[{"href":"https:\/\/cypria.homes\/pl\/wp-json\/wp\/v2\/posts"}],"about":[{"href":"https:\/\/cypria.homes\/pl\/wp-json\/wp\/v2\/types\/post"}],"author":[{"embeddable":true,"href":"https:\/\/cypria.homes\/pl\/wp-json\/wp\/v2\/users\/16"}],"replies":[{"embeddable":true,"href":"https:\/\/cypria.homes\/pl\/wp-json\/wp\/v2\/comments?post=6233"}],"version-history":[{"count":3,"href":"https:\/\/cypria.homes\/pl\/wp-json\/wp\/v2\/posts\/6233\/revisions"}],"predecessor-version":[{"id":6252,"href":"https:\/\/cypria.homes\/pl\/wp-json\/wp\/v2\/posts\/6233\/revisions\/6252"}],"wp:featuredmedia":[{"embeddable":true,"href":"https:\/\/cypria.homes\/pl\/wp-json\/wp\/v2\/media\/6234"}],"wp:attachment":[{"href":"https:\/\/cypria.homes\/pl\/wp-json\/wp\/v2\/media?parent=6233"}],"wp:term":[{"taxonomy":"category","embeddable":true,"href":"https:\/\/cypria.homes\/pl\/wp-json\/wp\/v2\/categories?post=6233"},{"taxonomy":"post_tag","embeddable":true,"href":"https:\/\/cypria.homes\/pl\/wp-json\/wp\/v2\/tags?post=6233"}],"curies":[{"name":"wp","href":"https:\/\/api.w.org\/{rel}","templated":true}]}}