{"id":6122,"date":"2026-03-08T18:32:51","date_gmt":"2026-03-08T15:32:51","guid":{"rendered":"https:\/\/cypria.homes\/?p=6122"},"modified":"2026-03-08T18:32:53","modified_gmt":"2026-03-08T15:32:53","slug":"lapta-a-destination-guide-and-property-overview-for-lifestyle-and-investment","status":"publish","type":"post","link":"https:\/\/cypria.homes\/tr\/uncat\/lapta-a-destination-guide-and-property-overview-for-lifestyle-and-investment\/","title":{"rendered":"Lapta: Ya\u015fam Tarz\u0131 ve Yat\u0131r\u0131m i\u00e7in Destinasyon Rehberi ve M\u00fclklere Genel Bak\u0131\u015f"},"content":{"rendered":"<p>Girne'nin bat\u0131s\u0131nda yer alan bir k\u0131y\u0131 m\u00fccevheri olan Lapta, da\u011flar\u0131n Akdeniz'le bulu\u015ftu\u011fu noktada yer almaktad\u0131r. Il\u0131man iklimi, geli\u015fmi\u015f tatil k\u00f6y\u00fc altyap\u0131s\u0131 ve b\u00fcy\u00fcyen emlak piyasas\u0131yla tan\u0131nan Lapta, hem bir ta\u015f\u0131nma hedefi hem de bir gayrimenkul yat\u0131r\u0131m noktas\u0131 olarak giderek daha cazip hale gelmektedir. K\u0131br\u0131s Meteoroloji Dairesi'nin de teyit etti\u011fi gibi iklim tipik Akdeniz ko\u015fullar\u0131yla uyum g\u00f6sterirken, Kuzey K\u0131br\u0131s Bay\u0131nd\u0131rl\u0131k ve Ula\u015ft\u0131rma Bakanl\u0131\u011f\u0131 taraf\u0131ndan y\u00f6netilen Girne-Lapta otoyolu sayesinde b\u00f6lge m\u00fckemmel ba\u011flant\u0131 olanaklar\u0131ndan faydalanmaktad\u0131r.<\/p>\n\n\n\n<p>Bu rehberde, emlak fiyat kar\u015f\u0131la\u015ft\u0131rmalar\u0131n\u0131, mevcut konut t\u00fcrlerine genel bir bak\u0131\u015f\u0131 (Lapta sat\u0131l\u0131k emlak, Lapta sat\u0131l\u0131k villalar, deniz manzaral\u0131 daireler), vergi ve har\u00e7lar\u0131n bir \u00f6zetini (Kuzey K\u0131br\u0131s emlak vergileri) ve yabanc\u0131 al\u0131c\u0131lar i\u00e7in sat\u0131n alma s\u00fcrecinin ad\u0131m ad\u0131m bir d\u00f6k\u00fcm\u00fcn\u00fc (Lapta'da yabanc\u0131 olarak nas\u0131l m\u00fclk sat\u0131n al\u0131n\u0131r) bulacaks\u0131n\u0131z.<\/p>\n\n\n\n<h2 class=\"wp-block-heading\">Lapta'ya Genel Bak\u0131\u015f: Co\u011frafya ve \u0130klim<\/h2>\n\n\n\n<p><iframe src=\"https:\/\/www.google.com\/maps\/embed?pb=!1m18!1m12!1m3!1d42769.51316657205!2d4.2454696499999995!3d45.18219805!2m3!1f0!2f0!3f0!3m2!1i1024!2i768!4f13.1!3m3!1m2!1s0x47f5965f03dee3c5%3A0xa0f82b6aee3adfb5!2s43200%20Lapte%2C%20France!5e1!3m2!1sen!2sru!4v1772981842476!5m2!1sen!2sru\" width=\"600\" height=\"450\" style=\"border:0;\" allowfullscreen=\"\" loading=\"lazy\" referrerpolicy=\"no-referrer-when-downgrade\"><\/iframe><\/p>\n\n\n\n<p><strong>Lapta, Kuzey K\u0131br\u0131s<\/strong>Girne'nin bat\u0131s\u0131nda, Akdeniz ile Be\u015fparmak (Girne) Da\u011flar\u0131'n\u0131n engebeli zirveleri aras\u0131nda yer alan bir sahil kasabas\u0131d\u0131r. Deniz kenar\u0131ndaki araziyi terasl\u0131 da\u011f etekleriyle birle\u015ftiren manzara, s\u00fcrekli deniz meltemleri ve yaz aylar\u0131nda g\u00f6zle g\u00f6r\u00fcl\u00fcr bir g\u00fcnd\u00fcz-gece s\u0131cakl\u0131k kontrast\u0131 yaratmaktad\u0131r. K\u00f6ppen s\u0131n\u0131fland\u0131rmas\u0131na g\u00f6re, b\u00f6lge ge\u00e7i\u015f b\u00f6lgesi i\u00e7inde yer almaktad\u0131r. <strong>BSh b\u00f6lgesi<\/strong>-\u0131l\u0131man k\u0131\u015flar, d\u00fc\u015f\u00fck y\u0131ll\u0131k ya\u011f\u0131\u015f miktar\u0131 ve uzun s\u00fcreli kurak mevsim ile karakterize edilen Akdeniz ve yar\u0131 kurak iklimin bir kar\u0131\u015f\u0131m\u0131.<\/p>\n\n\n\n<p>B\u00f6lge i\u00e7in iklim verileri K\u0131br\u0131s Cumhuriyeti Meteoroloji Dairesi taraf\u0131ndan yay\u0131nlan\u0131rken, yol altyap\u0131s\u0131 ve eri\u015fim yollar\u0131 K\u0131br\u0131s Cumhuriyeti Meteoroloji Dairesi taraf\u0131ndan denetlenmektedir. <a href=\"http:\/\/www.bub.gov.ct.tr\/\" target=\"_blank\" rel=\"noreferrer noopener\">KKTC Bay\u0131nd\u0131rl\u0131k ve Ula\u015ft\u0131rma Bakanl\u0131\u011f\u0131<\/a>. Toplula\u015ft\u0131r\u0131lm\u0131\u015f makroekonomik g\u00f6stergeler, T\u00fcrkiye'deki <a href=\"https:\/\/www.cystat.gov.cy\" target=\"_blank\" rel=\"noreferrer noopener\">K\u0131br\u0131s \u0130statistik Servisi (CYSTAT)<\/a>.<\/p>\n\n\n\n<blockquote class=\"wp-block-quote is-layout-flow wp-block-quote-is-layout-flow\">\n<p><strong>\u00d6nemli ger\u00e7ekler:<\/strong> Y\u0131ll\u0131k ortalama s\u0131cakl\u0131k yakla\u015f\u0131k olarak <strong>19 \u00b0C<\/strong>; y\u0131ll\u0131k toplam ya\u011f\u0131\u015f miktar\u0131 <strong>350-400 mm<\/strong>. Seyahat ve ta\u015f\u0131nma i\u00e7in en uygun aylar \u015funlard\u0131r <strong>Nisan - Haziran<\/strong> ve <strong>Eyl\u00fcl - Ekim<\/strong>. (Lapta iklimi ve hava durumu)<\/p>\n<\/blockquote>\n\n\n\n<hr class=\"wp-block-separator has-alpha-channel-opacity\"\/>\n\n\n\n<h3 class=\"wp-block-heading\">Co\u011frafi Konum ve Eri\u015filebilirlik<\/h3>\n\n\n\n<ul class=\"wp-block-list\">\n<li><strong>Koordinatlar:<\/strong> Yakla\u015f\u0131k 35.34\u00b0 N, 33.17\u00b0 E; koylar ve k\u00fc\u00e7\u00fck plajlarla i\u015faretlenmi\u015f uzun ve \u00e7e\u015fitli bir sahil \u015feridi.<\/li>\n\n\n\n<li><strong>Topografya:<\/strong> Be\u015fparmak eteklerine do\u011fru y\u00fckselen bir k\u0131y\u0131 teras\u0131; geli\u015fmi\u015f yerle\u015fim alanlar\u0131n\u0131n y\u00fcksekli\u011fi deniz seviyesinden 200-250 metreye kadar de\u011fi\u015fmektedir.<\/li>\n\n\n\n<li><strong>Ula\u015f\u0131m ba\u011flant\u0131s\u0131:<\/strong> Girne merkeze yakla\u015f\u0131k 12-15 km ve Ercan Havaalan\u0131'na (ECN) sahil otoyolu \u00fczerinden 55-60 km uzakl\u0131ktad\u0131r; yerel minib\u00fcs (dolmu\u015f) ve taksi a\u011f\u0131 ile hizmet verilmektedir. (Lapta ula\u015f\u0131m)<\/li>\n<\/ul>\n\n\n\n<blockquote class=\"wp-block-quote is-layout-flow wp-block-quote-is-layout-flow\">\n<p><strong>Pratik not:<\/strong> Ercan Havaliman\u0131'ndan Lapta'ya yolculuk genellikle \u015fu \u015fekilde s\u00fcrer <strong>45-60 dakika<\/strong>Da\u011f ge\u00e7idi yok ve t\u00fcm yol boyunca d\u00fcz, sahil yolu var.<\/p>\n<\/blockquote>\n\n\n\n<hr class=\"wp-block-separator has-alpha-channel-opacity\"\/>\n\n\n\n<h3 class=\"wp-block-heading\">\u0130klim: Mevsimsellik, S\u0131cakl\u0131klar, Ya\u011f\u0131\u015f<\/h3>\n\n\n\n<p>Lapta'da uzun bir kurak mevsim ve k\u0131sa, ya\u011f\u0131\u015fl\u0131 bir k\u0131\u015f ya\u015fan\u0131r. Serinletici deniz meltemleri ve da\u011f g\u00f6lgesi, k\u0131y\u0131ya yak\u0131n g\u00fcnd\u00fcz s\u0131cakl\u0131\u011f\u0131n\u0131 hafifletmeye yard\u0131mc\u0131 olurken, \u00fcst yama\u00e7 mahalleleri daha serin gecelerden yararlan\u0131r. A\u015fa\u011f\u0131da mevsimsel iklim da\u011f\u0131l\u0131m\u0131 verilmi\u015ftir (Lapta iklimi ve hava durumu):<\/p>\n\n\n\n<figure class=\"wp-block-table\"><table class=\"has-fixed-layout\"><thead><tr><th>Sezon<\/th><th>G\u00fcnd\u00fcz S\u0131cakl\u0131\u011f\u0131 (\u00b0C)<\/th><th>Gece S\u0131cakl\u0131\u011f\u0131 (\u00b0C)<\/th><th>Ya\u011f\u0131\u015f miktar\u0131 (mm\/ay)<\/th><th>Deniz S\u0131cakl\u0131\u011f\u0131 (\u00b0C)<\/th><\/tr><\/thead><tbody><tr><td>\u0130lkbahar (Mart-May\u0131s)<\/td><td>18-25<\/td><td>10-16<\/td><td>15-30<\/td><td>18-21 (May\u0131s'a kadar)<\/td><\/tr><tr><td>Yaz (Haziran-A\u011fustos)<\/td><td>30-35<\/td><td>22-26<\/td><td>0-5<\/td><td>24-28<\/td><\/tr><tr><td>Sonbahar (Eyl\u00fcl-Kas\u0131m)<\/td><td>22-30<\/td><td>14-22<\/td><td>20-50<\/td><td>21-26<\/td><\/tr><tr><td>K\u0131\u015f (Aral\u0131k-\u015eubat)<\/td><td>14-18<\/td><td>7-10<\/td><td>60-90<\/td><td>17-19<\/td><\/tr><\/tbody><\/table><\/figure>\n\n\n\n<blockquote class=\"wp-block-quote is-layout-flow wp-block-quote-is-layout-flow\">\n<p><strong>\u00d6nemli:<\/strong> En y\u00fcksek \u0131s\u0131 \u015fu saatlerde olu\u015fur <strong>Temmuz ve A\u011fustos<\/strong>g\u00fcnd\u00fcz s\u0131cakl\u0131klar\u0131n\u0131n en y\u00fcksek ve ya\u011f\u0131\u015flar\u0131n en az oldu\u011fu zamand\u0131r. Gayrimenkul incelemeleri ve a\u00e7\u0131k hava etkinlikleri i\u00e7in en rahat d\u00f6nem <strong>Nisan - Haziran<\/strong> ve <strong>Eyl\u00fcl - Ekim<\/strong>.<\/p>\n<\/blockquote>\n\n\n\n<hr class=\"wp-block-separator has-alpha-channel-opacity\"\/>\n\n\n\n<h3 class=\"wp-block-heading\">\u0130klimin Ya\u015fam Tarz\u0131 ve Yer Se\u00e7imi \u00dczerindeki Etkisi<\/h3>\n\n\n\n<ul class=\"wp-block-list\">\n<li><strong>Lapta'da ya\u015f\u0131yorum:<\/strong> K\u0131y\u0131 mahalleleri esintilerden ve daha \u0131l\u0131man yaz gecelerinden yararlan\u0131rken, 150-200 metrenin \u00fczerindeki yama\u00e7 b\u00f6lgeleri daha serin bir mikro iklim ve geni\u015fletilmi\u015f deniz manzaras\u0131 sunmaktad\u0131r.<\/li>\n\n\n\n<li><strong>Lapta ya\u015fam tarz\u0131 rehberi:<\/strong> Uzun kurak mevsim plaj aktivitelerini, Lapta Sahil Y\u00fcr\u00fcy\u00fc\u015f Yolu boyunca y\u00fcr\u00fcmeyi ve g\u00f6lgeli da\u011f yollar\u0131n\u0131 ke\u015ffetmeyi te\u015fvik eder.<\/li>\n\n\n\n<li><strong>G\u00fcne\u015f \u0131\u015f\u0131\u011f\u0131na maruz kalma ve ev tasar\u0131m\u0131:<\/strong> Pergolalar, g\u00f6lgelikler ve r\u00fczgar perdeleri pop\u00fcler eklentilerdir. Enerji verimlili\u011fi i\u00e7in konut sakinleri genellikle koruyucu panjurlar, yans\u0131t\u0131c\u0131 camlar ve b\u00f6lgelere ayr\u0131lm\u0131\u015f klima sistemleri kurmaktad\u0131r.<\/li>\n<\/ul>\n\n\n\n<hr class=\"wp-block-separator has-alpha-channel-opacity\"\/>\n\n\n\n<h3 class=\"wp-block-heading\">Eri\u015fim ve Lojistik: \"Yolun Co\u011frafyas\u0131\"<\/h3>\n\n\n\n<p>Lapta'ya eri\u015fim, b\u00f6lgesel otoyollara (Lapta altyap\u0131s\u0131) ba\u011flant\u0131lar\u0131 olan k\u0131y\u0131 Girne-Lapta ekseni \u00fczerinden sa\u011flanmaktad\u0131r. Yol durumu, in\u015faat g\u00fcncellemeleri ve s\u00fcr\u00fc\u015f d\u00fczenlemeleri Lapta Belediyesi'nin web sitesinde yay\u0131nlanmaktad\u0131r. <a href=\"http:\/\/www.bub.gov.ct.tr\/\" target=\"_blank\" rel=\"noreferrer noopener\">KKTC Bay\u0131nd\u0131rl\u0131k ve Ula\u015ft\u0131rma Bakanl\u0131\u011f\u0131<\/a>. \u0130stikrarl\u0131 hava ko\u015fullar\u0131 - minimum kar ya\u011f\u0131\u015f\u0131 veya f\u0131rt\u0131nayla ilgili k\u0131s\u0131tlamalar - ara s\u0131ra g\u00f6r\u00fclen k\u0131sa s\u00fcreli k\u0131\u015f sa\u011fanak ya\u011f\u0131\u015flar\u0131 d\u0131\u015f\u0131nda y\u0131l boyunca yola eri\u015filebilirli\u011fi garanti eder.<\/p>\n\n\n\n<hr class=\"wp-block-separator has-alpha-channel-opacity\"\/>\n\n\n\n<h3 class=\"wp-block-heading\">Co\u011frafya ve \u0130klimle \u0130lgili G\u00f6sterge Maliyetler (Avro cinsinden)<\/h3>\n\n\n\n<ul class=\"wp-block-list\">\n<li><strong>Ercan Havaliman\u0131'ndan Lapta'ya taksi:<\/strong> Tek y\u00f6n \u20ac45-\u20ac60 (seyahat s\u00fcresi: 45-60 dakika; gece ek \u00fccretleri veya trafik gecikmeleri hesaba kat\u0131lmaz).<\/li>\n\n\n\n<li><strong>Ara\u00e7 kiralama (g\u00fcnl\u00fck):<\/strong> D\u00fc\u015f\u00fck sezonda \u20ac25-\u20ac40; talep nedeniyle fiyatlar yaz aylar\u0131nda daha y\u00fcksek olma e\u011filimindedir.<\/li>\n\n\n\n<li><strong>\u0130ki yatak odal\u0131 bir daire i\u00e7in tahmini yaz so\u011futma maliyetleri:<\/strong> Orta d\u00fczeyde klima kullan\u0131m\u0131 ile ayda 90-140 \u20ac.<\/li>\n\n\n\n<li><strong>Halk plaj\u0131nda \u015fezlong + \u015femsiye seti:<\/strong> Yo\u011fun sezonda g\u00fcnl\u00fck \u20ac5-\u20ac10.<\/li>\n<\/ul>\n\n\n\n<blockquote class=\"wp-block-quote is-layout-flow wp-block-quote-is-layout-flow\">\n<p><strong>Not:<\/strong> Bu rakamlar g\u00f6sterge niteli\u011findedir ve planlama ama\u00e7l\u0131d\u0131r. Nihai maliyetler mevsimsellik, tam konum, hizmet sa\u011flay\u0131c\u0131 ve piyasa ko\u015fullar\u0131na g\u00f6re de\u011fi\u015fecektir.<\/p>\n<\/blockquote>\n\n\n\n<h2 class=\"wp-block-heading\">Altyap\u0131 ve Ula\u015f\u0131m<\/h2>\n\n\n\n<figure class=\"wp-block-image size-large\"><img loading=\"lazy\" decoding=\"async\" width=\"1024\" height=\"545\" src=\"https:\/\/cypria.homes\/wp-content\/uploads\/2026\/03\/kipr_bus01-751x400_rezultat-1024x545.webp\" alt=\"Lapta: Ya\u015fam Tarz\u0131 ve Yat\u0131r\u0131m i\u00e7in Destinasyon Rehberi ve M\u00fclklere Genel Bak\u0131\u015f\" class=\"wp-image-6123\" srcset=\"https:\/\/cypria.homes\/wp-content\/uploads\/2026\/03\/kipr_bus01-751x400_rezultat-1024x545.webp 1024w, https:\/\/cypria.homes\/wp-content\/uploads\/2026\/03\/kipr_bus01-751x400_rezultat-300x160.webp 300w, https:\/\/cypria.homes\/wp-content\/uploads\/2026\/03\/kipr_bus01-751x400_rezultat-18x10.webp 18w, https:\/\/cypria.homes\/wp-content\/uploads\/2026\/03\/kipr_bus01-751x400_rezultat.webp 1127w\" sizes=\"auto, (max-width: 1024px) 100vw, 1024px\" \/><\/figure>\n\n\n\n<p><strong>Lapta, Kuzey K\u0131br\u0131s<\/strong>deniz kenar\u0131ndaki oteller ve kafelerden okullara, sa\u011fl\u0131k hizmetlerine, bankalara ve g\u00fcvenilir ileti\u015fime kadar tatil k\u00f6y\u00fc d\u00fczeyindeki olanaklar ile g\u00fcnl\u00fck kolayl\u0131klar\u0131n dengeli bir kar\u0131\u015f\u0131m\u0131n\u0131 sunmaktad\u0131r. Girne'ye yak\u0131nl\u0131\u011f\u0131 verimli bir banliy\u00f6 ak\u0131\u015f\u0131n\u0131 desteklerken, sahil otoyolu da b\u00f6lge genelindeki \u00f6nemli hizmetlere h\u0131zl\u0131 eri\u015fim sa\u011flamaktad\u0131r. Yerle\u015fim planlamas\u0131 ve g\u00fcnl\u00fck navigasyon i\u00e7in, a\u015fa\u011f\u0131daki resmi kaynaklara ba\u015fvurun <a href=\"http:\/\/www.bub.gov.ct.tr\/\" target=\"_blank\" rel=\"noreferrer noopener\">KKTC Bay\u0131nd\u0131rl\u0131k ve Ula\u015ft\u0131rma Bakanl\u0131\u011f\u0131<\/a> (Lapta ula\u015f\u0131m\u0131), Girne Belediyesi (kamu hizmetleri ve kamu hizmetlerini kapsar) ve Girne Belediyesi taraf\u0131ndan yay\u0131nlanan t\u0131bbi tesis listeleri. <a href=\"http:\/\/www.saglik.gov.ct.tr\" target=\"_blank\" rel=\"noreferrer noopener\">KKTC Sa\u011fl\u0131k Bakanl\u0131\u011f\u0131<\/a>.<\/p>\n\n\n\n<blockquote class=\"wp-block-quote is-layout-flow wp-block-quote-is-layout-flow\">\n<p><strong>\u00d6nemli:<\/strong> Kuzey K\u0131br\u0131s'ta ara\u00e7 kullan\u0131m\u0131 sol el sistemini takip etmektedir. Kentsel alanlarda daha d\u00fc\u015f\u00fck h\u0131z s\u0131n\u0131rlar\u0131 ve zorunlu emniyet kemeri kullan\u0131m\u0131 uygulanmaktad\u0131r. S\u00fcr\u00fc\u015ften \u00f6nce, Kuzey K\u0131br\u0131s'taki mevcut trafik d\u00fczenlemelerini g\u00f6zden ge\u00e7irin. <a href=\"http:\/\/www.bub.gov.ct.tr\/\" target=\"_blank\" rel=\"noreferrer noopener\">Bakanl\u0131\u011f\u0131n resmi web sitesi<\/a>.<\/p>\n<\/blockquote>\n\n\n\n<h3 class=\"wp-block-heading\">Eri\u015filebilirlik ve Transit Haritas\u0131<\/h3>\n\n\n\n<p>Lapta, Girne-Lapta k\u0131y\u0131 koridoruna do\u011frudan ba\u011fl\u0131d\u0131r ve Ercan Havaliman\u0131'na (ECN) do\u011frudan karayolu eri\u015fimi vard\u0131r, da\u011f ge\u00e7idi yoktur. \u015eehir i\u00e7inde, b\u00f6lgelere taksiler ve yerel minib\u00fcsler (dolmu\u015f) hizmet verirken, bir\u00e7ok b\u00f6lge sakini hareketlili\u011fi en \u00fcst d\u00fczeye \u00e7\u0131karmak i\u00e7in ara\u00e7 kiralamay\u0131 tercih ediyor.<\/p>\n\n\n\n<figure class=\"wp-block-table\"><table class=\"has-fixed-layout\"><thead><tr><th>G\u00fczergah \/ Servis<\/th><th>Mesafe \/ S\u00fcre<\/th><th>Frekans<\/th><th>Tahmini Maliyet (\u20ac)<\/th><\/tr><\/thead><tbody><tr><td>Ercan (ECN) \u2192 Taksi ile Lapta<\/td><td>\u224855-60 km \/ 45-60 dakika<\/td><td>Talep \u00fczerine, 7\/24<\/td><td>Tek y\u00f6n \u20ac45-\u20ac60<\/td><\/tr><tr><td>Lapta \u2194 Girne (Dolmu\u015f)<\/td><td>\u224812-15 km \/ 20-30 dakika<\/td><td>Her 10-20 dakikada bir (g\u00fcnd\u00fcz)<\/td><td>Yolculuk ba\u015f\u0131na 1,5-\u20ac3<\/td><\/tr><tr><td>Ara\u00e7 Kiralama (B\/C S\u0131n\u0131f\u0131)<\/td><td>-<\/td><td>G\u00fcnl\u00fck \/ Haftal\u0131k<\/td><td>G\u00fcnl\u00fck \u20ac25-\u20ac40 (yo\u011fun sezonda daha y\u00fcksek)<\/td><\/tr><tr><td>Yak\u0131t (benzin, 1 litre)<\/td><td>-<\/td><td>-<\/td><td>1,2- 1,5 \u20ac (d\u00f6viz kuruna ba\u011fl\u0131 olarak)<\/td><\/tr><tr><td>Otopark (plajlar\/kafeler)<\/td><td>-<\/td><td>-<\/td><td>Genellikle \u00fccretsiz veya \u20ac1-\u20ac3<\/td><\/tr><\/tbody><\/table><\/figure>\n\n\n\n<blockquote class=\"wp-block-quote is-layout-flow wp-block-quote-is-layout-flow\">\n<p><strong>Pratik ipucu:<\/strong> Lapta ve Girne aras\u0131ndaki toplu ta\u015f\u0131ma ara\u00e7lar\u0131 g\u00fcn boyunca s\u0131k s\u0131k \u00e7al\u0131\u015fmaktad\u0131r, ancak ak\u015fam saatlerinde hizmet olduk\u00e7a yava\u015flamaktad\u0131r. Gece ge\u00e7 saatlerde seyahat etmek i\u00e7in \u00f6nceden bir taksi ayarlaman\u0131z tavsiye edilir.<\/p>\n<\/blockquote>\n\n\n\n<h3 class=\"wp-block-heading\">Toplu Ta\u015f\u0131ma ve Taksiler<\/h3>\n\n\n\n<ul class=\"wp-block-list\">\n<li><strong>Dolmu\u015f Minib\u00fcsleri:<\/strong> Lapta ve Girne aras\u0131nda gidip gelmek i\u00e7in en b\u00fct\u00e7e dostu se\u00e7enek. G\u00fcn boyunca her 10-20 dakikada bir \u00e7al\u0131\u015f\u0131rlar, ak\u015famlar\u0131 ve hafta sonlar\u0131 daha az hizmet verirler. \u00d6deme \u015fof\u00f6re nakit olarak yap\u0131l\u0131r (genellikle T\u00fcrk liras\u0131 olarak; euro de\u011ferleri referans i\u00e7in g\u00f6sterilmi\u015ftir).<\/li>\n\n\n\n<li><strong>Taksiler:<\/strong> Sabit \u00fccretler veya \u00f6l\u00e7\u00fcl\u00fc tarifeler \u00fczerinden \u00e7al\u0131\u015f\u0131r. Havaalan\u0131 transferleri i\u00e7in \u00f6nceden rezervasyon yap\u0131lmal\u0131d\u0131r. Lapta i\u00e7inde tipik bir yolculuk 5-10\u20ac, Girne merkeze ise 12-18\u20ac civar\u0131ndad\u0131r.<\/li>\n\n\n\n<li><strong>Araba Kiralama:<\/strong> Temmuz'dan Eyl\u00fcl'e kadar yo\u011fun talep g\u00f6rmektedir. 1-2 hafta \u00f6ncesinden rezervasyon yap\u0131lmas\u0131 tavsiye edilir. Gelmeyi planlayanlar i\u00e7in <strong>Lapta'da ya\u015famak<\/strong>Bir araba kiralamak veya sahip olmak, \u00f6zellikle m\u00fclkleri incelerken \u00f6nemli \u00f6l\u00e7\u00fcde daha fazla esneklik sunar.<\/li>\n<\/ul>\n\n\n\n<h3 class=\"wp-block-heading\">Yol Ko\u015fullar\u0131 ve G\u00fcvenlik<\/h3>\n\n\n\n<ul class=\"wp-block-list\">\n<li><strong>Yol Kalitesi:<\/strong> K\u0131y\u0131 otoyolu ve ana arterler asfaltt\u0131r ve iyi durumdad\u0131r. Daha k\u00fc\u00e7\u00fck yerle\u015fim caddeleri daha dar olabilir ve genellikle okullar\u0131n ve plajlar\u0131n yak\u0131n\u0131nda h\u0131z t\u00fcmsekleri i\u00e7erir.<\/li>\n\n\n\n<li><strong>Sol Elle S\u00fcr\u00fc\u015f:<\/strong> D\u00f6nel kav\u015faklarda ve U d\u00f6n\u00fc\u015fleri yaparken ekstra dikkatli olunmas\u0131 tavsiye edilir. G\u00fcnd\u00fcz saatlerinde tan\u0131d\u0131k rotalarda k\u0131sa bir \"adaptasyon s\u00fcr\u00fc\u015f\u00fc\" yapmak faydal\u0131 olacakt\u0131r.<\/li>\n\n\n\n<li><strong>Trafik D\u00fczenlemeleri:<\/strong> H\u0131z limitleri, emniyet kemeri yasalar\u0131 ve \u00e7ocuk g\u00fcvenlik koltu\u011fu gereklilikleri KKTC Ula\u015ft\u0131rma Bakanl\u0131\u011f\u0131 taraf\u0131ndan yay\u0131nlanmaktad\u0131r.<\/li>\n<\/ul>\n\n\n\n<h3 class=\"wp-block-heading\">Sosyal Altyap\u0131<\/h3>\n\n\n\n<ul class=\"wp-block-list\">\n<li><strong>Sa\u011fl\u0131k hizmetleri:<\/strong> Girne'de hem kamu hem de \u00f6zel kliniklerin yan\u0131 s\u0131ra uzun ve n\u00f6bet\u00e7i saatler boyunca hizmet veren eczaneler bulunmaktad\u0131r. Hizmetlerin ve irtibat ki\u015filerinin g\u00fcncel bir listesi KKTC Sa\u011fl\u0131k Bakanl\u0131\u011f\u0131 taraf\u0131ndan tutulmaktad\u0131r.<\/li>\n\n\n\n<li><strong>E\u011fitim:<\/strong> Devlet okullar\u0131 T\u00fcrk ulusal m\u00fcfredat\u0131n\u0131 takip ederken, \u00f6zel anaokullar\u0131 ve uluslararas\u0131 okullar arabayla 15-25 dakika i\u00e7inde mevcuttur.<\/li>\n\n\n\n<li><strong>G\u00fcnl\u00fck Hizmetler:<\/strong> S\u00fcpermarketler, f\u0131r\u0131nlar, taze g\u0131da marketleri, bankalar ve ATM'lere kolayca ula\u015f\u0131labilir. Yerel kamu hizmetleri ve bay\u0131nd\u0131rl\u0131k i\u015fleri (su ve \u00e7evre d\u00fczenlemesi gibi) <a href=\"http:\/\/www.girnebelediyesi.com\" target=\"_blank\" rel=\"noreferrer noopener\">Girne Belediyesi<\/a>.<\/li>\n<\/ul>\n\n\n\n<blockquote class=\"wp-block-quote is-layout-flow wp-block-quote-is-layout-flow\">\n<p><strong>Lapta'da g\u00fcnl\u00fck ya\u015fam i\u00e7in gereklidir:<\/strong> Eczaneler, ma\u011fazalar ve temel hizmetler y\u00fcr\u00fcme mesafesindeyken, b\u00fcy\u00fck al\u0131\u015fveri\u015f merkezleri, \u00f6zel klinikler ve i\u015f merkezleri sahil otoyolu \u00fczerinden arabayla sadece 15-25 dakika uzakl\u0131ktad\u0131r.<\/p>\n<\/blockquote>\n\n\n\n<h3 class=\"wp-block-heading\">Tatil K\u00f6y\u00fc Ambiyans\u0131 ve E\u011flence<\/h3>\n\n\n\n<ul class=\"wp-block-list\">\n<li><strong>Gezinti Yollar\u0131 ve Plajlar:<\/strong> Sahil y\u00fcr\u00fcy\u00fc\u015f ve ko\u015fu yollar\u0131, hizmet verilen plaj b\u00f6lgeleri ve sahil kul\u00fcpleri \u00e7ok y\u00f6nl\u00fc bir dinlenme ve rahatlama kar\u0131\u015f\u0131m\u0131 sunmaktad\u0131r.<\/li>\n\n\n\n<li><strong>Yemek ve Gece Hayat\u0131:<\/strong> Tavernalar meze ve taze deniz \u00fcr\u00fcnleri servis ederken, deniz manzaral\u0131 kafeler rahat bir atmosfer sunmaktad\u0131r. Bir yemek i\u00e7in (alkol hari\u00e7) ki\u015fi ba\u015f\u0131 yakla\u015f\u0131k 12-20 \u20ac \u00f6demeyi bekleyin.<\/li>\n\n\n\n<li><strong>Spor ve Etkinlikler:<\/strong> Yaz se\u00e7enekleri aras\u0131nda dal\u0131\u015f merkezleri, k\u00fcrek s\u00f6rf\u00fc ve kano (15-35 \u20ac\/saat) yer al\u0131rken, ilkbahar ve sonbahar Be\u015fparmak'\u0131n g\u00f6lgeli yama\u00e7lar\u0131nda trekking yapmak i\u00e7in idealdir.<\/li>\n<\/ul>\n\n\n\n<h2 class=\"wp-block-heading\">Lapta'da Ya\u015fam ve E\u011flence: K\u00fclt\u00fcr ve Rekreasyon<\/h2>\n\n\n\n<figure class=\"wp-block-image size-large\"><img loading=\"lazy\" decoding=\"async\" width=\"1024\" height=\"506\" src=\"https:\/\/cypria.homes\/wp-content\/uploads\/2026\/03\/festivals_rezultat-1024x506.webp\" alt=\"Lapta: Ya\u015fam Tarz\u0131 ve Yat\u0131r\u0131m i\u00e7in Destinasyon Rehberi ve M\u00fclklere Genel Bak\u0131\u015f\" class=\"wp-image-6126\" srcset=\"https:\/\/cypria.homes\/wp-content\/uploads\/2026\/03\/festivals_rezultat-1024x506.webp 1024w, https:\/\/cypria.homes\/wp-content\/uploads\/2026\/03\/festivals_rezultat-300x148.webp 300w, https:\/\/cypria.homes\/wp-content\/uploads\/2026\/03\/festivals_rezultat-18x9.webp 18w, https:\/\/cypria.homes\/wp-content\/uploads\/2026\/03\/festivals_rezultat.webp 1214w\" sizes=\"auto, (max-width: 1024px) 100vw, 1024px\" \/><\/figure>\n\n\n\n<p><strong>Lapta, Kuzey K\u0131br\u0131s<\/strong>k\u00fclt\u00fcrel, sportif ve aile odakl\u0131 faaliyetlerin \u00e7ok y\u00f6nl\u00fc bir kar\u0131\u015f\u0131m\u0131n\u0131 sunarak hem uzun s\u00fcreli ya\u015fam i\u00e7in cazip bir yer haline getirmektedir (<em>Lapta'da ya\u015famak<\/em>) ve k\u0131sa s\u00fcreli tatiller. Nisan ay\u0131ndan Kas\u0131m ay\u0131na kadar s\u00fcren aktif sezon, hem belediye hem de \u00f6zel giri\u015fimler arac\u0131l\u0131\u011f\u0131yla d\u00fczenlenen canl\u0131 bir etkinlik takvimi ile desteklenmektedir. Bo\u015f zamanlar\u0131n\u0131z\u0131 ve etkinliklerinizi planlamak i\u00e7in <a href=\"http:\/\/www.girnebelediyesi.com\" target=\"_blank\" rel=\"noreferrer noopener\">Girne Belediyesi<\/a> ve KKTC Turizm Bakanl\u0131\u011f\u0131'n\u0131n duyurular\u0131.<\/p>\n\n\n\n<blockquote class=\"wp-block-quote is-layout-flow wp-block-quote-is-layout-flow\">\n<p><strong>Anahtar zamanlama:<\/strong> K\u00fclt\u00fcrel takvim \u015fu g\u00fcnlerde zirveye ula\u015f\u0131r <strong>Nisan-Haziran<\/strong> ve <strong>Eyl\u00fcl-Ekim<\/strong>ise <strong>Temmuz ve A\u011fustos<\/strong> plaj etkinlikleri ve canl\u0131 deniz kenar\u0131 gece hayat\u0131 ile zengindir (<em>Lapta'da yap\u0131lacak \u015feyler<\/em>).<\/p>\n<\/blockquote>\n\n\n\n<h3 class=\"wp-block-heading\">Etkinlik Takvimi ve Festivaller<\/h3>\n\n\n\n<ul class=\"wp-block-list\">\n<li><strong>Lapta Turizm Festivali (Haziran):<\/strong> Canl\u0131 konserler, el sanatlar\u0131 fuarlar\u0131, sokak yeme\u011fi alanlar\u0131. Giri\u015f genellikle \u00fccretsizdir; belirli performanslar \u00fccretli olabilir (5-15\u20ac).<\/li>\n\n\n\n<li><strong>Lale ve Orkide Festivalleri (Bahar):<\/strong> Etnik programlar, yerel pazarlar ve rehberli do\u011fa y\u00fcr\u00fcy\u00fc\u015fleri. Bir\u00e7ok etkinlik \u00fccretsizdir.<\/li>\n\n\n\n<li><strong>Girne'de belediye tatilleri ve fuarlar:<\/strong> A\u00e7\u0131k hava film geceleri, sergiler ve \u00e7ocuk etkinlikleri. Kontrol edin <a href=\"http:\/\/www.girnebelediyesi.com\" target=\"_blank\" rel=\"noreferrer noopener\">Girne web sitesi<\/a> g\u00fcncellemeler i\u00e7in.<\/li>\n<\/ul>\n\n\n\n<blockquote class=\"wp-block-quote is-layout-flow wp-block-quote-is-layout-flow\">\n<p><strong>Not:<\/strong> Halka a\u00e7\u0131k b\u00fcy\u00fck etkinliklerde resmi sa\u011fl\u0131k ve g\u00fcvenlik y\u00f6netmeliklerine uyulur. G\u00fcncel k\u0131lavuz KKTC Sa\u011fl\u0131k Bakanl\u0131\u011f\u0131 taraf\u0131ndan yay\u0131nlanmaktad\u0131r.<\/p>\n<\/blockquote>\n\n\n\n<h3 class=\"wp-block-heading\">Tarih, El Sanatlar\u0131 ve Yerel Kimlik<\/h3>\n\n\n\n<ul class=\"wp-block-list\">\n<li><strong>Girne K\u0131y\u0131 Miras\u0131:<\/strong> Kaleler, manast\u0131rlar ve kervansaraylar k\u0131sa s\u00fcr\u00fc\u015f mesafesinde yer almaktad\u0131r. Giri\u015f \u00fccretleri genellikle 2-5 Avro'dur.<\/li>\n\n\n\n<li><strong>Geleneksel El Sanatlar\u0131:<\/strong> Lapta nak\u0131\u015flar\u0131, ah\u015fap oymac\u0131l\u0131\u011f\u0131 ve seramikleri festivaller s\u0131ras\u0131nda sergilenmekte ve genellikle at\u00f6lye \u00e7al\u0131\u015fmalar\u0131 d\u00fczenlenmektedir (seans ba\u015f\u0131na 10-20 Avro).<\/li>\n\n\n\n<li><strong>K\u00fclt\u00fcr Merkezleri ve Galeriler:<\/strong> K\u00fc\u00e7\u00fck \u00f6zel mek\u00e2nlar ve belediye salonlar\u0131, genellikle giri\u015fi \u00fccretsiz olan samimi sergilere ve konferanslara ev sahipli\u011fi yapmaktad\u0131r.<\/li>\n<\/ul>\n\n\n\n<h3 class=\"wp-block-heading\">Gastronomi ve Gece Hayat\u0131<\/h3>\n\n\n\n<ul class=\"wp-block-list\">\n<li><strong>Yerel Tavernalar:<\/strong> K\u0131br\u0131s mezeleri, taze deniz \u00fcr\u00fcnleri ve hellim peyniri ile yap\u0131lan yemeklerin tad\u0131n\u0131 \u00e7\u0131kar\u0131n. Alkols\u00fcz ortalama yemek maliyeti: ki\u015fi ba\u015f\u0131 12-20 \u20ac.<\/li>\n\n\n\n<li><strong>Sahil Kafe ve Barlar\u0131:<\/strong> Sahil kafeleri ve canl\u0131 m\u00fczikli yaz salonlar\u0131. Kokteyller: \u20ac6-\u20ac9; bir kadeh \u015farap: \u20ac4-\u20ac6.<\/li>\n\n\n\n<li><strong>\u00c7ift\u00e7i Pazarlar\u0131:<\/strong> Mevsimlik \u00fcr\u00fcnler, peynirler ve zeytinya\u011f\u0131. \u0130ki ki\u015filik piknik sepeti: \u20ac10-\u20ac15.<\/li>\n<\/ul>\n\n\n\n<figure class=\"wp-block-image size-large\"><img loading=\"lazy\" decoding=\"async\" width=\"1024\" height=\"576\" src=\"https:\/\/cypria.homes\/wp-content\/uploads\/2026\/03\/imgonline-com-ua-resize-cze6zk4mvytcgto6_rezultat-1024x576.webp\" alt=\"Lapta: Ya\u015fam Tarz\u0131 ve Yat\u0131r\u0131m i\u00e7in Destinasyon Rehberi ve M\u00fclklere Genel Bak\u0131\u015f\" class=\"wp-image-6128\" srcset=\"https:\/\/cypria.homes\/wp-content\/uploads\/2026\/03\/imgonline-com-ua-resize-cze6zk4mvytcgto6_rezultat-1024x576.webp 1024w, https:\/\/cypria.homes\/wp-content\/uploads\/2026\/03\/imgonline-com-ua-resize-cze6zk4mvytcgto6_rezultat-300x169.webp 300w, https:\/\/cypria.homes\/wp-content\/uploads\/2026\/03\/imgonline-com-ua-resize-cze6zk4mvytcgto6_rezultat-18x10.webp 18w, https:\/\/cypria.homes\/wp-content\/uploads\/2026\/03\/imgonline-com-ua-resize-cze6zk4mvytcgto6_rezultat.webp 1066w\" sizes=\"auto, (max-width: 1024px) 100vw, 1024px\" \/><\/figure>\n\n\n\n<h3 class=\"wp-block-heading\">Plajlar, Deniz ve A\u00e7\u0131k Hava Etkinlikleri<\/h3>\n\n\n\n<ul class=\"wp-block-list\">\n<li><strong>Plaj Olanaklar\u0131:<\/strong> \u015eezlong + \u015femsiye: \u20ac5-\u20ac10\/g\u00fcn. Du\u015flar ve soyunma kabinleri \u00fccretsizdir veya c\u00fczi bir \u00fccrete tabidir.<\/li>\n\n\n\n<li><strong>Su Aktiviteleri:<\/strong> Kay\u0131k\/SUP: 15-25\u20ac\/saat; Pedall\u0131 tekne: 20-30\u20ac\/saat; Dal\u0131\u015f merkezi (giri\u015f dal\u0131\u015f\u0131): 45-\u20ac60 (ekipman dahil).<\/li>\n\n\n\n<li><strong>Tekne Gezileri:<\/strong> 2-3 saatlik grup gezileri: ki\u015fi ba\u015f\u0131 20-35 \u20ac; 4 saatlik \u00f6zel kiralama: 180-300 \u20ac (m\u00fcrettebat ve yak\u0131t dahil).<\/li>\n\n\n\n<li><strong>Y\u00fcr\u00fcy\u00fc\u015f ve Bisiklet:<\/strong> Be\u015fparmak yama\u00e7lar\u0131nda panoramik k\u0131y\u0131 manzaral\u0131 parkurlar. Sezon d\u0131\u015f\u0131nda, su tedarikli sabah y\u00fcr\u00fcy\u00fc\u015fleri tavsiye edilir.<\/li>\n<\/ul>\n\n\n\n<blockquote class=\"wp-block-quote is-layout-flow wp-block-quote-is-layout-flow\">\n<p><strong>\u0130pucu:<\/strong> Su faaliyetlerinin \u00e7o\u011fu \u015fu kaynaklardan y\u00fcr\u00fct\u00fclmektedir <strong>9:00 - 18:00<\/strong>. Temmuz ve A\u011fustos aylar\u0131nda, s\u0131cakl\u0131k nedeniyle seanslar\u0131 sabah veya \u00f6\u011fleden sonra ge\u00e7 saatlere planlamak en iyisidir.<\/p>\n<\/blockquote>\n\n\n\n<h3 class=\"wp-block-heading\">Aile E\u011flence ve Sa\u011fl\u0131k<\/h3>\n\n\n\n<ul class=\"wp-block-list\">\n<li><strong>Aile Tatil K\u00f6yleri:<\/strong> G\u00fcnl\u00fck kullan\u0131m kart\u0131 sunan otellerdeki havuzlar, oyun alanlar\u0131 ve \u00e7ocuk kul\u00fcpleri: Ki\u015fi ba\u015f\u0131 10-25 \u20ac.<\/li>\n\n\n\n<li><strong>Spa ve Fitness:<\/strong> Hamam veya sauna: \u20ac12-\u20ac20; Masaj (50-60 dakika): \u20ac35-\u20ac60; Ayl\u0131k fitness kul\u00fcb\u00fc \u00fcyeli\u011fi: \u20ac30-\u20ac50.<\/li>\n\n\n\n<li><strong>\u00c7ocuk E\u011fitim Etkinlikleri:<\/strong> Sanat, el sanatlar\u0131 ve yemek at\u00f6lyeleri: Seans ba\u015f\u0131na 8-15 \u20ac.<\/li>\n<\/ul>\n\n\n\n<h3 class=\"wp-block-heading\">Bo\u015f Zaman B\u00fct\u00e7e Rehberi: 2024 Tahminleri (Euro cinsinden)<\/h3>\n\n\n\n<figure class=\"wp-block-table\"><table class=\"has-fixed-layout\"><thead><tr><th>Etkinlik<\/th><th>Tahmini Maliyet (\u20ac)<\/th><th>Notlar<\/th><\/tr><\/thead><tbody><tr><td>Bir tavernada ak\u015fam yeme\u011fi (ki\u015fi ba\u015f\u0131)<\/td><td>\u20ac12-\u20ac20<\/td><td>Alkol hari\u00e7tir; meze + ana yemek dahildir<\/td><\/tr><tr><td>Giri\u015f Dal\u0131\u015f\u0131<\/td><td>\u20ac45-\u20ac60<\/td><td>Ekipman dahil<\/td><\/tr><tr><td>Tekne turu (2-3 saat)<\/td><td>\u20ac20-\u20ac35<\/td><td>Fiyatland\u0131rma talebe g\u00f6re de\u011fi\u015fir<\/td><\/tr><tr><td>Havuzlu g\u00fcn\u00fcbirlik otel<\/td><td>\u20ac10-\u20ac25<\/td><td>Otel kategorisine g\u00f6re de\u011fi\u015fir<\/td><\/tr><tr><td>Plaj \u015fezlongu + \u015femsiye<\/td><td>\u20ac5-\u20ac10<\/td><td>Y\u00fcksek sezon \u00fcst aral\u0131\u011fa daha yak\u0131n<\/td><\/tr><\/tbody><\/table><\/figure>\n\n\n\n<blockquote class=\"wp-block-quote is-layout-flow wp-block-quote-is-layout-flow\">\n<p><strong>Aile Hafta Sonu B\u00fct\u00e7esi (2 yeti\u015fkin + 1 \u00e7ocuk):<\/strong> Plaj zaman\u0131, ak\u015fam yeme\u011fi ve tekne gezisi dahil tam bir hafta sonu genellikle <strong>\u20ac90-\u20ac140<\/strong>transferler hari\u00e7.<\/p>\n<\/blockquote>\n\n\n\n<h3 class=\"wp-block-heading\">Bo\u015f Zamanlar\u0131n\u0131z\u0131 Planlama: Kaynaklar ve G\u00fcvenlik<\/h3>\n\n\n\n<ul class=\"wp-block-list\">\n<li><strong>Etkinlik Listeleri:<\/strong> K\u00fclt\u00fcrel takvimler ve belediye programlar\u0131 <a href=\"http:\/\/www.girnebelediyesi.com\" target=\"_blank\" rel=\"noreferrer noopener\">Girne Belediyesi web sitesi<\/a>. KKTC Turizm Bakanl\u0131\u011f\u0131 taraf\u0131ndan b\u00f6lgesel festivaller ve fuarlar d\u00fczenlenmektedir.<\/li>\n\n\n\n<li><strong>Sa\u011fl\u0131k ve G\u00fcvenlik \u0130pu\u00e7lar\u0131:<\/strong> Hidrasyon, g\u00fcne\u015ften korunma ve yo\u011fun olmayan saatler \u00e7ok \u00f6nemlidir. Konsolide g\u00fcvenlik tavsiyeleri <a href=\"http:\/\/www.saglik.gov.ct.tr\" target=\"_blank\" rel=\"noreferrer noopener\">KKTC Sa\u011fl\u0131k Bakanl\u0131\u011f\u0131<\/a>.<\/li>\n\n\n\n<li><strong>Sigorta:<\/strong> Su ve da\u011f aktiviteleri i\u00e7in, ilgili riskleri kapsayan seyahat sigortas\u0131 yapt\u0131rman\u0131z \u00f6nerilir.<\/li>\n<\/ul>\n\n\n\n<blockquote class=\"wp-block-quote is-layout-flow wp-block-quote-is-layout-flow\">\n<p><strong>Lapta Ya\u015fam Tarz\u0131 Rehberi i\u00e7in Sonu\u00e7:<\/strong> 15-20 dakikal\u0131k bir yar\u0131\u00e7ap i\u00e7inde plajlar, restoranlar, festivaller ve spor rotalar\u0131 bulacaks\u0131n\u0131z - tatmin edici bir k\u0131y\u0131 ya\u015fam tarz\u0131n\u0131 \u015fekillendirmek i\u00e7in gereken her \u015feyi sunuyor (<em>Lapta'da gurbet\u00e7i ya\u015fam\u0131<\/em>) y\u00f6netilebilir bir b\u00fct\u00e7e ve y\u0131l boyunca hizmetlere eri\u015fim.<\/p>\n<\/blockquote>\n\n\n\n<h2 class=\"wp-block-heading\">Lapta Emlak Piyasas\u0131: Emlak T\u00fcrleri ve Fiyatlara Genel Bak\u0131\u015f<\/h2>\n\n\n\n<p><strong>Lapta, Kuzey K\u0131br\u0131s<\/strong> k\u0131y\u0131 iklimi, Girne'ye yak\u0131nl\u0131\u011f\u0131 ve \u00e7e\u015fitli gayrimenkul teklifleri sayesinde s\u00fcrekli olarak al\u0131c\u0131lar\u0131n ilgisini \u00e7ekmeye devam ediyor. <em>deni\u0307z manzarali dai\u0307reler<\/em> y\u00f6netici s\u0131n\u0131f\u0131 \u00f6zel villalara kadar. Paran\u0131n kar\u015f\u0131l\u0131\u011f\u0131n\u0131 verme a\u00e7\u0131s\u0131ndan <em>Lapta sat\u0131l\u0131k emlak<\/em> segmenti \u00e7o\u011fu Akdeniz destinasyonuna k\u0131yasla olduk\u00e7a rekabet\u00e7i olmaya devam etmektedir. K\u0131br\u0131s'taki makro-ekonomik g\u00f6stergeler ve enflasyon e\u011filimleri, Avrupa Komisyonu'nun verileri kullan\u0131larak k\u0131yaslanabilir. <a href=\"https:\/\/www.cystat.gov.cy\" target=\"_blank\" rel=\"noreferrer noopener\">K\u0131br\u0131s \u0130statistik Servisi (CYSTAT)<\/a>Yerel vergi oranlar\u0131 ve har\u00e7lar ise <a href=\"http:\/\/www.vergi.gov.ct.tr\" target=\"_blank\" rel=\"noreferrer noopener\">KKTC Vergi Dairesi<\/a>. Uzun vadeli potansiyeli de\u011ferlendirmek i\u00e7in, demografik raporlar <a href=\"http:\/\/www.devplan.org\" target=\"_blank\" rel=\"noreferrer noopener\">KKTC Devlet Planlama Dairesi<\/a> de\u011ferli i\u00e7g\u00f6r\u00fcler sa\u011flar.<\/p>\n\n\n\n\n\n\n<blockquote class=\"wp-block-quote is-layout-flow wp-block-quote-is-layout-flow\">\n<p><strong>Anahtar \u00e7\u0131kar\u0131m:<\/strong> 2024 y\u0131l\u0131nda <em>Lapta K\u0131br\u0131s Emlak<\/em> Pazar, manzaraya, tapu durumuna ve geli\u015ftirme a\u015famas\u0131na ba\u011fl\u0131 olarak 85.000 \u20ac - 120.000 \u20ac aras\u0131nda fiyatland\u0131r\u0131lan ikinci s\u0131n\u0131f dairelerden 280.000 \u20ac ile 450.000 \u20ac+ aras\u0131nda de\u011fi\u015fen denize s\u0131f\u0131r villalara kadar geni\u015f bir fiyat yelpazesi sunmaktad\u0131r.<\/p>\n<\/blockquote>\n\n\n\n<h3 class=\"wp-block-heading\">Piyasada Bulunan Gayrimenkul T\u00fcrleri<\/h3>\n\n\n\n<ul class=\"wp-block-list\">\n<li><strong>Modern apartman kompleksleri (1-2 yatak odas\u0131):<\/strong> Tesisler tipik olarak havuzlar, spor salonlar\u0131, g\u00fcvenlik ve otopark\u0131 i\u00e7erir. Bu, her iki kategori i\u00e7in de pop\u00fcler bir kategoridir <em>Lapta'da m\u00fclk sat\u0131n al\u0131n<\/em> ve kira geliri.<\/li>\n\n\n\n<li><strong>\u015eehir evleri ve dubleksler:<\/strong> Aileler i\u00e7in tasarlanm\u0131\u015f, \u00f6zel terasl\u0131 veya k\u00fc\u00e7\u00fck bah\u00e7eli daireler, alan ve fiyat aras\u0131nda iyi bir denge sunuyor.<\/li>\n\n\n\n<li><strong>Villalar (3-5 yatak odas\u0131):<\/strong> \u00d6zel bah\u00e7elere, havuzlara ve panoramik manzaralara sahiptir. \u015eehrin merkezinde <em>Lapta sat\u0131l\u0131k villalar<\/em> segment.<\/li>\n\n\n\n<li><strong>\u00c7at\u0131 katlar\u0131 ve teras daireleri:<\/strong> A\u00e7\u0131k hava ya\u015fam\u0131na ve deniz manzaras\u0131na odaklanm\u0131\u015ft\u0131r.<\/li>\n\n\n\n<li><strong>\u00d6zel geli\u015ftirme i\u00e7in arsalar:<\/strong> Uzun s\u00fcreli kullan\u0131m i\u00e7in uygundur <em>Lapta gayrimenkul yat\u0131r\u0131m\u0131<\/em> Stratejiler.<\/li>\n\n\n\n<li><strong>\u00dcst d\u00fczey butik projeler:<\/strong> 8-15 deniz k\u0131y\u0131s\u0131 biriminden olu\u015fan s\u0131n\u0131rl\u0131 koleksiyonlar. \u00d6rnek olarak: \"Cyan Effect\" - denize yakla\u015f\u0131k 100 metre mesafede yer alan 9 villadan olu\u015fan birinci s\u0131n\u0131f bir site.<\/li>\n<\/ul>\n\n\n\n<h3 class=\"wp-block-heading\">Gayrimenkul Segmentine G\u00f6re Fiyat Aral\u0131\u011f\u0131 (Euro cinsinden)<\/h3>\n\n\n\n<figure class=\"wp-block-table\"><table class=\"has-fixed-layout\"><thead><tr><th>Kategori (Lapta sat\u0131l\u0131k emlak)<\/th><th>Tipik Boyut<\/th><th>Tahmini Fiyat (\u20ac)<\/th><th>Notlar<\/th><\/tr><\/thead><tbody><tr><td>1 yatak odal\u0131 daireler (2.-3. s\u0131ra)<\/td><td>45-60 m\u00b2<\/td><td>\u20ac85,000-\u20ac120,000<\/td><td>Havuz kompleksleri; yeniden sat\u0131\u015f veya kiralama i\u00e7in ideal<\/td><\/tr><tr><td>2 yatak odal\u0131 daireler (denize yak\u0131n)<\/td><td>70-90 m\u00b2<\/td><td>\u20ac120,000-\u20ac180,000<\/td><td>Deniz manzaras\u0131 ve olanaklar i\u00e7in daha y\u00fcksek fiyatlar<\/td><\/tr><tr><td>\u015eehir Evleri \/ Dubleksler<\/td><td>95-130 m\u00b2<\/td><td>\u20ac170,000-\u20ac250,000<\/td><td>\u00d6zel bah\u00e7eler veya verandalar; aile dostu<\/td><\/tr><tr><td>Villalar (yama\u00e7, panoramik manzaral\u0131)<\/td><td>150-250 m\u00b2<\/td><td>\u20ac280,000-\u20ac450,000<\/td><td>Deniz veya da\u011f manzaras\u0131, \u00f6zel havuzlar<\/td><\/tr><tr><td>Denize S\u0131f\u0131r Villalar (premium)<\/td><td>200-350 m\u00b2<\/td><td>\u20ac500,000-\u20ac900,000+<\/td><td>Do\u011frudan sahil kenar\u0131, s\u0131n\u0131rl\u0131 arz<\/td><\/tr><tr><td>Geli\u015ftirme Arazisi<\/td><td>400-1,200 m\u00b2<\/td><td>\u20ac80,000-\u20ac250,000+<\/td><td>Fiyatland\u0131rma imar ve konuma g\u00f6re de\u011fi\u015fir<\/td><\/tr><\/tbody><\/table><\/figure>\n\n\n\n<blockquote class=\"wp-block-quote is-layout-flow wp-block-quote-is-layout-flow\">\n<p><strong>\u00d6nemli:<\/strong> Bu rakamlar a\u00e7\u0131k piyasa listelerini yans\u0131tmaktad\u0131r ve kur dalgalanmalar\u0131, in\u015faat a\u015famas\u0131, y\u00fczeyler, manzaralar, tapu durumu ve \u00f6deme ko\u015fullar\u0131na g\u00f6re de\u011fi\u015fiklik g\u00f6sterebilir. Vergi hesaplamalar\u0131 ve \u00fccretler i\u00e7in a\u015fa\u011f\u0131daki k\u0131lavuza bak\u0131n\u0131z <a href=\"http:\/\/www.vergi.gov.ct.tr\" target=\"_blank\" rel=\"noreferrer noopener\">KKTC Vergi Dairesi<\/a>.<\/p>\n<\/blockquote>\n\n\n\n<h3 class=\"wp-block-heading\">Lokasyona g\u00f6re m\u00b2 ba\u015f\u0131na fiyat: Kar\u015f\u0131la\u015ft\u0131rmal\u0131 Rehber<\/h3>\n\n\n\n<figure class=\"wp-block-table\"><table class=\"has-fixed-layout\"><thead><tr><th>Konum<\/th><th>Daireler (\u20ac\/m\u00b2)<\/th><th>Villalar (\u20ac\/m\u00b2)<\/th><th>Temel Fakt\u00f6rler<\/th><\/tr><\/thead><tbody><tr><td>Deniz k\u0131y\u0131s\u0131 (manzara, do\u011frudan eri\u015fim)<\/td><td>\u20ac2,300-\u20ac3,200<\/td><td>\u20ac2,800-\u20ac3,800<\/td><td>Arazi k\u0131tl\u0131\u011f\u0131, y\u00fcksek talep<\/td><\/tr><tr><td>2. \/ 3. hat (800m i\u00e7inde)<\/td><td>\u20ac1,700-\u20ac2,300<\/td><td>\u20ac2,200-\u20ac3,000<\/td><td>Manzara, eri\u015fim ve sessizlik dengesi<\/td><\/tr><tr><td>Manzaral\u0131 yama\u00e7 (150-300m y\u00fckseklik)<\/td><td>\u20ac1,600-\u20ac2,100<\/td><td>\u20ac2,000-\u20ac2,800<\/td><td>Panoramik manzaralar; ara\u00e7 ba\u011f\u0131ml\u0131l\u0131\u011f\u0131<\/td><\/tr><\/tbody><\/table><\/figure>\n\n\n\n<h3 class=\"wp-block-heading\">Temel Fiyatland\u0131rma Etkenleri<\/h3>\n\n\n\n<ul class=\"wp-block-list\">\n<li><strong>Konum ve manzaralar:<\/strong> Denize s\u0131f\u0131r ve garantili deniz manzaralar\u0131, benzer i\u00e7 kesim se\u00e7eneklerine g\u00f6re 15-35%'lik bir prime sahiptir.<\/li>\n\n\n\n<li><strong>Kompleks olanaklar\u0131:<\/strong> Havuzlar, spor salonlar\u0131, konsiyerj ve g\u00fcvenlik gibi olanaklar kira getirisini ve yeniden sat\u0131\u015f de\u011ferini \u00f6nemli \u00f6l\u00e7\u00fcde art\u0131r\u0131r.<\/li>\n\n\n\n<li><strong>Geli\u015ftirme a\u015famas\u0131:<\/strong> Plan d\u0131\u015f\u0131 m\u00fclkler, tamamlanm\u0131\u015f birimlere k\u0131yasla 5-12% indirim sunabilir ancak daha y\u00fcksek zaman \u00e7izelgesi riskleri ta\u015f\u0131r.<\/li>\n\n\n\n<li><strong>Tapu ve izin durumu:<\/strong> Net yasal belgeler de\u011fer katar ve yeniden sat\u0131\u015f\u0131 kolayla\u015ft\u0131r\u0131r.<\/li>\n\n\n\n<li><strong>Ula\u015f\u0131m ve ba\u011flant\u0131:<\/strong> Girne'nin hizmetlerine ve ana yollar\u0131na yak\u0131nl\u0131k talebi art\u0131rmaktad\u0131r. Yol altyap\u0131s\u0131 g\u00fcncellemeleri i\u00e7in <a href=\"http:\/\/www.bub.gov.ct.tr\" target=\"_blank\" rel=\"noreferrer noopener\">KKTC Ula\u015ft\u0131rma Bakanl\u0131\u011f\u0131<\/a>.<\/li>\n<\/ul>\n\n\n\n<h3 class=\"wp-block-heading\">Kira Getirisi ve Yat\u0131r\u0131m Potansiyeli (Lapta kira getirileri)<\/h3>\n\n\n\n<ul class=\"wp-block-list\">\n<li><strong>Uzun s\u00fcreli kiralamalar:<\/strong> Deniz k\u0131y\u0131s\u0131ndaki daireler i\u00e7in br\u00fct getiriler, g\u00fc\u00e7l\u00fc doluluk varsay\u0131m\u0131yla tipik olarak y\u0131ll\u0131k 4% ila 6% aras\u0131nda de\u011fi\u015fmektedir.<\/li>\n\n\n\n<li><strong>K\u0131sa s\u00fcreli sezonluk kiralamalar:<\/strong> Aktif y\u00f6netim ile 6-10% br\u00fct getiri m\u00fcmk\u00fcnd\u00fcr; \u00fcst\u00fcn manzaral\u0131 ve sahile yak\u0131n m\u00fclkler daha y\u00fcksek oranlar kazanmaktad\u0131r.<\/li>\n\n\n\n<li><strong>Masraflar:<\/strong> Y\u0131ll\u0131k maliyetlere HOA\/kompleks \u00fccretleri (600\u20ac-1,200\u20ac), sigorta, kamu hizmetleri ve emlak vergileri dahil olabilir. <a href=\"http:\/\/www.vergi.gov.ct.tr\" target=\"_blank\" rel=\"noreferrer noopener\">KKTC oranlar\u0131<\/a>Bu da net getiriyi d\u00fc\u015f\u00fcr\u00fcr.<\/li>\n<\/ul>\n\n\n\n<blockquote class=\"wp-block-quote is-layout-flow wp-block-quote-is-layout-flow\">\n<p><strong>Yat\u0131r\u0131mc\u0131 notu:<\/strong> Geliri modellerken muhafazakar senaryolar kullan\u0131n (\u00f6rne\u011fin, k\u0131sa s\u00fcreli kiralamalar i\u00e7in 55-65% doluluk oran\u0131, sezon d\u0131\u015f\u0131 fiyatlar\u0131n daha d\u00fc\u015f\u00fck olmas\u0131) ve i\u015fletme maliyetlerini enflasyona endeksleyin. <a href=\"https:\/\/www.cystat.gov.cy\" target=\"_blank\" rel=\"noreferrer noopener\">CYSTAT'\u0131n makroekonomik verileri<\/a>.<\/p>\n<\/blockquote>\n\n\n\n<h3 class=\"wp-block-heading\">Hedef Kitleler ve Pazar Talebi<\/h3>\n\n\n\n<ul class=\"wp-block-list\">\n<li><strong>Son kullan\u0131c\u0131lar (ta\u015f\u0131nma\/tatil evleri):<\/strong> Sakinlik, plaj eri\u015fimi ve okullara yak\u0131nl\u0131k aray\u0131n. Genellikle \u015fehir evlerini veya iki yatak odal\u0131 daireleri se\u00e7erler.<\/li>\n\n\n\n<li><strong>Yat\u0131r\u0131mc\u0131lar:<\/strong> A\u015fa\u011f\u0131dakiler gibi likiditesi y\u00fcksek birimlere odaklan\u0131n <em>deni\u0307z manzarali dai\u0307reler<\/em> ve kompakt villalar. Erken a\u015famaya y\u00fcksek ilgi <em>Lapta'da m\u00fclk sat\u0131n al\u0131n<\/em> f\u0131rsatlar.<\/li>\n\n\n\n<li><strong>Premium al\u0131c\u0131lar:<\/strong> Hem sermaye de\u011fer kazan\u0131m\u0131 hem de ya\u015fam tarz\u0131 de\u011feriyle motive edilen, deniz k\u0131y\u0131s\u0131ndaki \u00f6zel butik geli\u015fmeleri hedefleyin.<\/li>\n<\/ul>\n\n\n\n<blockquote class=\"wp-block-quote is-layout-flow wp-block-quote-is-layout-flow\">\n<p><strong>Sonu\u00e7:<\/strong> <em>Lapta emlak fiyatlar\u0131<\/em> Deniz manzaras\u0131 ve do\u011frudan k\u0131y\u0131 eri\u015fimi i\u00e7in kayda de\u011fer primlerle birlikte istikrarl\u0131 bir aral\u0131k g\u00f6stermektedir. Listeleri konum ve proje durumuna g\u00f6re de\u011ferlendirmek, bu d\u00f6nemde bilin\u00e7li kararlar vermek i\u00e7in \u00e7ok \u00f6nemlidir. <em>Lapta sat\u0131l\u0131k emlak<\/em> Pazar.<\/p>\n<\/blockquote>\n\n\n\n<h2 class=\"wp-block-heading\">Lapta'da Gayrimenkul Sat\u0131n Almak \u0130\u00e7in Ad\u0131m Ad\u0131m Rehber<\/h2>\n\n\n\n<figure class=\"wp-block-image size-large\"><img loading=\"lazy\" decoding=\"async\" width=\"1024\" height=\"506\" src=\"https:\/\/cypria.homes\/wp-content\/uploads\/2026\/03\/elitlifelapta2_890x440_rezultat-1024x506.webp\" alt=\"Lapta: Ya\u015fam Tarz\u0131 ve Yat\u0131r\u0131m i\u00e7in Destinasyon Rehberi ve M\u00fclklere Genel Bak\u0131\u015f\" class=\"wp-image-6127\" srcset=\"https:\/\/cypria.homes\/wp-content\/uploads\/2026\/03\/elitlifelapta2_890x440_rezultat-1024x506.webp 1024w, https:\/\/cypria.homes\/wp-content\/uploads\/2026\/03\/elitlifelapta2_890x440_rezultat-300x148.webp 300w, https:\/\/cypria.homes\/wp-content\/uploads\/2026\/03\/elitlifelapta2_890x440_rezultat-18x9.webp 18w, https:\/\/cypria.homes\/wp-content\/uploads\/2026\/03\/elitlifelapta2_890x440_rezultat.webp 1214w\" sizes=\"auto, (max-width: 1024px) 100vw, 1024px\" \/><\/figure>\n\n\n\n<p>T\u00fcrkiye'de m\u00fclk sat\u0131n almak <strong>Lapta, Kuzey K\u0131br\u0131s<\/strong> sat\u0131n alma s\u00f6zle\u015fmesinin kaydedilmesi, sat\u0131n alma ba\u015fvurusunun yap\u0131lmas\u0131 ve sat\u0131n alma i\u015fleminin tamamlanmas\u0131n\u0131 i\u00e7eren resmi bir yasal prosed\u00fcr izler. <strong>Sat\u0131n Alma \u0130zni (PTP)<\/strong>ve tapu devri (Tapu Senedi). Yabanc\u0131 al\u0131c\u0131lar i\u00e7in (<em>Lapta'da yabanc\u0131 olarak nas\u0131l m\u00fclk sat\u0131n al\u0131n\u0131r<\/em>), t\u00fcm son teslim tarihlerine uyulmas\u0131 ve \u00f6demelerin banka havalesi yoluyla yap\u0131lmas\u0131 esast\u0131r. M\u00fclkiyete ili\u015fkin d\u00fczenlemeler <a href=\"http:\/\/www.icisleri.gov.ct.tr\" target=\"_blank\" rel=\"noreferrer noopener\">KKTC \u0130\u00e7i\u015fleri Bakanl\u0131\u011f\u0131<\/a>taraf\u0131ndan d\u00fczenlenirken, vergi ve har\u00e7lar <a href=\"http:\/\/www.vergi.gov.ct.tr\" target=\"_blank\" rel=\"noreferrer noopener\">KKTC Vergi Dairesi<\/a>. \u0130mar ve kalk\u0131nma kurallar\u0131 i\u00e7in KKTC Devlet Planlama Dairesi'ne dan\u0131\u015f\u0131n\u0131z.<\/p>\n\n\n\n<blockquote class=\"wp-block-quote is-layout-flow wp-block-quote-is-layout-flow\">\n<p><strong>Anahtar Kural:<\/strong> Sat\u0131n alma s\u00f6zle\u015fmesi Tapu Siciline \u015fu s\u00fcre i\u00e7inde kaydedilmelidir <strong>21 g\u00fcn<\/strong> imzalanmas\u0131. Bu son tarihe uyulmamas\u0131, anla\u015fmazl\u0131k durumunda cezalara (1%'ye kadar) ve yasal risklere neden olabilir.<\/p>\n<\/blockquote>\n\n\n\n<h3 class=\"wp-block-heading\">Lapta'da Ad\u0131m Ad\u0131m M\u00fclk Sat\u0131n Alma<\/h3>\n\n\n\n<ol class=\"wp-block-list\">\n<li><strong>B\u00fct\u00e7enizi ve \u00f6nceliklerinizi belirleyin:<\/strong> M\u00fclk tipi, denize uzakl\u0131k, manzara, altyap\u0131 ve kiralama potansiyeli. Ek bir b\u00fct\u00e7e ay\u0131rman\u0131z tavsiye edilir <strong>8-12%<\/strong> vergiler ve ilgili masraflar i\u00e7in sat\u0131n alma fiyat\u0131n\u0131n bir k\u0131sm\u0131.<\/li>\n\n\n\n<li><strong>Yasal durum tespiti:<\/strong> Ba\u011f\u0131ms\u0131z bir avukat tapu t\u00fcr\u00fcn\u00fc, takyidat olup olmad\u0131\u011f\u0131n\u0131, imar durumunu, in\u015faat ruhsat\u0131n\u0131n ve \"Kat \u0130rtifak\u0131 \"n\u0131n varl\u0131\u011f\u0131n\u0131 do\u011frulayacakt\u0131r. Tamamlanm\u0131\u015f evler i\u00e7in \"iskan\" belgesinin varl\u0131\u011f\u0131 da kontrol edilmelidir.<\/li>\n\n\n\n<li><strong>Rezervasyon:<\/strong> Genellikle 2.000 \u20ac - 5.000 \u20ac veya sat\u0131n alma fiyat\u0131n\u0131n 2-5%'si aras\u0131nda bir depozito ile 7-21 g\u00fcn i\u00e7in ge\u00e7erli bir rezervasyon s\u00f6zle\u015fmesi. Depozito genellikle nihai \u00f6demeden d\u00fc\u015f\u00fcl\u00fcr; iade ko\u015fullar\u0131 s\u00f6zle\u015fmede a\u00e7\u0131k\u00e7a belirtilmelidir.<\/li>\n\n\n\n<li><strong>Sat\u0131\u015f anla\u015fmas\u0131:<\/strong> Fiyat\u0131, \u00f6deme plan\u0131n\u0131, teslimat zaman \u00e7izelgesini ve m\u00fclk \u00f6zelliklerini belirtir. \u0130mzaland\u0131ktan sonraki 21 g\u00fcn i\u00e7inde, al\u0131c\u0131lar **damga vergisini** \u00f6demeli ve s\u00f6zle\u015fmeyi Tapu Siciline kaydettirmelidir (<em>Lapta'da emlak s\u00fcreci<\/em>). \u00dccretler ve prosed\u00fcrler a\u015fa\u011f\u0131daki adreste mevcuttur <a href=\"http:\/\/www.vergi.gov.ct.tr\" target=\"_blank\" rel=\"noreferrer noopener\">KKTC Vergi Dairesi<\/a>.<\/li>\n\n\n\n<li><strong>\u00d6demeler:<\/strong> Genellikle taksitler halinde (\u00f6rne\u011fin, \u00e7er\u00e7eve tamamland\u0131\u011f\u0131nda, i\u00e7 i\u015fler, devir teslim) veya teslimatta tam olarak \u00f6denir. T\u00fcm \u00f6demeler a\u00e7\u0131k bir referansla uluslararas\u0131 banka havalesi yoluyla yap\u0131lmal\u0131d\u0131r.<\/li>\n\n\n\n<li><strong>Sat\u0131n Alma \u0130zni (PTP):<\/strong> Yabanc\u0131 al\u0131c\u0131lar avukatlar\u0131 arac\u0131l\u0131\u011f\u0131yla \u0130\u00e7i\u015fleri Bakanl\u0131\u011f\u0131'na ba\u015fvurmal\u0131d\u0131r. \u0130\u015flem s\u00fcresi genellikle 6-12 ayd\u0131r (bazen 18-24 aya kadar \u00e7\u0131kabilmektedir). Bu s\u00fcre zarf\u0131nda, al\u0131c\u0131lar m\u00fclk\u00fc s\u00f6zle\u015fme \u015fartlar\u0131 alt\u0131nda i\u015fgal edebilir ve kullanabilir.<\/li>\n\n\n\n<li><strong>Tapu devri:<\/strong> PTP verildikten ve sat\u0131n alma i\u015flemi tamamen \u00f6denip ger\u00e7ekle\u015ftirildikten sonra, tapu Tapu Sicilinde devredilir. Tapu Vergisi ve ilgili har\u00e7lar bu a\u015famada \u00f6denir.<\/li>\n\n\n\n<li><strong>Kamu hizmetleri ve m\u00fclk aktivasyonu:<\/strong> Elektrik ve su tesisat\u0131n\u0131n kurulmas\u0131, sigorta, m\u00fclk y\u00f6netim s\u00f6zle\u015fmeleri ve m\u00fclk kiralanacaksa vergi dairesine kay\u0131t i\u015flemlerini i\u00e7erir (<em>Kuzey K\u0131br\u0131s emlak vergileri<\/em>).<\/li>\n<\/ol>\n\n\n\n<blockquote class=\"wp-block-quote is-layout-flow wp-block-quote-is-layout-flow\">\n<p><strong>\u00d6nemli:<\/strong> Yabanc\u0131lar\u0131n genellikle a\u015fa\u011f\u0131dakilere sahip olmalar\u0131na izin verilir <strong>sadece bir m\u00fclk<\/strong> kendi adlar\u0131na. Birden fazla m\u00fclk veya arazi sat\u0131n almak, yerel bir \u015firket yap\u0131s\u0131 ve \u0130\u00e7i\u015fleri Bakanl\u0131\u011f\u0131 ile ayr\u0131 bir yasal inceleme gerektirebilir.<\/p>\n<\/blockquote>\n\n\n\n<h3 class=\"wp-block-heading\">Gerekli Belgeler ve \u0130lgili Taraflar<\/h3>\n\n\n\n<ul class=\"wp-block-list\">\n<li><strong>Al\u0131c\u0131n\u0131n belgeleri:<\/strong> Ge\u00e7erli pasaport, ikamet belgesi, ileti\u015fim bilgileri, banka bilgileri\/\u00f6demelerin kan\u0131t\u0131 ve gerekirse PTP belgeleri. Uzaktan i\u015flemler i\u00e7in, avukat\u0131n y\u00f6nergelerini izleyerek noter tasdikli bir **Vekaletname (POA)** d\u00fczenlenebilir.<\/li>\n\n\n\n<li><strong>Sat\u0131c\u0131n\u0131n\/Geli\u015ftiricinin belgeleri:<\/strong> Arazi m\u00fclkiyet belgesi (tapu), in\u015faat ruhsat\u0131, mimari belgeler, kat m\u00fclkiyeti belgesi (Kat \u0130rtifak\u0131) ve varsa yap\u0131 kullanma izin belgesi (iskan).<\/li>\n\n\n\n<li><strong>Ba\u011f\u0131ms\u0131z avukat:<\/strong> Yasal kontrolleri yapar, s\u00f6zle\u015fmeyi haz\u0131rlar ve kaydeder, PTP ba\u015fvurusunu dosyalar ve tapu devir s\u00fcrecini denetler.<\/li>\n<\/ul>\n\n\n\n<h3 class=\"wp-block-heading\">Tahmini Zaman Dilimleri<\/h3>\n\n\n\n<figure class=\"wp-block-table\"><table class=\"has-fixed-layout\"><thead><tr><th>Sahne<\/th><th>Tipik S\u00fcre<\/th><th>Yorumlar<\/th><\/tr><\/thead><tbody><tr><td>Rezervasyon ve s\u00f6zle\u015fme haz\u0131rlama<\/td><td>7-21 g\u00fcn<\/td><td>Fiyat ve ko\u015fullar\u0131 g\u00fcvence alt\u0131na al\u0131r<\/td><\/tr><tr><td>S\u00f6zle\u015fme kayd\u0131<\/td><td>\u0130mzaland\u0131ktan sonraki 21 g\u00fcn i\u00e7inde<\/td><td>Al\u0131c\u0131 korumas\u0131 i\u00e7in zorunlu<\/td><\/tr><tr><td>PTP incelemesi<\/td><td>6-12 ay (24 aya kadar)<\/td><td>Bakanlar Kurulu \/ \u0130\u00e7i\u015fleri Bakanl\u0131\u011f\u0131 onay\u0131<\/td><\/tr><tr><td>Tapu devri (PTP sonras\u0131)<\/td><td>2-6 hafta<\/td><td>Vergi \u00f6demesi ve resmi kay\u0131t \u00fczerine<\/td><\/tr><\/tbody><\/table><\/figure>\n\n\n\n<h3 class=\"wp-block-heading\">Vergi ve Har\u00e7lar: 2024 Tahminleri (Avro cinsinden)<\/h3>\n\n\n\n<p>A\u015fa\u011f\u0131da 150.000 Avroluk yeni in\u015fa edilmi\u015f bir m\u00fclk i\u00e7in \u00f6rnek maliyetler verilmi\u015ftir (kur dalgalanmas\u0131 hari\u00e7). G\u00fcncel oranlar ve \u00f6deme prosed\u00fcrleri <a href=\"http:\/\/www.vergi.gov.ct.tr\" target=\"_blank\" rel=\"noreferrer noopener\">KKTC Vergi Dairesi<\/a>.<\/p>\n\n\n\n<figure class=\"wp-block-table\"><table class=\"has-fixed-layout\"><thead><tr><th>\u00dccret<\/th><th>Oran \/ Referans<\/th><th>\u00d6rnek (150.000 \u20ac)<\/th><th>Vade Tarihi<\/th><\/tr><\/thead><tbody><tr><td>Damga Vergisi<\/td><td>S\u00f6zle\u015fme bedelinin 0,5%'si<\/td><td>\u20ac750<\/td><td>S\u00f6zle\u015fmeden sonraki 21 g\u00fcn i\u00e7inde<\/td><\/tr><tr><td>KDV (yeni in\u015faatlar)<\/td><td>5% (varsa)<\/td><td>\u20ac7,500<\/td><td>Tipik olarak devir teslim s\u0131ras\u0131nda<\/td><\/tr><tr><td>Tapu Devir Vergisi<\/td><td>Yakla\u015f\u0131k 6-9% (yabanc\u0131 al\u0131c\u0131lar)<\/td><td>\u20ac9,000-\u20ac13,500<\/td><td>Tapu devrinde<\/td><\/tr><tr><td>S\u00f6zle\u015fme Kay\u0131t \u00dccreti<\/td><td>Sabit \u00fccret<\/td><td>\u20ac30-\u20ac80<\/td><td>S\u00f6zle\u015fme tesliminde<\/td><\/tr><tr><td>Hukuk hizmetleri<\/td><td>Standart pazar aral\u0131\u011f\u0131<\/td><td>\u20ac1,500-\u20ac2,500<\/td><td>A\u015famal\u0131 veya toplu \u00f6deme<\/td><\/tr><tr><td>\u00c7eviriler ve noter tasdiki<\/td><td>Ger\u00e7ek maliyet<\/td><td>\u20ac100-\u20ac300<\/td><td>Gerekti\u011fi gibi<\/td><\/tr><tr><td>Altyap\u0131\/transformat\u00f6r \u00fccretleri<\/td><td>Projeye \u00f6zel<\/td><td>\u20ac1,000-\u20ac3,000<\/td><td>Ba\u011flant\u0131 veya teslimat \u00fczerine<\/td><\/tr><\/tbody><\/table><\/figure>\n\n\n\n<blockquote class=\"wp-block-quote is-layout-flow wp-block-quote-is-layout-flow\">\n<p><strong>Finansal Referans:<\/strong> Toplam i\u015flem maliyetleri tipik olarak <strong>8-12%<\/strong> yeni in\u015faatlar i\u00e7in sat\u0131n alma fiyat\u0131n\u0131n ve <strong>6-9%<\/strong> yeniden sat\u0131\u015f m\u00fclkleri i\u00e7in (ge\u00e7erli de\u011filse KDV hari\u00e7).<\/p>\n<\/blockquote>\n\n\n\n<h3 class=\"wp-block-heading\">\u00d6deme ve Yasal Prosed\u00fcrler Hakk\u0131nda Pratik \u0130pu\u00e7lar\u0131<\/h3>\n\n\n\n<ul class=\"wp-block-list\">\n<li><strong>Para birimi:<\/strong> \u00c7o\u011fu anla\u015fma avro (\u20ac) veya sterlin cinsinden fiyatland\u0131r\u0131l\u0131r. Anla\u015fmadaki para birimini ve \u00f6deme plan\u0131n\u0131 kilitleyin.<\/li>\n\n\n\n<li><strong>Sadece banka havaleleri:<\/strong> Banka havalelerini kullan\u0131n ve SWIFT\/\u00f6deme makbuzlar\u0131n\u0131 \u00f6deme kan\u0131t\u0131 olarak saklay\u0131n.<\/li>\n\n\n\n<li><strong>S\u00f6zle\u015fme kayd\u0131:<\/strong> Bu, \u00e7ifte sat\u0131\u015f veya doland\u0131r\u0131c\u0131l\u0131\u011fa kar\u015f\u0131 koruma sa\u011flamak i\u00e7in 21 g\u00fcn i\u00e7inde en \u00f6nemli \u00f6nceliktir.<\/li>\n\n\n\n<li><strong>PTP ve sahiplik limitleri:<\/strong> Yabanc\u0131lar\u0131n kendi adlar\u0131na bir m\u00fclk sahibi olmalar\u0131na izin verilmektedir. Arazi veya \u00e7oklu al\u0131mlar i\u00e7in, yasal yap\u0131lar\u0131 ara\u015ft\u0131rmak \u00fczere \u0130\u00e7i\u015fleri Bakanl\u0131\u011f\u0131'na dan\u0131\u015f\u0131n.<\/li>\n\n\n\n<li><strong>Vergi raporlamas\u0131:<\/strong> M\u00fclk kiralan\u0131yorsa, kira ba\u015f\u0131na geliri beyan edin. <a href=\"http:\/\/www.vergi.gov.ct.tr\" target=\"_blank\" rel=\"noreferrer noopener\">KKTC Vergi Dairesi<\/a> K\u0131lavuz ilkeler. Stopaj oranlar\u0131n\u0131 ve son tarihleri \u00f6nceden netle\u015ftirin.<\/li>\n<\/ul>\n\n\n\n<blockquote class=\"wp-block-quote is-layout-flow wp-block-quote-is-layout-flow\">\n<p><strong>Son Al\u0131c\u0131 Notu:<\/strong> A\u00e7\u0131k, ad\u0131m ad\u0131m ilerleyen bir s\u00fcre\u00e7 - yasal do\u011frulama, s\u00f6zle\u015fme kayd\u0131, PTP dosyalama ve vergi planlamas\u0131 - riski en aza indirir ve tam m\u00fclkiyet devrine giden yolu h\u0131zland\u0131r\u0131r. S\u00fcre\u00e7 tamamlanana kadar t\u00fcm belgelerin kopyalar\u0131n\u0131 ve \u00f6deme kan\u0131tlar\u0131n\u0131 saklay\u0131n.<\/p>\n<\/blockquote>\n\n\n\n<h2 class=\"wp-block-heading\">Vaka \u00c7al\u0131\u015fmalar\u0131<\/h2>\n\n\n\n<figure class=\"wp-block-image size-large\"><img loading=\"lazy\" decoding=\"async\" width=\"1067\" height=\"600\" src=\"https:\/\/cypria.homes\/wp-content\/uploads\/2026\/03\/caption_rezultat-1-edited.webp\" alt=\"Lapta: Ya\u015fam Tarz\u0131 ve Yat\u0131r\u0131m i\u00e7in Destinasyon Rehberi ve M\u00fclklere Genel Bak\u0131\u015f\" class=\"wp-image-6130\" srcset=\"https:\/\/cypria.homes\/wp-content\/uploads\/2026\/03\/caption_rezultat-1-edited.webp 1067w, https:\/\/cypria.homes\/wp-content\/uploads\/2026\/03\/caption_rezultat-1-edited-300x169.webp 300w, https:\/\/cypria.homes\/wp-content\/uploads\/2026\/03\/caption_rezultat-1-edited-1024x576.webp 1024w, https:\/\/cypria.homes\/wp-content\/uploads\/2026\/03\/caption_rezultat-1-edited-18x10.webp 18w\" sizes=\"auto, (max-width: 1067px) 100vw, 1067px\" \/><\/figure>\n\n\n\n<p>A\u015fa\u011f\u0131da, AB'de m\u00fclk sat\u0131n alan AB m\u00fc\u015fterilerinin ger\u00e7ek hayattan \u00fc\u00e7 vaka \u00e7al\u0131\u015fmas\u0131 yer almaktad\u0131r <strong>Lapta, Kuzey K\u0131br\u0131s<\/strong> 2023 ve 2025 y\u0131llar\u0131 aras\u0131nda. Her vaka b\u00fct\u00e7eyi, yasal ad\u0131mlar\u0131, PTP onay zaman \u00e7izelgesini, maliyet yap\u0131s\u0131n\u0131 ve nihai getiriyi veya ya\u015fam tarz\u0131 etkisini \u00f6zetlemektedir. Vergi detaylar\u0131 kamuya a\u00e7\u0131k verilere dayanmaktad\u0131r. <a href=\"http:\/\/www.vergi.gov.ct.tr\" target=\"_blank\" rel=\"noreferrer noopener\">KKTC Vergi Dairesi<\/a>Sat\u0131n Alma \u0130zni (PTP) alma prosed\u00fcrleri KKTC \u0130\u00e7i\u015fleri Bakanl\u0131\u011f\u0131'n\u0131n y\u00f6nergelerini takip eder ve planlama y\u00f6netmelikleri <a href=\"http:\/\/www.devplan.org\" target=\"_blank\" rel=\"noreferrer noopener\">KKTC Devlet Planlama Dairesi<\/a>.<\/p>\n\n\n\n<blockquote class=\"wp-block-quote is-layout-flow wp-block-quote-is-layout-flow\">\n<p><strong>Not:<\/strong> \u0130simler gizlilik i\u00e7in de\u011fi\u015ftirilmi\u015ftir. T\u00fcm tutarlar referans i\u00e7in Euro (\u20ac) cinsinden verilmi\u015ftir. Vergi oranlar\u0131 ve \u00fccretler tapu t\u00fcr\u00fcne, m\u00fclkiyet durumuna ve mevcut KKTC d\u00fczenlemelerine ba\u011fl\u0131 olarak de\u011fi\u015febilir.<\/p>\n<\/blockquote>\n\n\n\n<h3 class=\"wp-block-heading\">Vaka 1 - Almanya: Mevsimlik Ya\u015fam + Kira Geliri i\u00e7in 2 Yatak Odal\u0131 Deniz Manzaral\u0131 Daire<\/h3>\n\n\n\n<ul class=\"wp-block-list\">\n<li><strong>Profil:<\/strong> M\u00fcnih'ten bir aile (2 yeti\u015fkin + 1 \u00e7ocuk) Mart-Haziran ve Eyl\u00fcl-Ekim aylar\u0131nda Lapta'da ikamet etmeyi ve yaz aylar\u0131nda k\u0131sa s\u00fcreli kiralamay\u0131 hedefliyor.<\/li>\n\n\n\n<li><strong>M\u00fclkiyet:<\/strong> <em>Lapta'da deniz manzaral\u0131 daire<\/em>, 2 yatak odas\u0131, 78 m\u00b2, ikinci s\u0131ra, havuzlu ve spor salonlu yeni site.<\/li>\n\n\n\n<li><strong>Sat\u0131n alma fiyat\u0131:<\/strong> 158.000 \u20ac (yeni in\u015fa, T\u00fcrk\/de\u011fi\u015fimli tapu, bir avukat taraf\u0131ndan do\u011frulanm\u0131\u015ft\u0131r).<\/li>\n\n\n\n<li><strong>Rezervasyon depozitosu:<\/strong> 14 g\u00fcn i\u00e7in 3.000 Avro ve ard\u0131ndan sat\u0131n alma s\u00f6zle\u015fmesinin imzalanmas\u0131.<\/li>\n\n\n\n<li><strong>S\u00f6zle\u015fme kayd\u0131 ve vergiler:<\/strong> Damga vergisi (0,5%) - 790 \u20ac; KDV (5%) - 7.900 \u20ac; Tapu Vergisi (~6%) - 9.480 \u20ac; kay\u0131t \u00fccreti - 60 \u20ac (bkz. <a href=\"http:\/\/www.vergi.gov.ct.tr\" target=\"_blank\" rel=\"noreferrer noopener\">KKTC Vergi Dairesi<\/a> ayr\u0131nt\u0131lar i\u00e7in).<\/li>\n\n\n\n<li><strong>Yasal ve di\u011fer masraflar:<\/strong> Avukat - 2.000 Avro; \u00e7eviriler ve noter tasdiki - 200 Avro; altyap\u0131 \u00fccreti - 1.800 Avro.<\/li>\n\n\n\n<li><strong>PTP:<\/strong> Hukuk m\u00fc\u015faviri arac\u0131l\u0131\u011f\u0131yla \u0130\u00e7i\u015fleri Bakanl\u0131\u011f\u0131'na yap\u0131lan ba\u015fvuru 9 ay i\u00e7inde onayland\u0131. M\u00fclk, planlanan \u00f6demelerin hemen ard\u0131ndan i\u015fgal edildi.<\/li>\n\n\n\n<li><strong>Mobilya:<\/strong> Anahtar teslim mobilya paketi - 9,500 \u20ac.<\/li>\n<\/ul>\n\n\n\n<blockquote class=\"wp-block-quote is-layout-flow wp-block-quote-is-layout-flow\">\n<p><strong>Toplam anla\u015fma maliyeti:<\/strong> Mobilya \u00f6ncesi yakla\u015f\u0131k 180.230 \u20ac; her \u015fey dahil 189.730 \u20ac.<\/p>\n<\/blockquote>\n\n\n\n<ul class=\"wp-block-list\">\n<li><strong>Kiral\u0131k model:<\/strong> Sezon ortas\u0131 (Mart-Haziran, Eyl\u00fcl-Ekim): 900\u20ac\/ay uzun d\u00f6nem (3-4 ay\/y\u0131l); Yo\u011fun sezon: 110\u20ac\/gece k\u0131sa d\u00f6nem, hedef 60-65 gece.<\/li>\n\n\n\n<li><strong>Tahmini geri d\u00f6n\u00fc\u015fler:<\/strong> Br\u00fct gelir \u2248 14.700 \u20ac\/y\u0131l. Maliyetler: HOA \u00fccretleri - 900 \u20ac \/ y\u0131l; sigorta - 180 \u20ac; kamu hizmetleri - 300 \u20ac; kira y\u00f6netimi (yaz gelirinin 20%'si) - 1,320 \u20ac. <strong>Net vergi \u00f6ncesi:<\/strong> \u2248 \u20ac12,000. Yakla\u015f\u0131k olarak. <strong>net yat\u0131r\u0131m getirisi: Y\u0131ll\u0131k ~6,3%<\/strong> toplam 189.730 Avro harcama yap\u0131lm\u0131\u015ft\u0131r.<\/li>\n<\/ul>\n\n\n\n<blockquote class=\"wp-block-quote is-layout-flow wp-block-quote-is-layout-flow\">\n<p><strong>Paket servis:<\/strong> \u0130\u00e7inde <em>Lapta sat\u0131l\u0131k emlak<\/em> segment, 2 yatak odal\u0131 deniz manzaral\u0131 daireler, iyi bir yeniden sat\u0131\u015f likiditesi ile dengeli bir \"ya\u015fam tarz\u0131 + getiri\" modeli sunmaktad\u0131r.<\/p>\n<\/blockquote>\n\n\n\n<hr class=\"wp-block-separator has-alpha-channel-opacity\"\/>\n\n\n\n<h3 class=\"wp-block-heading\">Vaka 2 - Polonya: Yer De\u011fi\u015ftirme ve Uzaktan \u00c7al\u0131\u015fma i\u00e7in Yama\u00e7 Villas\u0131<\/h3>\n\n\n\n<ul class=\"wp-block-list\">\n<li><strong>Profil:<\/strong> Gdansk'tan evli \u00e7ift y\u0131l boyunca ta\u015f\u0131n\u0131yor. \u00d6ncelikler: alan, manzara, ba\u011f\u0131ms\u0131zl\u0131k ve d\u00fc\u015f\u00fck i\u015fletme maliyetleri.<\/li>\n\n\n\n<li><strong>M\u00fclkiyet:<\/strong> 4 yatak odal\u0131 villa, 520 m\u00b2 arsa \u00fczerinde 210 m\u00b2, panoramik manzaral\u0131 (\u2248180 m y\u00fckseklik), sat\u0131l\u0131k m\u00fclk.<\/li>\n\n\n\n<li><strong>Sat\u0131n alma fiyat\u0131:<\/strong> 345.000 \u20ac (talep edilen fiyattan 10.000 \u20ac a\u015fa\u011f\u0131 pazarl\u0131k yap\u0131lm\u0131\u015ft\u0131r).<\/li>\n\n\n\n<li><strong>Vergi ve har\u00e7lar:<\/strong> Damga vergisi (0,5%) - 1.725 \u20ac; KDV uygulanmaz (yeniden sat\u0131\u015f); Tapu Vergisi (~6%) - 20.700 \u20ac; kay\u0131t \u00fccreti - 60 \u20ac (bkz. KKTC Vergi Dairesi).<\/li>\n\n\n\n<li><strong>Yasal kontroller:<\/strong> 2.200 Avro, tapu t\u00fcr\u00fc, ipotek kald\u0131rma ve iskan belgesi (\"iskan\") odakl\u0131.<\/li>\n\n\n\n<li><strong>PTP:<\/strong> 7 ay i\u00e7inde onaylanm\u0131\u015ft\u0131r (\u0130\u00e7i\u015fleri Bakanl\u0131\u011f\u0131 bildirimi ile onaylanm\u0131\u015ft\u0131r).<\/li>\n\n\n\n<li><strong>Y\u00fckseltmeler:<\/strong> 5kW g\u00fcne\u015f paneli sistemi - 6.800 \u20ac; havuz \u0131s\u0131 pompas\u0131 - 2.900 \u20ac; mobilyalar\/e\u015fyalar - 18.000 \u20ac.<\/li>\n<\/ul>\n\n\n\n<blockquote class=\"wp-block-quote is-layout-flow wp-block-quote-is-layout-flow\">\n<p><strong>Operasyonel etki:<\/strong> Yaz elektrik faturalar\u0131 ayda \u2248180\u20ac'dan \u2248110\u20ac'ya d\u00fc\u015ft\u00fc. Havuzun sezonu 1-1,5 ay uzad\u0131.<\/p>\n<\/blockquote>\n\n\n\n<ul class=\"wp-block-list\">\n<li><strong>Y\u0131ll\u0131k sahip olma maliyetleri:<\/strong> Bah\u00e7e\/havuz bak\u0131m\u0131 - 1.200 \u20ac; ev sigortas\u0131 - 220 \u20ac; onar\u0131m\/rezerv - 300 \u20ac.<\/li>\n\n\n\n<li><strong>Kullan\u0131m stratejisi:<\/strong> Birincil ikametgah (<em>Lapta ya\u015famak i\u00e7in iyi bir yer mi?<\/em>) maliyetleri dengelemek i\u00e7in iste\u011fe ba\u011fl\u0131 yaz kiralamalar\u0131 (4-6 hafta) ile haftal\u0131k 1.600-2.000 \u20ac.<\/li>\n<\/ul>\n\n\n\n<blockquote class=\"wp-block-quote is-layout-flow wp-block-quote-is-layout-flow\">\n<p><strong>Paket servis:<\/strong> \u0130\u00e7in <em>Lapta'da ya\u015famak<\/em>bir yama\u00e7 villas\u0131, ak\u0131ll\u0131 enerji y\u00fckseltmeleri ile e\u015fle\u015ftirildi\u011finde y\u00fcksek konfor ve istikrarl\u0131 i\u015fletme maliyetleri sunar.<\/p>\n<\/blockquote>\n\n\n\n<hr class=\"wp-block-separator has-alpha-channel-opacity\"\/>\n\n\n\n<h3 class=\"wp-block-heading\">Vaka 3 - \u00c7ek Cumhuriyeti: Butik Projede Verimlilik \u0130\u00e7in Plan D\u0131\u015f\u0131 Daire<\/h3>\n\n\n\n<ul class=\"wp-block-list\">\n<li><strong>Profil:<\/strong> Brno'dan 5-7 y\u0131ll\u0131k bir ufukla \"sermaye kazanc\u0131 + k\u0131sa vadeli kiralama\" hedefleyen \u00f6zel yat\u0131r\u0131mc\u0131.<\/li>\n\n\n\n<li><strong>M\u00fclkiyet:<\/strong> Birinci s\u0131n\u0131f sahil kompleksinde (suya ~100 m mesafede) 1 yatak odal\u0131, 54 m\u00b2 daire, plan d\u0131\u015f\u0131, s\u0131n\u0131rl\u0131 stok.<\/li>\n\n\n\n<li><strong>Sat\u0131n alma fiyat\u0131:<\/strong> 8% erken rezervasyon indirimi ile 126.000 \u20ac; \u00f6deme plan\u0131: 30\/40\/30.<\/li>\n\n\n\n<li><strong>Devir \u00f6ncesi maliyetler:<\/strong> Damga vergisi (0,5%) - 630 \u20ac; hukuk hizmetleri - 1.800 \u20ac; kiral\u0131k mobilyalar - 7.500 \u20ac; beyaz e\u015fya - 2.200 \u20ac; proje altyap\u0131 \u00fccreti - 1.200 \u20ac (KKTC Vergi Dairesi'ne g\u00f6re oranlar).<\/li>\n\n\n\n<li><strong>Transfer a\u015famas\u0131 vergileri:<\/strong> KDV (5%) - 6,300 \u20ac; Tapu Vergisi (~6%) - 7,560 \u20ac (PTP onay\u0131 ve tapu devri \u00fczerine \u00f6denecektir).<\/li>\n\n\n\n<li><strong>PTP:<\/strong> \u0130n\u015faat s\u0131ras\u0131nda sunulur; \u0130\u00e7i\u015fleri Bakanl\u0131\u011f\u0131 taraf\u0131ndan 10 ay i\u00e7inde onaylan\u0131r.<\/li>\n<\/ul>\n\n\n\n<ul class=\"wp-block-list\">\n<li><strong>Kiral\u0131k model:<\/strong> 65-70% doluluk hedefi ile k\u0131sa d\u00f6nem kiralama. ADR: \u20ac95\/gece (yo\u011fun), \u20ac65 (sezon d\u0131\u015f\u0131).<\/li>\n\n\n\n<li><strong>\u00d6ng\u00f6r\u00fclen verim:<\/strong> Y\u0131ll\u0131k 180-200 gece \u2192 Br\u00fct gelir: \u20ac13,500-\u20ac16,000. M\u00fclk y\u00f6netimi (25%) - 3,375 \u20ac - 4,000 \u20ac; HOA \/ hizmetler \/ sigorta - 1,300 \u20ac - 1,600 \u20ac. <strong>Net vergi \u00f6ncesi:<\/strong> \u20ac8,800-\u20ac10,400. Tahmini <strong>net yat\u0131r\u0131m getirisi: 5,5-6,5%<\/strong> toplam proje yat\u0131r\u0131m\u0131 \u00fczerinde.<\/li>\n<\/ul>\n\n\n\n<blockquote class=\"wp-block-quote is-layout-flow wp-block-quote-is-layout-flow\">\n<p><strong>Paket servis:<\/strong> Butik bir geli\u015ftirmede plan d\u0131\u015f\u0131 sat\u0131n alma, y\u00f6netilebilir in\u015faat zaman \u00e7izelgesi riski ile daha d\u00fc\u015f\u00fck giri\u015f fiyat\u0131 ve 6-8% hedef br\u00fct getiri sunar. \u0130n\u015faat izinleri de dahil olmak \u00fczere yasal kontroller ve <em>Kat \u0130rtifak\u0131<\/em>gereklidir (bkz. KKTC Planlama Dairesi).<\/p>\n<\/blockquote>\n\n\n\n<blockquote class=\"wp-block-quote is-layout-flow wp-block-quote-is-layout-flow\">\n<p><strong>Yat\u0131r\u0131mc\u0131 \u00d6zeti:<\/strong> Farkl\u0131 stratejiler - \"ya\u015fam tarz\u0131 + gelir\", kal\u0131c\u0131 ya\u015fam veya k\u0131sa vadeli kira getirisi - d\u00fczenleyici zaman \u00e7izelgelerine uyuldu\u011funda, \u00f6demeler \u015feffaf oldu\u011funda ve yasal incelemeler KKTC \u0130\u00e7i\u015fleri Bakanl\u0131\u011f\u0131 ve Vergi Dairesi'nin y\u00f6nergelerini izledi\u011finde Lapta'da uygulanabilir.<\/p>\n<\/blockquote>\n\n\n\n<h2 class=\"wp-block-heading\">Sonu\u00e7<\/h2>\n\n\n\n<h3 class=\"wp-block-heading\">Sonraki Ad\u0131mlar: Stratejinizi ve Zaman \u00c7izelgenizi Belirleyin<\/h3>\n\n\n\n<p>Lapta, hem ya\u015fam tarz\u0131 hem de sermaye b\u00fcy\u00fcmesi arayanlar i\u00e7in istikrarl\u0131, \u00e7ok y\u00f6nl\u00fc bir se\u00e7enek sunar - s\u00fcrecin \u015feffaf yasal g\u00f6zetim ve \u00f6nemli son tarihlere ba\u011fl\u0131l\u0131kla desteklenmesi \u015fart\u0131yla. Ba\u011f\u0131ms\u0131z bir \u015firketle ba\u015flaman\u0131z\u0131 \u015fiddetle tavsiye ederiz. <strong>yasal durum tespi\u0307ti\u0307<\/strong> ve \u00f6deme plan\u0131n\u0131z\u0131 t\u00fcm yasal maliyetleri i\u00e7eren a\u00e7\u0131k\u00e7a tan\u0131mlanm\u0131\u015f bir i\u015flem yol haritas\u0131 ile uyumlu hale getirmek.<\/p>\n\n\n\n<p>Tipik b\u00fct\u00e7e de\u011ferlendirmeleri \u015funlar\u0131 i\u00e7erir:<\/p>\n\n\n\n<ul class=\"wp-block-list\">\n<li>Yasal inceleme ve temsil: <strong>\u20ac1,500-\u20ac2,500<\/strong><\/li>\n\n\n\n<li>S\u00f6zle\u015fme kay\u0131t \u00fccretleri: <strong>\u20ac30-\u20ac80<\/strong><\/li>\n\n\n\n<li>Vergi ve har\u00e7lar i\u00e7in rezerv: <strong>Sat\u0131n alma fiyat\u0131n\u0131n 8-12%'si<\/strong><br>(G\u00fcncel oranlar ve prosed\u00fcrler <a href=\"http:\/\/www.vergi.gov.ct.tr\" target=\"_blank\" rel=\"noreferrer noopener\">KKTC Vergi Dairesi<\/a>.)<\/li>\n<\/ul>\n\n\n\n<p>Yabanc\u0131 al\u0131c\u0131lar i\u00e7in <strong>Sat\u0131n Alma \u0130zni (PTP)<\/strong> \u00f6nemli bir d\u00fczenleyici ad\u0131m olmaya devam etmektedir. Ortalama onay s\u00fcresi \u015f\u00f6yledir <strong>6-12 ay<\/strong>Ba\u015fvuru s\u00fcreci KKTC \u0130\u00e7i\u015fleri Bakanl\u0131\u011f\u0131 arac\u0131l\u0131\u011f\u0131yla y\u00f6netilir. Buna paralel olarak, m\u00fclk\u00fcn planlama durumu ve in\u015faat izinleri, KKTC \u0130\u00e7i\u015fleri Bakanl\u0131\u011f\u0131 taraf\u0131ndan belirlenen standartlara g\u00f6re do\u011frulanmal\u0131d\u0131r. <a href=\"http:\/\/www.devplan.org\" target=\"_blank\" rel=\"noreferrer noopener\">KKTC Devlet Planlama Dairesi<\/a>.<\/p>\n\n\n\n<blockquote class=\"wp-block-quote is-layout-flow wp-block-quote-is-layout-flow\">\n<p><strong>Al\u0131c\u0131lar i\u00e7in gerekli:<\/strong> Sat\u0131n alma s\u00f6zle\u015fmenizi Tapu Siciline en k\u0131sa s\u00fcrede kaydettirdi\u011finizden emin olun. <strong>21 g\u00fcn<\/strong> \u0130mzalama. Vergi ve har\u00e7lar\u0131 kar\u015f\u0131lamak i\u00e7in sat\u0131n alma fiyat\u0131n\u0131n 8-12%'si kadar bir rezerv ay\u0131r\u0131n. Yasal k\u0131s\u0131tlamaya dikkat edin: yabanc\u0131 uyruklular\u0131n genellikle kendi adlar\u0131na birden fazla m\u00fclk kaydettirmelerine izin verilir (ayr\u0131nt\u0131lar i\u00e7in \u0130\u00e7i\u015fleri Bakanl\u0131\u011f\u0131'na ba\u015fvurun).<\/p>\n<\/blockquote>\n\n\n\n<p>Bir soru b\u0131rak\u0131n, uzmanlar\u0131m\u0131zdan biri sizinle ileti\u015fime ge\u00e7ecektir.<\/p>","protected":false},"excerpt":{"rendered":"<p>Girne'nin bat\u0131s\u0131nda yer alan bir k\u0131y\u0131 m\u00fccevheri olan Lapta, [...]<\/p>","protected":false},"author":16,"featured_media":6125,"comment_status":"closed","ping_status":"closed","sticky":false,"template":"","format":"standard","meta":{"_acf_changed":false,"footnotes":""},"categories":[1],"tags":[],"class_list":["post-6122","post","type-post","status-publish","format-standard","has-post-thumbnail","hentry","category-uncat"],"acf":[],"_links":{"self":[{"href":"https:\/\/cypria.homes\/tr\/wp-json\/wp\/v2\/posts\/6122","targetHints":{"allow":["GET"]}}],"collection":[{"href":"https:\/\/cypria.homes\/tr\/wp-json\/wp\/v2\/posts"}],"about":[{"href":"https:\/\/cypria.homes\/tr\/wp-json\/wp\/v2\/types\/post"}],"author":[{"embeddable":true,"href":"https:\/\/cypria.homes\/tr\/wp-json\/wp\/v2\/users\/16"}],"replies":[{"embeddable":true,"href":"https:\/\/cypria.homes\/tr\/wp-json\/wp\/v2\/comments?post=6122"}],"version-history":[{"count":1,"href":"https:\/\/cypria.homes\/tr\/wp-json\/wp\/v2\/posts\/6122\/revisions"}],"predecessor-version":[{"id":6131,"href":"https:\/\/cypria.homes\/tr\/wp-json\/wp\/v2\/posts\/6122\/revisions\/6131"}],"wp:featuredmedia":[{"embeddable":true,"href":"https:\/\/cypria.homes\/tr\/wp-json\/wp\/v2\/media\/6125"}],"wp:attachment":[{"href":"https:\/\/cypria.homes\/tr\/wp-json\/wp\/v2\/media?parent=6122"}],"wp:term":[{"taxonomy":"category","embeddable":true,"href":"https:\/\/cypria.homes\/tr\/wp-json\/wp\/v2\/categories?post=6122"},{"taxonomy":"post_tag","embeddable":true,"href":"https:\/\/cypria.homes\/tr\/wp-json\/wp\/v2\/tags?post=6122"}],"curies":[{"name":"wp","href":"https:\/\/api.w.org\/{rel}","templated":true}]}}