{"id":6233,"date":"2026-03-09T23:12:10","date_gmt":"2026-03-09T20:12:10","guid":{"rendered":"https:\/\/cypria.homes\/?p=6233"},"modified":"2026-03-09T23:12:12","modified_gmt":"2026-03-09T20:12:12","slug":"top-10-attractions-in-iskele-what-to-explore-for-travelers-and-those-considering-relocation","status":"publish","type":"post","link":"https:\/\/cypria.homes\/tr\/all\/top-10-attractions-in-iskele-what-to-explore-for-travelers-and-those-considering-relocation\/","title":{"rendered":"\u0130skele'de G\u00f6r\u00fclecek En \u0130yi 10 Yer: Gezginler ve Ta\u015f\u0131nmay\u0131 D\u00fc\u015f\u00fcnenler \u0130\u00e7in Ke\u015ffedilecekler"},"content":{"rendered":"<p><strong>\u0130skele (Trikomo olarak da bilinir)<\/strong> Kuzey K\u0131br\u0131s'\u0131n do\u011fu k\u0131y\u0131lar\u0131nda yer alan ve son y\u0131llarda e\u011flence, ya\u015fam ve yat\u0131r\u0131m i\u00e7in en iyi destinasyon olarak h\u0131zla y\u00fckselen bir sahil belediyesidir. Uzun kumsallar\u0131, tarihi simge yap\u0131lar\u0131 ve okullar, klinikler, s\u00fcpermarketler, kafeler ve manzaral\u0131 gezinti yollar\u0131 gibi modern altyap\u0131y\u0131 bir araya getirir. A\u015fa\u011f\u0131daki gibi arama sorgular\u0131 i\u00e7in <em>\"\u0130skele K\u0131br\u0131s,\" \"yer de\u011fi\u015ftirme,\"<\/em> veya <em>\"\u0130skele'de g\u00f6r\u00fclecek yerler,\"<\/em> bu b\u00f6lge t\u00fcm kutulari i\u0307\u015faretli\u0307yor: uygun fi\u0307yatli bi\u0307r deni\u0307z kenari ortami, g\u00fc\u00e7l\u00fc ki\u0307ralama talebi\u0307 ve 30-60 daki\u0307kalik bi\u0307r s\u00fcr\u00fc\u015f mesafesi\u0307nde zengi\u0307n bi\u0307r cazi\u0307be merkezi\u0307 se\u00e7i\u0307mi\u0307.<\/p>\n\n\n\n<blockquote class=\"wp-block-quote is-layout-flow wp-block-quote-is-layout-flow\">\n<p><strong>\"\u0130skele, Kuzey K\u0131br\u0131s'\u0131n do\u011fu k\u0131y\u0131s\u0131na a\u00e7\u0131lan elveri\u015fli bir kap\u0131d\u0131r - tesis altyap\u0131s\u0131 halihaz\u0131rda mevcuttur ve gelecekteki emlak de\u011feri, devam eden geli\u015fmeler ve Gazima\u011fusa ile Ercan Havaalan\u0131'na yak\u0131nl\u0131\u011f\u0131 ile desteklenmektedir.\"<\/strong><\/p>\n<\/blockquote>\n\n\n\n<p>Giri\u015f ko\u015fullar\u0131, ikamet ve k\u00fclt\u00fcrel miras alanlar\u0131na ili\u015fkin resmi bilgilere a\u015fa\u011f\u0131daki web sitelerinden ula\u015f\u0131labilir <strong>KKTC Turizm, K\u00fclt\u00fcr, Gen\u00e7lik ve \u00c7evre Bakanl\u0131\u011f\u0131<\/strong>, the <strong><a href=\"https:\/\/icisleri.gov.ct.tr\" target=\"_blank\" rel=\"noopener\">KKTC \u0130\u00e7i\u015fleri Bakanl\u0131\u011f\u0131<\/a><\/strong> (ikamet ve yer de\u011fi\u015ftirme kurallar\u0131 i\u00e7in) ve <strong><a href=\"https:\/\/mfa.gov.ct.tr\" target=\"_blank\" rel=\"noopener\">KKTC D\u0131\u015fi\u015fleri Bakanl\u0131\u011f\u0131<\/a><\/strong> (s\u0131n\u0131r politikalar\u0131 ve seyahat g\u00fcncellemeleri i\u00e7in).<\/p>\n\n\n\n<hr class=\"wp-block-separator has-alpha-channel-opacity\"\/>\n\n\n\n<h3 class=\"wp-block-heading\">Konum ve Oraya Nas\u0131l Gidilir<\/h3>\n\n\n\n<p>\u0130skele, Kuzey K\u0131br\u0131s'\u0131n do\u011fu k\u0131y\u0131s\u0131nda, Gazima\u011fusa'dan yakla\u015f\u0131k 20-25 dakika ve Ercan Havaliman\u0131'ndan (ECN) 45-55 dakika uzakl\u0131kta yer almaktad\u0131r. Yolcular buraya T\u00fcrkiye (\u0130stanbul, Ankara veya \u0130zmir) \u00fczerinden transit olarak veya Mersin ve Alanya limanlar\u0131 \u00fczerinden deniz yoluyla ula\u015fabilirler.<\/p>\n\n\n\n<figure class=\"wp-block-table\"><table class=\"has-fixed-layout\"><thead><tr><th><strong>Rota<\/strong><\/th><th><strong>Seyahat S\u00fcresi<\/strong><\/th><th><strong>Tahmini Maliyet<\/strong><\/th><th><strong>Notlar<\/strong><\/th><\/tr><\/thead><tbody><tr><td>T\u00fcrkiye \u00fczerinden Ercan'a (ECN) u\u00e7u\u015f + \u0130skele'ye taksi<\/td><td>3,5-6 saat (aktarma dahil) + 50 dakika<\/td><td><strong>$120-280<\/strong> (u\u00e7u\u015f) + <strong>$45-60<\/strong> (taksi)<\/td><td>En h\u0131zl\u0131 ve en konforlu se\u00e7enek<\/td><\/tr><tr><td>ECN \u2192 Gazima\u011fusa'ya servis \u2192 \u0130skele'ye taksi\/dolmu\u015f<\/td><td>50-70 dakika<\/td><td><strong>$6-10<\/strong> (mekik) + <strong>$8-20<\/strong> (taksi\/dolmu\u015f)<\/td><td>B\u00fct\u00e7e dostu, g\u00fcn boyunca kullan\u0131\u015fl\u0131<\/td><\/tr><tr><td>T\u00fcrkiye'den feribot (Gazima\u011fusa liman\u0131) + taksi\/araba kiralama<\/td><td>Rotaya g\u00f6re de\u011fi\u015fir (gece yolculu\u011fu)<\/td><td><strong>$40-80<\/strong> (yolcu\/araba) + <strong>$15-25<\/strong> (taksi)<\/td><td>Kendi arac\u0131yla gelen gezginler i\u00e7in ideal<\/td><\/tr><tr><td>Ercan Havaliman\u0131'ndan ara\u00e7 kiralama<\/td><td>\u0130skele'ye 45-55 dakika<\/td><td><strong>$30-50\/g\u00fcn<\/strong><\/td><td>Esnek seyahat, yerel geziler i\u00e7in harika<\/td><\/tr><\/tbody><\/table><\/figure>\n\n\n\n<blockquote class=\"wp-block-quote is-layout-flow wp-block-quote-is-layout-flow\">\n<p><strong>\u00d6nemli:<\/strong> Buna g\u00f6re <strong><a href=\"https:\/\/mfa.gov.ct.tr\" target=\"_blank\" rel=\"noopener\">KKTC D\u0131\u015fi\u015fleri Bakanl\u0131\u011f\u0131<\/a><\/strong>izin verilen kal\u0131\u015f s\u00fcreleri giri\u015fte s\u0131n\u0131rda verilir. T\u00fcrkiye \u00fczerinden giri\u015f ve transit kurallar\u0131 de\u011fi\u015febilir; seyahatinizden \u00f6nce en son g\u00fcncellemeleri kontrol edin.<\/p>\n<\/blockquote>\n\n\n\n<hr class=\"wp-block-separator has-alpha-channel-opacity\"\/>\n\n\n\n<p>\u0130skele hem k\u0131sa ziyaretler hem de uzun s\u00fcreli ya\u015fam i\u00e7in ak\u0131ll\u0131ca bir se\u00e7imdir. Plajlara ve gezinti yerlerine y\u0131l boyunca eri\u015filebilirken, k\u00fclt\u00fcrel a\u00e7\u0131dan \u00f6ne \u00e7\u0131kan <strong>Kantara Kalesi<\/strong> ve <strong>Aziz Barnabas Manast\u0131r\u0131<\/strong> uygun g\u00fcnl\u00fck gezilerle ke\u015ffedilebilir. Ula\u015f\u0131m ve bilet masraflar\u0131 makul d\u00fczeydedir. Ta\u015f\u0131nmay\u0131 ya da uzun s\u00fcreli kalmay\u0131 d\u00fc\u015f\u00fcn\u00fcyorsan\u0131z, g\u00fcncel vize ve ikamet ko\u015fullar\u0131n\u0131 g\u00f6zden ge\u00e7irdi\u011finizden emin olun. <strong>KKTC \u0130\u00e7i\u015fleri Bakanl\u0131\u011f\u0131 web sitesi<\/strong> ve ziyaret edin <strong>D\u0131\u015fi\u015fleri Bakanl\u0131\u011f\u0131 portal\u0131<\/strong> g\u00fcncel seyahat ve s\u0131n\u0131r bilgileri i\u00e7in.<\/p>\n\n\n\n<h2 class=\"wp-block-heading\">1. Alt\u0131n Kumsal (Alt\u0131nkum)<\/h2>\n\n\n\n<figure class=\"wp-block-image size-full is-resized\"><img loading=\"lazy\" decoding=\"async\" width=\"813\" height=\"457\" src=\"https:\/\/cypria.homes\/wp-content\/uploads\/2026\/03\/altinkum-beach_rezultat-edited.webp\" alt=\"\u0130skele&#039;de G\u00f6r\u00fclecek En \u0130yi 10 Yer: Gezginler ve Ta\u015f\u0131nmay\u0131 D\u00fc\u015f\u00fcnenler \u0130\u00e7in Ke\u015ffedilecekler\" class=\"wp-image-6238\" style=\"width:840px;height:auto\" srcset=\"https:\/\/cypria.homes\/wp-content\/uploads\/2026\/03\/altinkum-beach_rezultat-edited.webp 813w, https:\/\/cypria.homes\/wp-content\/uploads\/2026\/03\/altinkum-beach_rezultat-edited-300x169.webp 300w, https:\/\/cypria.homes\/wp-content\/uploads\/2026\/03\/altinkum-beach_rezultat-edited-18x10.webp 18w\" sizes=\"auto, (max-width: 813px) 100vw, 813px\" \/><\/figure>\n\n\n\n<p>Alt\u0131nkum olarak da bilinen Alt\u0131n Kumsal, Kuzey K\u0131br\u0131s'\u0131n do\u011fu k\u0131y\u0131lar\u0131ndaki en uzun ve en fotojenik sahil \u015feritlerinden biridir. Karpaz Yar\u0131madas\u0131'nda yer alan plaj, yumu\u015fak alt\u0131n rengi kumlar\u0131, geni\u015f kumul manzaralar\u0131 ve kristal berrakl\u0131\u011f\u0131ndaki sular\u0131yla \u00fcnl\u00fcd\u00fcr. Plaj, ailelerin, huzurlu sahil y\u00fcr\u00fcy\u00fc\u015fleri yapmak isteyenlerin ve g\u00fcn do\u011fumu foto\u011fraf\u00e7\u0131lar\u0131n\u0131n g\u00f6zdesi konumundad\u0131r. Genel ziyaret\u00e7i bilgileri ve seyahat y\u00f6netmelikleri KKTC Turizm Bakanl\u0131\u011f\u0131'n\u0131n resmi web sitesinde yer al\u0131rken, s\u00fcrd\u00fcr\u00fclebilir turizm ve mevsimsel seyahat ipu\u00e7lar\u0131na ili\u015fkin rehberlik K\u0131br\u0131s Cumhuriyeti'nin <a href=\"https:\/\/www.visitcyprus.com\" target=\"_blank\" rel=\"noopener\">K\u0131br\u0131s portal\u0131n\u0131 ziyaret edin<\/a>.<br><strong>\u00d6nemli avantaj:<\/strong> Yo\u011fun yap\u0131la\u015fma veya g\u00fcr\u00fclt\u00fcl\u00fc tahta kald\u0131r\u0131mlardan ar\u0131nm\u0131\u015f, bozulmam\u0131\u015f do\u011fal bir ortam - Akdeniz'de giderek daha nadir g\u00f6r\u00fclen bir \u015fey.<\/p>\n\n\n\n<blockquote class=\"wp-block-quote is-layout-flow wp-block-quote-is-layout-flow\">\n<p><strong>\u00d6nemli:<\/strong> Bu k\u0131y\u0131 \u015feridi, a\u015fa\u011f\u0131dakiler de dahil olmak \u00fczere deniz kaplumba\u011falar\u0131 i\u00e7in koruma alt\u0131nda bir yuvalama alan\u0131d\u0131r <em>Caretta caretta<\/em> ve <em>Chelonia mydas<\/em>. Yakla\u015f\u0131k May\u0131s ay\u0131ndan Eyl\u00fcl ay\u0131na kadar, kum tepeleri boyunca hareket ve \u015femsiyelerin belirlenen b\u00f6lgelerin d\u0131\u015f\u0131na yerle\u015ftirilmesi ile ilgili k\u0131s\u0131tlamalar uygulanmaktad\u0131r. Koruma y\u00f6nergeleri i\u00e7in Bal\u0131k\u00e7\u0131l\u0131k ve Deniz Ara\u015ft\u0131rmalar\u0131 Departman\u0131na dan\u0131\u015f\u0131n.<\/p>\n<\/blockquote>\n\n\n\n<hr class=\"wp-block-separator has-alpha-channel-opacity\"\/>\n\n\n\n<h3 class=\"wp-block-heading\">Konum ve Oraya Nas\u0131l Gidilir<\/h3>\n\n\n\n<ul class=\"wp-block-list\">\n<li><strong>Co\u011frafi konum:<\/strong> Karpaz Yar\u0131madas\u0131'n\u0131n do\u011fu ucu, Dipkarpaz (Dipkarpaz\/Rizokarpaso) k\u00f6y\u00fc yak\u0131nlar\u0131.<\/li>\n\n\n\n<li><strong>\u0130skele (Trikomo) ile aras\u0131ndaki mesafe:<\/strong> Yakla\u015f\u0131k 70-80 km; seyahat s\u00fcresi araziye ve mevsimsel trafi\u011fe ba\u011fl\u0131 olarak arabayla 1,5-2 saattir.<\/li>\n\n\n\n<li><strong>S\u00fcr\u00fc\u015f rotas\u0131:<\/strong> \u0130skele'den Bo\u011faz ve Yeni Erenk\u00f6y\/Yenierenk\u00f6y \u00fczerinden Dipkarpaz'a giden sahil yolunu takip edin. Oradan Alt\u0131nkum\/Alt\u0131n Kumsal tabelalar\u0131n\u0131 takip edin. Ana yol asfaltt\u0131r; baz\u0131 k\u0131sa toprak patikalar belirli plaj eri\u015fim noktalar\u0131na g\u00f6t\u00fcrebilir.<\/li>\n\n\n\n<li><strong>Park yeri:<\/strong> \u00c7o\u011fu gayri resmi eri\u015fim alan\u0131n\u0131n yak\u0131n\u0131nda \u00fccretsiz; mevsimlik kafelerin yak\u0131n\u0131nda \u00f6zel otoparklar bulunabilir.<\/li>\n\n\n\n<li><strong>Toplu ta\u015f\u0131ma:<\/strong> Sahile do\u011frudan servis bulunmamaktad\u0131r. Dolmu\u015f minib\u00fcsleri Dipkarpaz'a kadar \u00e7al\u0131\u015fmakta, ard\u0131ndan 10-15 dakikal\u0131k bir taksi veya servis yolculu\u011fu yap\u0131lmaktad\u0131r.<\/li>\n\n\n\n<li><strong>Taksiler:<\/strong> \u0130skele'den tek y\u00f6n i\u00e7in yakla\u015f\u0131k $70-90 \u00f6demeyi bekleyin. Fiyatland\u0131rma konusunda her zaman \u00f6nceden anla\u015f\u0131n.<\/li>\n\n\n\n<li><strong>Araba kiralama:<\/strong> Standart ara\u00e7lar $25-40\/g\u00fcn tutar\u0131ndad\u0131r. Sigorta ko\u015fullar\u0131 kiralama \u015firketine g\u00f6re de\u011fi\u015fir.<\/li>\n<\/ul>\n\n\n\n<blockquote class=\"wp-block-quote is-layout-flow wp-block-quote-is-layout-flow\">\n<p><strong>G\u00fcvenlik ipucu:<\/strong> Kumul alanlarda y\u00fcr\u00fcmek i\u00e7in kapal\u0131 ayakkab\u0131 giyin ve bol miktarda i\u00e7me suyu getirin; a\u00e7\u0131k arazide g\u00f6lge s\u0131n\u0131rl\u0131d\u0131r.<\/p>\n<\/blockquote>\n\n\n\n<p><iframe src=\"https:\/\/www.google.com\/maps\/embed?pb=!1m18!1m12!1m3!1d2816.464623833843!2d48.314789975913726!3d42.041569671224245!2m3!1f0!2f0!3f0!3m2!1i1024!2i768!4f13.1!3m3!1m2!1s0x4049b869c1bc93ef%3A0x50ffecc3c273ddb0!2sGolden%20Beach!5e1!3m2!1sen!2sru!4v1773083927732!5m2!1sen!2sru\" width=\"600\" height=\"450\" style=\"border:0;\" allowfullscreen=\"\" loading=\"lazy\" referrerpolicy=\"no-referrer-when-downgrade\"><\/iframe><\/p>\n\n\n\n<hr class=\"wp-block-separator has-alpha-channel-opacity\"\/>\n\n\n\n<h3 class=\"wp-block-heading\">G\u00f6r\u00fclmesi Gerekenler<\/h3>\n\n\n\n<ul class=\"wp-block-list\">\n<li><strong>Kumul manzaralar\u0131 ve alt\u0131n kum bar\u0131<\/strong><br>Yuvarlanan kum tepeleri plaj\u0131n ikonik siluetini \u015fekillendirir. G\u00fcn do\u011fumunda kum yumu\u015fak alt\u0131n tonlar\u0131yla parlar; foto\u011fraf \u00e7ekmek i\u00e7in ideal bir zamand\u0131r.<\/li>\n\n\n\n<li><strong>Sessiz lag\u00fcnler ve a\u00e7\u0131k su b\u00f6l\u00fcmleri<\/strong><br>Plaj \u00e7e\u015fitli su ko\u015fullar\u0131 sunmaktad\u0131r: g\u00fcneyde daha sakin, aile dostu koylar yer al\u0131rken, daha a\u00e7\u0131k do\u011fu b\u00f6l\u00fcmlerinde orta derecede s\u00f6rf ya\u015fanmaktad\u0131r.<\/li>\n\n\n\n<li><strong>Yaban hayat\u0131 ve do\u011fa g\u00f6zlemcili\u011fi<\/strong><br>\u0130lkbahar ve sonbaharda Karpaz Yar\u0131madas\u0131 ku\u015flar i\u00e7in bir g\u00f6\u00e7 yolu haline gelir. Yaz aylar\u0131nda, koruma alt\u0131ndaki b\u00f6lgelerde kaplumba\u011fa yuvalar\u0131 i\u015faretlenir. L\u00fctfen t\u00fcm bariyerlere ve mevsimsel eri\u015fim koridorlar\u0131na sayg\u0131 g\u00f6sterin.<\/li>\n\n\n\n<li><strong>Hafta sonu gezi rotas\u0131<\/strong><br>Alt\u0131n Kumsal, Apostolos Andreas Manast\u0131r\u0131'na ve Karpaz Burnu'nun do\u011fal manzaralar\u0131na yap\u0131lacak ziyaretlerle m\u00fckemmel bir uyum sa\u011flamaktad\u0131r. Pratik ziyaret\u00e7i ipu\u00e7lar\u0131 KKTC Turizm Bakanl\u0131\u011f\u0131 web sitesinde mevcuttur.<\/li>\n<\/ul>\n\n\n\n<blockquote class=\"wp-block-quote is-layout-flow wp-block-quote-is-layout-flow\">\n<p><strong>Hat\u0131rlatma:<\/strong> Cankurtaran kapsam\u0131 plaj\u0131n bir\u00e7ok yerinde s\u0131n\u0131rl\u0131d\u0131r veya hi\u00e7 yoktur. Sadece g\u00fcnd\u00fcz saatlerinde y\u00fcz\u00fcn ve uyar\u0131 bayraklar\u0131na dikkat edin.<\/p>\n<\/blockquote>\n\n\n\n<hr class=\"wp-block-separator has-alpha-channel-opacity\"\/>\n\n\n\n<h3 class=\"wp-block-heading\">Plaj \u00d6zeti<\/h3>\n\n\n\n<figure class=\"wp-block-table\"><table class=\"has-fixed-layout\"><thead><tr><th><strong>\u00d6zellik<\/strong><\/th><th><strong>Detaylar<\/strong><\/th><\/tr><\/thead><tbody><tr><td><strong>K\u0131y\u0131 \u015eeridi Tipi<\/strong><\/td><td>\u0130nce alt\u0131n kumlu ve kum tepeli kumsal<\/td><\/tr><tr><td><strong>Uzunluk<\/strong><\/td><td>Birka\u00e7 kilometrelik kesintisiz k\u0131y\u0131 \u015feridi (yer yer 2-4 km eri\u015filebilir)<\/td><\/tr><tr><td><strong>Su Eri\u015fimi<\/strong><\/td><td>Hafif e\u011fimli, deniz sakin oldu\u011funda aileler i\u00e7in ideal<\/td><\/tr><tr><td><strong>Olanaklar<\/strong><\/td><td>Mevsimlik kafeler, \u015fezlong\/\u015femsiye kiralama, eko-tuvaletler ve belirli alanlarda a\u00e7\u0131k hava du\u015flar\u0131<\/td><\/tr><tr><td><strong>Cankurtaranlar<\/strong><\/td><td>Ana b\u00f6l\u00fcmlerde y\u00fcksek sezon boyunca se\u00e7ici olarak g\u00f6revde<\/td><\/tr><tr><td><strong>\u00c7evresel Durum<\/strong><\/td><td>Kaplumba\u011fa yuvalama alan\u0131; mevsimsel k\u0131s\u0131tlamalar ge\u00e7erlidir<\/td><\/tr><tr><td><strong>En yak\u0131n \u015fehir<\/strong><\/td><td>Dipkarpaz\/Rizokarpaso (arabayla 10-15 dakika)<\/td><\/tr><\/tbody><\/table><\/figure>\n\n\n\n<hr class=\"wp-block-separator has-alpha-channel-opacity\"\/>\n\n\n\n<h3 class=\"wp-block-heading\">Giri\u015f ve Ziyaret\u00e7i Bilgileri<\/h3>\n\n\n\n<ul class=\"wp-block-list\">\n<li><strong>Giri\u015f:<\/strong> <em>\u00dccretsiz<\/em> - K\u0131smen organize b\u00f6lgeleri olan halka a\u00e7\u0131k do\u011fal bir plaj.<\/li>\n\n\n\n<li><strong>\u015eezlong\/\u015femsiye kiralama:<\/strong> \u0130ki \u015fezlong + \u015femsiye seti: <em>$12-20<\/em> y\u00fcksek sezonda. Bireysel: \u015fezlong <em>$5-8<\/em>, \u015femsiye <em>$5-7<\/em>.<\/li>\n\n\n\n<li><strong>Park yeri:<\/strong> Halka a\u00e7\u0131k eri\u015fim <em>\u00fccretsiz<\/em>baz\u0131 kafeler veya \u00f6zel araziler \u00fccret talep edebilir <em>$2-4<\/em>.<\/li>\n\n\n\n<li><strong>\u0130\u00e7ecekler:<\/strong> 0,5 litre \u015fi\u015felenmi\u015f su: <em>$1-2<\/em>Kahve: <em>$2-4<\/em>sandvi\u00e7: <em>$5-8<\/em>.<\/li>\n\n\n\n<li><strong>Su aktiviteleri (mevsimsel, yerel):<\/strong> SUP\/kayak kiralama: <em>$15-30\/saat<\/em>.<\/li>\n<\/ul>\n\n\n\n<p><strong>Ziyaret Saatleri:<\/strong><\/p>\n\n\n\n<ul class=\"wp-block-list\">\n<li>Plaj 7\/24 a\u00e7\u0131kt\u0131r, ancak <strong>g\u00fcn \u0131\u015f\u0131\u011f\u0131 ziyaretleri \u015fiddetle tavsiye edilir<\/strong> g\u00fcvenlik i\u00e7in.<\/li>\n\n\n\n<li>En yo\u011fun y\u00fczme sezonu: <strong>May\u0131s - Ekim<\/strong>en s\u0131cak aylar <strong>Temmuz ve A\u011fustos<\/strong>.<\/li>\n\n\n\n<li>Kaplumba\u011fa yuvalama d\u00f6neminde (yakla\u015f\u0131k May\u0131s-Eyl\u00fcl), <strong>gece eri\u0307\u015fi\u0307mi\u0307<\/strong> baz\u0131 b\u00f6lgelerde k\u0131s\u0131tlanm\u0131\u015f olabilir. G\u00fcncel g\u00fcncellemeler i\u00e7in <a href=\"https:\/\/www.visitcyprus.com\" target=\"_blank\" rel=\"noopener\">K\u0131br\u0131s'\u0131 ziyaret edin<\/a> ve KKTC Turizm Bakanl\u0131\u011f\u0131 aras\u0131nda imzalanm\u0131\u015ft\u0131r.<\/li>\n<\/ul>\n\n\n\n<blockquote class=\"wp-block-quote is-layout-flow wp-block-quote-is-layout-flow\">\n<p><strong>Anahtar not:<\/strong> At\u0131klar\u0131n ayr\u0131\u015ft\u0131r\u0131lmas\u0131 ve kumul alanlarda ate\u015f yak\u0131lmas\u0131na y\u00f6nelik kat\u0131 bir yasak y\u00fcr\u00fcrl\u00fcktedir. Bu e\u015fsiz plaj\u0131n b\u00fct\u00fcnl\u00fc\u011f\u00fcn\u00fcn korunmas\u0131 i\u00e7in kurallara uyulmas\u0131 \u015fartt\u0131r.<\/p>\n<\/blockquote>\n\n\n\n<hr class=\"wp-block-separator has-alpha-channel-opacity\"\/>\n\n\n\n<p>Alt\u0131n Kumsal (Alt\u0131nkum), yumu\u015fak kumu, yumu\u015fak deniz eri\u015fimi ve b\u00f6lgede nadiren bulunan sakin atmosferiyle Akdeniz'in evcille\u015fmemi\u015f g\u00fczelli\u011finin bozulmam\u0131\u015f bir \u00f6rne\u011fidir. \u0130skele'de konaklayan ziyaret\u00e7iler i\u00e7in ideal bir g\u00fcn\u00fcbirlik gezidir; deniz kenar\u0131nda dinlenmeyi, kum tepelerinde do\u011fa y\u00fcr\u00fcy\u00fc\u015flerini ve hassas Karpaz ekosistemiyle sayg\u0131l\u0131 bir kar\u015f\u0131la\u015fmay\u0131 bir araya getirir.<\/p>\n\n\n\n<h2 class=\"wp-block-heading\">2. Kantara Kalesi<\/h2>\n\n\n\n<figure class=\"wp-block-image size-large\"><img loading=\"lazy\" decoding=\"async\" width=\"1024\" height=\"538\" src=\"https:\/\/cypria.homes\/wp-content\/uploads\/2026\/03\/where-is-kantara-castle_rezultat-1-1024x538.webp\" alt=\"\u0130skele&#039;de G\u00f6r\u00fclecek En \u0130yi 10 Yer: Gezginler ve Ta\u015f\u0131nmay\u0131 D\u00fc\u015f\u00fcnenler \u0130\u00e7in Ke\u015ffedilecekler\" class=\"wp-image-6236\" srcset=\"https:\/\/cypria.homes\/wp-content\/uploads\/2026\/03\/where-is-kantara-castle_rezultat-1-1024x538.webp 1024w, https:\/\/cypria.homes\/wp-content\/uploads\/2026\/03\/where-is-kantara-castle_rezultat-1-300x157.webp 300w, https:\/\/cypria.homes\/wp-content\/uploads\/2026\/03\/where-is-kantara-castle_rezultat-1-18x9.webp 18w, https:\/\/cypria.homes\/wp-content\/uploads\/2026\/03\/where-is-kantara-castle_rezultat-1.webp 1143w\" sizes=\"auto, (max-width: 1024px) 100vw, 1024px\" \/><\/figure>\n\n\n\n<p>Kantara Kalesi, do\u011fu Girne s\u0131rada\u011flar\u0131 boyunca uzanan \u00fc\u00e7 tarihi da\u011f kalesinden biridir ve \u0130skele b\u00f6lgesini ke\u015ffeden ziyaret\u00e7iler i\u00e7in \u00f6nemli bir d\u00f6n\u00fcm noktas\u0131d\u0131r. Aslen Bizans d\u00f6neminde (10. y\u00fczy\u0131l) in\u015fa edilen ve L\u00fczinyan ve Venedik y\u00f6netimi alt\u0131nda \u00f6nemli \u00f6l\u00e7\u00fcde g\u00fc\u00e7lendirilen kale, bir zamanlar Karpaz Yar\u0131madas\u0131'n\u0131n k\u0131y\u0131 yollar\u0131n\u0131 ve da\u011f ge\u00e7itlerini korumu\u015ftur. Kalenin y\u00fcksek teraslar\u0131ndan her iki k\u0131y\u0131 \u015feridinin (g\u00fcneyde Gazima\u011fusa K\u00f6rfezi ve Do\u011fu K\u0131br\u0131s'\u0131n kuzey k\u0131y\u0131lar\u0131) geni\u015f manzaralar\u0131n\u0131 seyredebilirsiniz.<\/p>\n\n\n\n<p>Ada genelindeki k\u00fclt\u00fcrel alanlara ili\u015fkin g\u00fcncel turistik bilgiler K\u0131br\u0131s Cumhuriyeti Turizm Bakan Yard\u0131mc\u0131l\u0131\u011f\u0131'n\u0131n resmi portal\u0131nda mevcuttur - <a href=\"https:\/\/www.visitcyprus.com\" target=\"_blank\" rel=\"noopener\">K\u0131br\u0131s'\u0131 ziyaret edin<\/a>. B\u00f6lgenin \u00f6nemli noktalar\u0131 da dahil olmak \u00fczere genel seyahat \u00f6nerileri KKTC Turizm Bakanl\u0131\u011f\u0131 web sitesinde de bulunabilir.<\/p>\n\n\n\n<p><strong>Neden \u00f6nemli?<\/strong><br>Kantara, unutulmaz bir g\u00fcnl\u00fck gezi i\u00e7in \u0130skele yak\u0131nlar\u0131nda elveri\u015fli bir konumda bulunan, tarihi ve do\u011fal \u00f6nemin nadir bir kombinasyonudur.<\/p>\n\n\n\n<blockquote class=\"wp-block-quote is-layout-flow wp-block-quote-is-layout-flow\">\n<p>Kantara'ya yap\u0131lacak bir ziyaret do\u011fal olarak Bo\u011faz'da ve Kapl\u0131ca ya da Davlos plajlar\u0131nda verilecek molalarla e\u015fle\u015fmektedir. T\u00fcm rota, asfalt yollarla do\u011fal bir k\u0131y\u0131 koridorunu takip etmekte ve kaleye kadar k\u0131sa ama dik bir da\u011f s\u00fcr\u00fc\u015f\u00fcne yol a\u00e7maktad\u0131r.<\/p>\n<\/blockquote>\n\n\n\n<hr class=\"wp-block-separator has-alpha-channel-opacity\"\/>\n\n\n\n<h3 class=\"wp-block-heading\">Konum ve Ula\u015f\u0131m<\/h3>\n\n\n\n<ul class=\"wp-block-list\">\n<li><strong>Bulundu\u011fu yer:<\/strong> Girne Da\u011flar\u0131'n\u0131n do\u011fu ucunda, Kantara k\u00f6y\u00fcn\u00fcn yukar\u0131s\u0131nda, yakla\u015f\u0131k <strong>Deniz seviyesinden 630 metre y\u00fckseklikte<\/strong>.<\/li>\n\n\n\n<li><strong>\u0130skele (Trikomo) ile aras\u0131ndaki mesafe:<\/strong> Hakk\u0131nda <strong>30-35 km<\/strong>'lik bir seyahat s\u00fcresi ile <strong>40-50 dakika<\/strong> trafik ve hava durumuna ba\u011fl\u0131 olarak araba ile.<\/li>\n\n\n\n<li><strong>S\u00fcr\u00fc\u015f rotas\u0131:<\/strong> \u0130skele'den, Bo\u011faz \u00fczerinden Kapl\u0131ca'ya (Kapl\u0131ca\/Davlos) do\u011fru sahil anayolunu takip edin. Yoku\u015f yukar\u0131 giden \"Kantara Kalesi\" i\u015faretli yol tabelas\u0131n\u0131 aray\u0131n. Yol tamamen asfaltt\u0131r; son <strong>3-4 km<\/strong> dar, dolamba\u00e7l\u0131 bir da\u011f ge\u00e7idine sahiptir. Giri\u015fe yak\u0131n park yeri genellikle \u00fccretsizdir.<\/li>\n\n\n\n<li><strong>Toplu ta\u015f\u0131ma:<\/strong> Kaleye do\u011frudan otob\u00fcs g\u00fczerg\u00e2h\u0131 bulunmamaktad\u0131r. Kapl\u0131ca'ya ya da yak\u0131n k\u00f6ylere giden dolmu\u015flara binebilir, ard\u0131ndan bir taksi ya da \u00f6zel transfer ayarlayabilirsiniz. M\u00fcsaitlik ve maliyet mevsime g\u00f6re de\u011fi\u015fmektedir.<\/li>\n\n\n\n<li><strong>Taksi\/transfer:<\/strong> \u0130skele'den tahmini maliyet <strong>$35-45 tek y\u00f6nl\u00fc<\/strong>. \u00d6nceden rezervasyon yap\u0131lmas\u0131 tavsiye edilir.<\/li>\n\n\n\n<li><strong>Araba kiralama:<\/strong> \u015eu aral\u0131klarda <strong>$25-40 g\u00fcnl\u00fck<\/strong>ara\u00e7 s\u0131n\u0131f\u0131na ba\u011fl\u0131 olarak.<\/li>\n\n\n\n<li><strong>Navigasyon:<\/strong> \u00c7o\u011fu harita bu b\u00f6lgeyi \"Kantara Kalesi\" ya da \"Kantara Kalesi\" olarak listelemektedir.<\/li>\n<\/ul>\n\n\n\n<blockquote class=\"wp-block-quote is-layout-flow wp-block-quote-is-layout-flow\">\n<p><strong>G\u00fcvenlik ipucu:<\/strong> Sa\u011flam tutu\u015flu, burnu kapal\u0131 ayakkab\u0131lar giyin; kaya y\u00fczeyler kaygan olabilir, korumas\u0131z duvar b\u00f6l\u00fcmleri vard\u0131r ve zirvedeki r\u00fczg\u00e2rlar \u015fiddetli olabilir.<\/p>\n<\/blockquote>\n\n\n\n<hr class=\"wp-block-separator has-alpha-channel-opacity\"\/>\n\n\n\n<h3 class=\"wp-block-heading\">\u00d6ne \u00c7\u0131kanlar ve G\u00f6r\u00fclmesi Gerekenler<\/h3>\n\n\n\n<ul class=\"wp-block-list\">\n<li><strong>Ana kap\u0131lar ve sur duvarlar\u0131<\/strong><br>G\u00fcn\u00fcm\u00fcze ula\u015fan L\u00fczinyan kuleleri, ok yar\u0131klar\u0131 ve ge\u00e7itler, kalenin bir zamanlar hem kara hem de deniz yollar\u0131na nas\u0131l h\u00e2kim oldu\u011funa dair fikir vermektedir.<\/li>\n\n\n\n<li><strong>Panoramik seyir teraslar\u0131<\/strong><br>\u00dcst katlarda tam donan\u0131ml\u0131 <strong>360\u00b0 g\u00f6r\u00fcn\u00fcm<\/strong>: Karpaz Yar\u0131madas\u0131, Gazima\u011fusa K\u00f6rfezi, kuzey sahil \u015feridi ve \"Be\u015f Parmak\" da\u011flar\u0131n\u0131n uzaktaki silueti. En iyi \u0131\u015f\u0131k g\u00fcn do\u011fumu veya g\u00fcn bat\u0131m\u0131 s\u0131ras\u0131nda olur.<\/li>\n\n\n\n<li><strong>Ya\u011fmur suyu sarn\u0131\u00e7lar\u0131<\/strong><br>Do\u011frudan ana kayaya oyulmu\u015f olan bu rezervuarlar garnizonun kendi kendine yetebilmesini sa\u011flam\u0131\u015ft\u0131r. L\u00fctfen i\u00e7ine bozuk para veya \u00e7\u00f6p atmaktan ka\u00e7\u0131n\u0131n.<\/li>\n\n\n\n<li><strong>\u015eapel ve garnizon kal\u0131nt\u0131lar\u0131<\/strong><br>Temeller, k\u0131smi duvarlar, s\u0131va kal\u0131nt\u0131lar\u0131 ve duvar izleri, Bizans'tan Venedik d\u00f6nemine kadar uzanan katmanl\u0131 yeniden in\u015fa tarihini g\u00f6zler \u00f6n\u00fcne sermektedir.<\/li>\n\n\n\n<li><strong>Do\u011fa ve foto\u011fraf f\u0131rsatlar\u0131<\/strong><br>\u0130lkbahar endemik k\u0131r \u00e7i\u00e7eklerini beraberinde getirir; ara mevsimlerde ise b\u00f6lge g\u00f6\u00e7 eden y\u0131rt\u0131c\u0131 ku\u015flar i\u00e7in bir koridor haline gelir. Y\u00fckseklik ve deniz meltemi, t\u0131rman\u0131\u015f\u0131 s\u0131cak aylarda bile idare edilebilir k\u0131lmaktad\u0131r.<\/li>\n<\/ul>\n\n\n\n<blockquote class=\"wp-block-quote is-layout-flow wp-block-quote-is-layout-flow\">\n<p><strong>Aile dan\u0131\u015fmanl\u0131\u011f\u0131:<\/strong> Site bebek arabas\u0131 eri\u015fimine uygun de\u011fildir. Y\u00fckseklik de\u011fi\u015fiklikleri ve dik merdivenler k\u00fc\u00e7\u00fck \u00e7ocuklar i\u00e7in yak\u0131n g\u00f6zetim gerektirmektedir.<\/p>\n<\/blockquote>\n\n\n\n<hr class=\"wp-block-separator has-alpha-channel-opacity\"\/>\n\n\n\n<h3 class=\"wp-block-heading\">Giri\u015f ve Ziyaret\u00e7i Bilgileri<\/h3>\n\n\n\n<p>A\u015fa\u011f\u0131da ziyaretinizi planlaman\u0131za yard\u0131mc\u0131 olacak tahmini detaylar yer almaktad\u0131r. G\u00fcncel mevsimsel programlar ve resmi tatillerde kapal\u0131 olan yerler i\u00e7in Eski Eserler Dairesi ve Visit Cyprus'a ba\u015fvurunuz.<\/p>\n\n\n\n<figure class=\"wp-block-table\"><table class=\"has-fixed-layout\"><thead><tr><th><strong>Kategori<\/strong><\/th><th><strong>Detaylar<\/strong><\/th><\/tr><\/thead><tbody><tr><td>Genel giri\u015f (yeti\u015fkinler)<\/td><td>Yakla\u015f\u0131k olarak. <strong>$3-4<\/strong><\/td><\/tr><tr><td>Giri\u015f (\u00e7ocuklar\/konsolosluklar)<\/td><td>Yakla\u015f\u0131k olarak. <strong>$1-2<\/strong>veya k\u00fc\u00e7\u00fck \u00e7ocuklar i\u00e7in \u00fccretsiz (ya\u015f politikaya g\u00f6re de\u011fi\u015fir)<\/td><\/tr><tr><td>Rehberli tur (lisansl\u0131 rehber)<\/td><td>itibaren <strong>$60-90<\/strong> 1-3 ki\u015filik bir grup i\u00e7in (istek \u00fczerine)<\/td><\/tr><tr><td>Otopark<\/td><td>genellikle <strong>\u00fccretsiz<\/strong><\/td><\/tr><tr><td>\u00d6deme y\u00f6ntemleri<\/td><td>K\u00fc\u00e7\u00fck siteler genellikle <strong>sadece nakit (TRY)<\/strong> - k\u00fc\u00e7\u00fck banknotlar getirin<\/td><\/tr><\/tbody><\/table><\/figure>\n\n\n\n<p><strong>\u00c7al\u0131\u015fma saatleri (b\u00f6lgedeki miras alanlar\u0131 i\u00e7in tipik):<\/strong><\/p>\n\n\n\n<ul class=\"wp-block-list\">\n<li><strong>Yaz sezonu (yakla\u015f\u0131k Nisan-Ekim):<\/strong> 09:00-18:00, son giri\u015f <strong>Kapan\u0131\u015ftan 30 dakika \u00f6nce<\/strong><\/li>\n\n\n\n<li><strong>K\u0131\u015f sezonu (Kas\u0131m-Mart):<\/strong> 09:00-16:00<\/li>\n\n\n\n<li>Olumsuz hava ko\u015fullar\u0131 veya ulusal tatiller s\u0131ras\u0131nda ge\u00e7ici kapanmalar meydana gelebilir - program\u0131n\u0131za esneklik kat\u0131n ve a\u015fa\u011f\u0131daki g\u00fcncellemeleri kontrol edin <a href=\"https:\/\/www.visitcyprus.com\" target=\"_blank\" rel=\"noopener\">K\u0131br\u0131s'\u0131 ziyaret edin<\/a> ve <a href=\"https:\/\/tourism.gov.ct.tr\" target=\"_blank\" rel=\"noopener\">KKTC Turizm Bakanl\u0131\u011f\u0131<\/a>.<\/li>\n<\/ul>\n\n\n\n<blockquote class=\"wp-block-quote is-layout-flow wp-block-quote-is-layout-flow\">\n<p><strong>Profesyonel ipucu:<\/strong> Bu y\u00fckseklikte, r\u00fczgar so\u011fu\u011fu yaz\u0131n bile daha serin hissettirebilir - hafif bir ceket ve su getirin. Tesis b\u00fcnyesinde kal\u0131c\u0131 kafe veya sat\u0131\u015f tesisi bulunmamaktad\u0131r.<\/p>\n<\/blockquote>\n\n\n\n<hr class=\"wp-block-separator has-alpha-channel-opacity\"\/>\n\n\n\n<p><strong>Son s\u00f6z:<\/strong><br>Kantara Kalesi, \u0130skele'den arabayla k\u0131sa bir mesafede mutlaka g\u00f6r\u00fclmesi gereken bir miras destinasyonudur. Da\u011flar\u0131n tepesinde yer alan kale, orta\u00e7a\u011f surlar\u0131, nefes kesici manzaralar ve sakin bir \u00e7evrenin \u00e7arp\u0131c\u0131 bir kar\u0131\u015f\u0131m\u0131n\u0131 sunmaktad\u0131r. \u0130ster dolu bir gezi program\u0131 planl\u0131yor olun, ister yerel bir sakin olarak yak\u0131nlarda ya\u015f\u0131yor olun, Kantara \u00f6d\u00fcllendirici ve zenginle\u015ftirici bir deneyim sunar.<\/p>\n\n\n\n<h2 class=\"wp-block-heading\">3. Aziz Barnabas Manast\u0131r\u0131 ve \u0130kon M\u00fczesi<\/h2>\n\n\n\n<figure class=\"wp-block-image size-full\"><img loading=\"lazy\" decoding=\"async\" width=\"900\" height=\"506\" src=\"https:\/\/cypria.homes\/wp-content\/uploads\/2026\/03\/st-barnabas-1_rezultat-edited.webp\" alt=\"\u0130skele&#039;de G\u00f6r\u00fclecek En \u0130yi 10 Yer: Gezginler ve Ta\u015f\u0131nmay\u0131 D\u00fc\u015f\u00fcnenler \u0130\u00e7in Ke\u015ffedilecekler\" class=\"wp-image-6240\" srcset=\"https:\/\/cypria.homes\/wp-content\/uploads\/2026\/03\/st-barnabas-1_rezultat-edited.webp 900w, https:\/\/cypria.homes\/wp-content\/uploads\/2026\/03\/st-barnabas-1_rezultat-edited-300x169.webp 300w, https:\/\/cypria.homes\/wp-content\/uploads\/2026\/03\/st-barnabas-1_rezultat-edited-18x10.webp 18w\" sizes=\"auto, (max-width: 900px) 100vw, 900px\" \/><\/figure>\n\n\n\n<p>Aziz Barnabas Manast\u0131r\u0131 ve biti\u015fi\u011findeki \u0130kon M\u00fczesi, Kuzey K\u0131br\u0131s'\u0131n do\u011fu k\u0131y\u0131s\u0131ndaki en \u00f6nemli ruhani ve k\u00fclt\u00fcrel simgelerden biridir. Kompleksin \u00e7ekirde\u011fi 17. ve 18. y\u00fczy\u0131llara dayanmaktad\u0131r ve Ortodoks gelene\u011finde K\u0131br\u0131s'\u0131n koruyucu azizi olan Aziz Barnabas'a adanm\u0131\u015ft\u0131r. G\u00fcn\u00fcm\u00fczde, Bizans sonras\u0131 ikonalar koleksiyonu, Salamis yak\u0131nlar\u0131ndaki arkeolojik buluntular ve zamans\u0131z, d\u00fc\u015f\u00fcnceli bir atmosferi koruyan sakin bir manast\u0131r avlusu ile \u00fcnl\u00fcd\u00fcr. Ziyaret\u00e7ilere y\u00f6nelik genel bilgiler a\u015fa\u011f\u0131daki resmi web sitelerinde mevcuttur <a href=\"https:\/\/tourism.gov.ct.tr\" target=\"_blank\" rel=\"noopener\">KKTC Turizm Bakanl\u0131\u011f\u0131<\/a>, the <a href=\"https:\/\/www.visitcyprus.com\" target=\"_blank\" rel=\"noopener\">K\u0131br\u0131s Cumhuriyeti Turizm Bakan Yard\u0131mc\u0131l\u0131\u011f\u0131<\/a>ve K\u0131br\u0131s Eski Eserler Dairesi taraf\u0131ndan desteklenmektedir.<br><strong>\u00d6nemli vurgu:<\/strong> Buraya yap\u0131lacak bir ziyaret, k\u00fclt\u00fcrel zenginli\u011fi Salamis antik kal\u0131nt\u0131lar\u0131na ve Gazima\u011fusa'n\u0131n do\u011fal sahil \u015feridine yak\u0131nl\u0131kla birle\u015ftirir.<\/p>\n\n\n\n<blockquote class=\"wp-block-quote is-layout-flow wp-block-quote-is-layout-flow\">\n<p><strong>L\u00fctfen unutmay\u0131n:<\/strong> Buras\u0131 hac\u0131lar i\u00e7in aktif bir dini b\u00f6lgedir. <strong>K\u0131yafet kurallar\u0131na uyun<\/strong> (omuzlar ve dizler kapal\u0131), <strong>fla\u015fl\u0131 foto\u011fraf kullanmaktan ka\u00e7\u0131n\u0131n<\/strong> simgelerin foto\u011fraflar\u0131n\u0131 \u00e7ekerken ve t\u00fcm sergilere \u00f6zenle davran\u0131rken.<\/p>\n<\/blockquote>\n\n\n\n<hr class=\"wp-block-separator has-alpha-channel-opacity\"\/>\n\n\n\n<h3 class=\"wp-block-heading\">Konum ve Oraya Nas\u0131l Gidilir<\/h3>\n\n\n\n<ul class=\"wp-block-list\">\n<li><strong>Co\u011frafi konum:<\/strong> Gazima\u011fusa'n\u0131n kuzeybat\u0131s\u0131ndaki k\u0131rsal bir b\u00f6lgede, Salamis arkeolojik park\u0131n\u0131n biti\u015fi\u011finde yer almaktad\u0131r. Ayr\u0131 bir \u015fapel ve Aziz Barnabas'\u0131n Mezar\u0131, ana manast\u0131r kompleksinin yakla\u015f\u0131k 100-200 metre bat\u0131s\u0131nda yer almaktad\u0131r.<\/li>\n\n\n\n<li><strong>\u0130skele (Trikomo) ile aras\u0131ndaki mesafe:<\/strong> Yakla\u015f\u0131k olarak <strong>15-20 km<\/strong>veya <strong>20-25 dakika<\/strong> Araba ile.<\/li>\n\n\n\n<li><strong>Araba ile:<\/strong> \u0130skele'den Gazima\u011fusa'ya do\u011fru s\u00fcr\u00fcn ve Salamis sapa\u011f\u0131 yak\u0131n\u0131ndaki \"Aziz Barnabas Manast\u0131r\u0131 \/ Aziz Barnabas Manast\u0131r\u0131\" tabelalar\u0131n\u0131 takip edin. Eri\u015fim yolu asfaltt\u0131r, ancak son k\u0131s\u0131mda dar k\u00f6y \u015feritleri g\u00f6r\u00fcnebilir. <strong>\u00dccretsiz otopark<\/strong> genellikle giri\u015fin yak\u0131n\u0131nda mevcuttur.<\/li>\n\n\n\n<li><strong>Toplu ta\u015f\u0131ma:<\/strong> Manast\u0131r\u0131n kap\u0131s\u0131na giden do\u011frudan bir yol yoktur. \u0130skele'den Gazima\u011fusa'ya (ana istasyon veya merkezi duraklar) dolmu\u015fa binin, ard\u0131ndan son durak i\u00e7in taksiye binin. <strong>10-15 dakika<\/strong> Bacak.<\/li>\n\n\n\n<li><strong>Taksiler:<\/strong> \u0130skele'den tek y\u00f6n yakla\u015f\u0131k <strong>$20-30<\/strong>Mevsime ve g\u00fcn\u00fcn saatine ba\u011fl\u0131 olarak.<\/li>\n\n\n\n<li><strong>Araba kiralama:<\/strong> Standart ara\u00e7lar i\u00e7in kiralama <strong>$25-40\/g\u00fcn<\/strong>Sigorta ko\u015fullar\u0131n\u0131 kiralama sa\u011flay\u0131c\u0131s\u0131ndan kontrol edin.<\/li>\n<\/ul>\n\n\n\n<blockquote class=\"wp-block-quote is-layout-flow wp-block-quote-is-layout-flow\">\n<p><strong>Planlama ipucu:<\/strong> Durak i\u00e7in zaman ay\u0131r\u0131n <strong>Aziz Barnabas'\u0131n Mezar\u0131<\/strong>Ana avludan a\u00e7\u0131k\u00e7a i\u015faretlenmi\u015f bir patika ile ula\u015f\u0131lan ayr\u0131 bir \u015fapelde yer almaktad\u0131r.<\/p>\n<\/blockquote>\n\n\n\n<p><iframe src=\"https:\/\/www.google.com\/maps\/embed?pb=!1m18!1m12!1m3!1d3099.9080868254473!2d33.87779997556802!3d35.17474357275501!2m3!1f0!2f0!3f0!3m2!1i1024!2i768!4f13.1!3m3!1m2!1s0x14dfb5e0b5e93567%3A0x9f7304b7a30b7f63!2sSaint%20Barnabas%20Monastery!5e1!3m2!1sen!2sru!4v1773084325044!5m2!1sen!2sru\" width=\"600\" height=\"450\" style=\"border:0;\" allowfullscreen=\"\" loading=\"lazy\" referrerpolicy=\"no-referrer-when-downgrade\"><\/iframe><\/p>\n\n\n\n<hr class=\"wp-block-separator has-alpha-channel-opacity\"\/>\n\n\n\n<h3 class=\"wp-block-heading\">\u00d6ne \u00c7\u0131kanlar ve \u0130lgi \u00c7ekici Noktalar<\/h3>\n\n\n\n<ul class=\"wp-block-list\">\n<li><strong>Ana Kilise (Katholikon) ve \u00c7an Kulesi<\/strong><br>Merkezi kutsal alan, avlu \u00fczerinde y\u00fckselen bir \u00e7an kulesi ile Bizans sonras\u0131 mimariyi yans\u0131tmaktad\u0131r. Ziyaret\u00e7iler i\u00e7eride ikonostasisi ve manast\u0131r\u0131n ikon koleksiyonunun bir k\u0131sm\u0131n\u0131 bulacakt\u0131r.<\/li>\n\n\n\n<li><strong>\u0130kon M\u00fczesi ve Arkeolojik Sergiler<\/strong><br>Avluyu \u00e7evreleyen eski ke\u015fi\u015f odalar\u0131 g\u00fcn\u00fcm\u00fczde m\u00fcze galerilerine ev sahipli\u011fi yapmaktad\u0131r. <strong>18.-19. y\u00fczy\u0131l post-Bizans ikonlar\u0131<\/strong>ayin eserleri, el yazmas\u0131 par\u00e7alar\u0131, seramikler ve yerel kaz\u0131lardan elde edilen ev e\u015fyalar\u0131.<\/li>\n\n\n\n<li><strong>Aziz Barnabas \u015eapeli ve Mezar\u0131<\/strong><br>M\u00fctevaz\u0131 bir \u015fapel, havarinin dinlenme yeri oldu\u011funa inan\u0131lan kayadan oyma bir oday\u0131 gizlemektedir. Ziyaret\u00e7iler genellikle sakin ortam\u0131 ve \u00f6zel d\u00fc\u015f\u00fcnme f\u0131rsatlar\u0131 i\u00e7in bu alan\u0131 ararlar.<\/li>\n\n\n\n<li><strong>Manast\u0131r Avlusu ve Selvi Y\u00fcr\u00fcy\u00fc\u015f Yolu<\/strong><br>Uzun selvi a\u011fa\u00e7lar\u0131n\u0131n g\u00f6lgeledi\u011fi huzurlu bir avlu, i\u00e7me \u00e7e\u015fmeleri ve dinlenmek i\u00e7in sessiz k\u00f6\u015feler sunar; turunuzun ortas\u0131nda ideal bir mola.<\/li>\n\n\n\n<li><strong>Kombine Seyahat Program\u0131 Se\u00e7ene\u011fi<\/strong><br>Ziyaretinizi \u015fu etkinliklerle birle\u015ftirin <strong>Salamis Antik Kenti<\/strong> ve Gazima\u011fusa'n\u0131n tarihi eski kentine bir gezi. G\u00fcncellenmi\u015f ziyaret\u00e7i rehberleri d\u00fczenli olarak KKTC Turizm Bakanl\u0131\u011f\u0131 web sitesinde yay\u0131nlanmaktad\u0131r.<\/li>\n<\/ul>\n\n\n\n<blockquote class=\"wp-block-quote is-layout-flow wp-block-quote-is-layout-flow\">\n<p><strong>Aileler i\u00e7in not:<\/strong> Sahada basamaklar ve d\u00fcz olmayan e\u015fikler bulunmaktad\u0131r; bebek arabalar\u0131 her yerde uygun olmayabilir. K\u00fc\u00e7\u00fck \u00e7ocuklar i\u00e7in bir \u00e7ocuk ta\u015f\u0131y\u0131c\u0131s\u0131 getirmeyi d\u00fc\u015f\u00fcn\u00fcn.<\/p>\n<\/blockquote>\n\n\n\n<hr class=\"wp-block-separator has-alpha-channel-opacity\"\/>\n\n\n\n<h3 class=\"wp-block-heading\">Giri\u015f ve Ziyaret Saatleri<\/h3>\n\n\n\n<p>A\u015fa\u011f\u0131da tipik ziyaret parametrelerine genel bir bak\u0131\u015f sunulmaktad\u0131r. Ger\u00e7ek saatler ve \u00fccretler mevsime veya yerel makamlar\u0131n kararlar\u0131na g\u00f6re de\u011fi\u015febilir. En son g\u00fcncellemeler i\u00e7in KKTC Turizm Bakanl\u0131\u011f\u0131'na veya Visit Cyprus'a dan\u0131\u015f\u0131n\u0131z.<\/p>\n\n\n\n<figure class=\"wp-block-table\"><table class=\"has-fixed-layout\"><thead><tr><th><strong>Kategori<\/strong><\/th><th><strong>Detaylar<\/strong><\/th><\/tr><\/thead><tbody><tr><td><strong>Yeti\u015fkin Giri\u015fi<\/strong><\/td><td><strong>$3-4<\/strong><\/td><\/tr><tr><td><strong>\u00c7ocuklar\/\u0130mtiyaz<\/strong><\/td><td><strong>$1-2<\/strong>veya k\u00fc\u00e7\u00fck \u00e7ocuklar i\u00e7in \u00fccretsiz (ya\u015f s\u0131n\u0131rlar\u0131 de\u011fi\u015fir)<\/td><\/tr><tr><td><strong>Rehberli Tur (lisansl\u0131)<\/strong><\/td><td><strong>$50-80<\/strong> grup ba\u015f\u0131na (1-5 ki\u015fi, \u00f6nceden rezervasyon gereklidir)<\/td><\/tr><tr><td><strong>Otopark<\/strong><\/td><td>Tipik olarak <strong>\u00fccretsiz<\/strong><\/td><\/tr><tr><td><strong>\u00d6deme Y\u00f6ntemleri<\/strong><\/td><td>Genellikle <strong>nakit (TRY)<\/strong>k\u00fc\u00e7\u00fck mezhepler tercih edilir<\/td><\/tr><\/tbody><\/table><\/figure>\n\n\n\n<p><strong>B\u00f6lgedeki M\u00fczeler ve Manast\u0131r Alanlar\u0131 i\u00e7in Tipik Saatler:<\/strong><\/p>\n\n\n\n<ul class=\"wp-block-list\">\n<li><strong>Yaz Sezonu (yakla\u015f\u0131k Nisan-Ekim):<\/strong> 09:00-18:00, son giri\u015f <strong>Kapan\u0131\u015ftan 30 dakika \u00f6nce<\/strong><\/li>\n\n\n\n<li><strong>K\u0131\u015f Sezonu (Kas\u0131m-Mart):<\/strong> 09:00-16:00<\/li>\n\n\n\n<li><strong>Kapal\u0131 G\u00fcnler:<\/strong> S\u0131k s\u0131k <strong>Pazartesi g\u00fcnleri kapal\u0131<\/strong> (ziyaretinizden \u00f6nce teyit edin)<\/li>\n\n\n\n<li><strong>Hava Durumu ve Tatiller:<\/strong> Olumsuz ko\u015fullar veya resmi tatiller s\u0131ras\u0131nda ge\u00e7ici kapan\u0131\u015flar m\u00fcmk\u00fcnd\u00fcr.<\/li>\n<\/ul>\n\n\n\n<blockquote class=\"wp-block-quote is-layout-flow wp-block-quote-is-layout-flow\">\n<p><strong>\u00d6nemli ziyaret\u00e7i ipucu:<\/strong> Tela\u015fs\u0131z bir deneyim i\u00e7in -\u00f6zellikle simgeleri derinlemesine g\u00f6rmeyi veya Mezar\u0131 ziyaret etmeyi planl\u0131yorsan\u0131z- bir kenara b\u0131rak\u0131n <strong>60-90 dakika<\/strong>. Yo\u011fun sezonda, kalabal\u0131ktan ka\u00e7\u0131nmak ve alan\u0131n tad\u0131n\u0131 nispeten sakin bir \u015fekilde \u00e7\u0131karmak i\u00e7in erken gelmeyi hedefleyin.<\/p>\n<\/blockquote>\n\n\n\n<hr class=\"wp-block-separator has-alpha-channel-opacity\"\/>\n\n\n\n<p>Aziz Barnabas Manast\u0131r\u0131 ve \u0130kon M\u00fczesi, \u0130skele'de veya yak\u0131n\u0131nda konaklayan ziyaret\u00e7iler i\u00e7in m\u00fckemmel bir k\u00fclt\u00fcrel destinasyondur. Kolay eri\u015fim, ayd\u0131nlat\u0131c\u0131 bir sergi ve K\u0131br\u0131s'\u0131n Hristiyan miras\u0131na huzurlu bir inziva sunmaktad\u0131r. \u0130ster dolu bir g\u00fczergah\u0131 takip edin, ister yava\u015f bir tempoda ke\u015ffe \u00e7\u0131k\u0131n, bu durak b\u00f6lgenin ruhani ve tarihi derinli\u011fine dair anlay\u0131\u015f\u0131n\u0131z\u0131 zenginle\u015ftirecektir.<\/p>\n\n\n\n<h2 class=\"wp-block-heading\">4. \u0130skele Liman\u0131 ve Yat Liman\u0131<\/h2>\n\n\n\n<figure class=\"wp-block-image size-large\"><img loading=\"lazy\" decoding=\"async\" width=\"1024\" height=\"512\" src=\"https:\/\/cypria.homes\/wp-content\/uploads\/2026\/03\/landingpopupimg-2_rezultat-1024x512.webp\" alt=\"\u0130skele&#039;de G\u00f6r\u00fclecek En \u0130yi 10 Yer: Gezginler ve Ta\u015f\u0131nmay\u0131 D\u00fc\u015f\u00fcnenler \u0130\u00e7in Ke\u015ffedilecekler\" class=\"wp-image-6241\" srcset=\"https:\/\/cypria.homes\/wp-content\/uploads\/2026\/03\/landingpopupimg-2_rezultat-1024x512.webp 1024w, https:\/\/cypria.homes\/wp-content\/uploads\/2026\/03\/landingpopupimg-2_rezultat-300x150.webp 300w, https:\/\/cypria.homes\/wp-content\/uploads\/2026\/03\/landingpopupimg-2_rezultat-18x9.webp 18w, https:\/\/cypria.homes\/wp-content\/uploads\/2026\/03\/landingpopupimg-2_rezultat.webp 1200w\" sizes=\"auto, (max-width: 1024px) 100vw, 1024px\" \/><\/figure>\n\n\n\n<p>\u0130skele Belediyesi'nin Bo\u011faz b\u00f6lgesinde yer alan \u0130skele Liman\u0131 ve Yat Liman\u0131, Kuzey K\u0131br\u0131s'\u0131n g\u00fcnl\u00fck denizcilik ritmini yans\u0131tan b\u00fcy\u00fcleyici bir k\u0131y\u0131 yerle\u015fimidir. Burada bal\u0131k\u00e7\u0131 tekneleri demir atmakta, k\u00fc\u00e7\u00fck tur tekneleri iskelede s\u0131ralanmakta ve sahil \u015feridi kafeler, deniz kenar\u0131 gezintileri ve yerel ya\u015fam\u0131n sesleriyle u\u011fuldamaktad\u0131r. G\u00fcncel seyahat planlamas\u0131 ve k\u0131y\u0131 eri\u015fim d\u00fczenlemeleri i\u00e7in KKTC Turizm Bakanl\u0131\u011f\u0131 ve Visit Cyprus gibi resmi devlet kaynaklar\u0131na ba\u015fvurun.<br><strong>\u00d6nemli avantaj:<\/strong> Y\u00fcr\u00fcnebilir, bak\u0131ml\u0131 bir deniz k\u0131y\u0131s\u0131 ile e\u015fle\u015ftirilmi\u015f kompakt bir liman, buray\u0131 aileler ve yerel ya\u015fam tarz\u0131n\u0131 merak eden herkes i\u00e7in uygun ve dinlendirici bir yer haline getirmektedir.<\/p>\n\n\n\n<blockquote class=\"wp-block-quote is-layout-flow wp-block-quote-is-layout-flow\">\n<p><strong>\u00d6nemli:<\/strong> Bo\u011faz Liman\u0131 \u00f6ncelikle bir <strong>bal\u0131k\u00e7\u0131 bar\u0131na\u011f\u0131<\/strong>Tam donan\u0131ml\u0131 bir yat marinas\u0131 de\u011fildir. Misafir ba\u011flama yerleri s\u0131n\u0131rl\u0131d\u0131r ve hizmetler temel d\u00fczeydedir. Gece boyunca demirlemeyi planl\u0131yorsan\u0131z, ba\u011flama yerinin uygunlu\u011funu do\u011frudan tesis personeliyle \u00f6nceden teyit edin.<\/p>\n<\/blockquote>\n\n\n\n<hr class=\"wp-block-separator has-alpha-channel-opacity\"\/>\n\n\n\n<h3 class=\"wp-block-heading\">Konum ve Oraya Nas\u0131l Gidilir<\/h3>\n\n\n\n<ul class=\"wp-block-list\">\n<li><strong>B\u00f6lge:<\/strong> Bo\u011faz k\u0131y\u0131 b\u00f6lgesi (Bo\u011faz Liman\u0131), \u0130skele belediyesi, Kuzey K\u0131br\u0131s'\u0131n do\u011fu k\u0131y\u0131s\u0131nda.<\/li>\n\n\n\n<li><strong>Mesafeler:<\/strong><br>- \u0130skele merkezden (Trikomo): <strong>\u224810-12 km<\/strong>, hakk\u0131nda <strong>15-20 dakika<\/strong> araba ile<br>- Gazima\u011fusa'dan: <strong>\u224825-28 km<\/strong>, hakk\u0131nda <strong>30-35 dakika<\/strong> araba ile<\/li>\n\n\n\n<li><strong>Araba ile:<\/strong> \u0130skele'den do\u011fuya do\u011fru sahil yoluna girin ve \"Bo\u011faz\" veya \"Liman\" tabelalar\u0131n\u0131 takip edin. Park yeri genellikle <strong>\u00fccretsiz<\/strong> sahil boyunca.<\/li>\n\n\n\n<li><strong>Toplu ta\u015f\u0131ma:<\/strong> Dolmu\u015flar g\u00fcn i\u00e7inde \u0130skele-Bo\u011faz sahil koridoru boyunca d\u00fczenli olarak \u00e7al\u0131\u015fmaktad\u0131r. Otob\u00fcs dura\u011f\u0131ndan <strong>3-7 dakika y\u00fcr\u00fcme mesafesinde<\/strong> suyun kenar\u0131na kadar.<\/li>\n\n\n\n<li><strong>Taksi:<\/strong> \u0130skele'den bir yolculuk yakla\u015f\u0131k olarak <strong>$10-15<\/strong> tek y\u00f6n, g\u00fcn\u00fcn saatine ve mevsime ba\u011fl\u0131 olarak.<\/li>\n\n\n\n<li><strong>Kaptanlar i\u00e7in:<\/strong> Limana g\u00fcneydo\u011fudan girin. Yakla\u015fmadan \u00f6nce kanal\u0131 ve hava durumunu kontrol edin. K\u0131br\u0131s'\u0131 ziyaret edin, temel deniz ve k\u0131y\u0131 g\u00fcvenli\u011fi rehberli\u011fi sa\u011flar.<\/li>\n<\/ul>\n\n\n\n<blockquote class=\"wp-block-quote is-layout-flow wp-block-quote-is-layout-flow\">\n<p><strong>G\u00fcvenlik ipucu:<\/strong> \u0130skeleler ve dalgak\u0131ranlar deniz spreyi ve esinti nedeniyle kayganla\u015fabilir. A\u015f\u0131nma <strong>kaymaz ayakkab\u0131lar<\/strong> ve \u00e7ocuklar\u0131 suyun yak\u0131n\u0131nda g\u00f6zetim alt\u0131nda tutun.<\/p>\n<\/blockquote>\n\n\n\n<hr class=\"wp-block-separator has-alpha-channel-opacity\"\/>\n\n\n\n<h3 class=\"wp-block-heading\">G\u00f6r\u00fclecek ve Yap\u0131lacak \u015eeyler<\/h3>\n\n\n\n<ul class=\"wp-block-list\">\n<li><strong>Sahil Gezinti Yolu ve Bal\u0131k\u00e7\u0131 Bar\u0131na\u011f\u0131<\/strong><br>Bal\u0131k\u00e7\u0131 tekneleri ve k\u0131y\u0131 boyunca kuruyan a\u011flarla dolu k\u00fc\u00e7\u00fck, atmosferik bir liman. Sabah saatlerinde genellikle g\u00fcn\u00fcn av\u0131n\u0131n bo\u015falt\u0131ld\u0131\u011f\u0131n\u0131 g\u00f6rebilirsiniz.<\/li>\n\n\n\n<li><strong>Deniz \u00dcr\u00fcnleri Tavernalar\u0131 ve Sahil Kafeleri<\/strong><br>\u00d6n taraftaki restoranlar mevsimlik \u0131zgara bal\u0131k ve geleneksel meze tabaklar\u0131 servis etmektedir. Men\u00fclerde genellikle bal\u0131k t\u00fcr\u00fc ve pi\u015firme tarz\u0131 belirtilir.<\/li>\n\n\n\n<li><strong>Bo\u015f Zaman Tekne Gezileri (Sezonluk)<\/strong><br>K\u0131sa k\u0131y\u0131 yolculuklar\u0131 (1-2 saat) denizin tad\u0131n\u0131 \u00e7\u0131karmak i\u00e7in sakin, aile dostu bir yol sunar.<\/li>\n\n\n\n<li><strong>Ak\u015fam Gezintisi<\/strong><br>Yumu\u015fak \u0131\u015f\u0131kland\u0131rma, dalgalar\u0131n sesi ve do\u011fu sahil \u015feridi \u00fczerinde g\u00fcn bat\u0131m\u0131, s\u0131cak bir g\u00fcn\u00fcn ard\u0131ndan gev\u015femek i\u00e7in m\u00fckemmel bir ortam yarat\u0131r.<\/li>\n\n\n\n<li><strong>Yer De\u011fi\u015ftirmek \u0130steyenler \u0130\u00e7in<\/strong><br>B\u00f6lge, bankalar, ATM'ler, mini marketler ve eczaneler gibi temel g\u00fcnl\u00fck altyap\u0131ya ev sahipli\u011fi yap\u0131yor ve hepsi y\u00fcr\u00fcme mesafesinde. Bu, b\u00f6lgenin ne kadar <strong>ya\u015fam kali\u0307tesi\u0307 ve g\u00fcnl\u00fck rahatlik<\/strong> \u0130skele'nin k\u0131y\u0131 b\u00f6lgesinde.<\/li>\n<\/ul>\n\n\n\n<hr class=\"wp-block-separator has-alpha-channel-opacity\"\/>\n\n\n\n<h3 class=\"wp-block-heading\">Marina Tesisleri ve Hizmetleri<\/h3>\n\n\n\n<figure class=\"wp-block-table\"><table class=\"has-fixed-layout\"><thead><tr><th><strong>\u00d6zellik<\/strong><\/th><th><strong>Detaylar<\/strong><\/th><\/tr><\/thead><tbody><tr><td><strong>Liman Tipi<\/strong><\/td><td>S\u0131n\u0131rl\u0131 konuk r\u0131ht\u0131m\u0131na sahip bal\u0131k\u00e7\u0131 bar\u0131na\u011f\u0131<\/td><\/tr><tr><td><strong>Demirleme<\/strong><\/td><td>K\u0131\u00e7tan veya yandan yana\u015fma; personel varl\u0131\u011f\u0131na ba\u011fl\u0131 olarak yard\u0131m mevcuttur<\/td><\/tr><tr><td><strong>Derinlikler<\/strong><\/td><td>\u0130skelelerin yak\u0131n\u0131nda yakla\u015f\u0131k 2-4 metre; al\u00fcvyon nedeniyle kenarlara yak\u0131n yerlerde daha s\u0131\u011f<\/td><\/tr><tr><td><strong>Su\/Elektrik<\/strong><\/td><td>Belirli noktalarda mevcuttur; m\u00fcsaitlik durumunu yerinde teyit edin<\/td><\/tr><tr><td><strong>Yak\u0131t<\/strong><\/td><td>Tipik olarak <strong>istek \u00fczerine<\/strong> (bidonlar veya teslimat yoluyla); tam hizmet veren yak\u0131t istasyonu yok<\/td><\/tr><tr><td><strong>At\u0131k Bertaraf\u0131<\/strong><\/td><td>Temel k\u0131y\u0131 kenar\u0131 \u00e7\u00f6p kutular\u0131; \u00f6zel at\u0131k hizmetlerine s\u0131n\u0131rl\u0131 eri\u015fim<\/td><\/tr><tr><td><strong>En Yak\u0131n Tam Hizmet Marinas\u0131<\/strong><\/td><td>Karpaz Gate Marina (daha do\u011fuda), bak\u0131m ve uzun s\u00fcreli yana\u015fma i\u00e7in ideal<\/td><\/tr><\/tbody><\/table><\/figure>\n\n\n\n<blockquote class=\"wp-block-quote is-layout-flow wp-block-quote-is-layout-flow\">\n<p><strong>Kaptan\u0131n Notu:<\/strong> Kuzeydo\u011fu r\u00fczgarlar\u0131 <strong>giri\u015fte kabarma ve dalgalanma<\/strong>. Yakla\u015f\u0131m\u0131n\u0131z\u0131 g\u00fcn \u0131\u015f\u0131\u011f\u0131nda planlay\u0131n ve KKTC Turizm Bakanl\u0131\u011f\u0131 veya Visit Cyprus arac\u0131l\u0131\u011f\u0131yla hava durumunu \u00f6nceden kontrol edin.<\/p>\n<\/blockquote>\n\n\n\n<hr class=\"wp-block-separator has-alpha-channel-opacity\"\/>\n\n\n\n<h3 class=\"wp-block-heading\">Maliyetler ve \u00c7al\u0131\u015fma Saatleri<\/h3>\n\n\n\n<ul class=\"wp-block-list\">\n<li><strong>Gezinti yoluna ve iskelelere eri\u015fim:<\/strong> <strong>\u00dccretsiz<\/strong><\/li>\n\n\n\n<li><strong>Tekne turlar\u0131 (sezonluk):<\/strong> <strong>$20-30 ki\u015fi ba\u015f\u0131<\/strong> 1-2 saat boyunca; <strong>$120-180 tekne ba\u015f\u0131na<\/strong> 2-3 saatlik \u00f6zel kiralamalar i\u00e7in (kapasite ve g\u00fczergahlar de\u011fi\u015febilir - yerel olarak sorun)<\/li>\n\n\n\n<li><strong>K\u00fc\u00e7\u00fck teknelerin geceleyin yana\u015fmas\u0131 (yer varsa):<\/strong> Yakla\u015f\u0131k olarak. <strong>$10-25\/gece<\/strong> 8-12 m tekneler i\u00e7in; genellikle nakit \u00f6demeler (TRY)<\/li>\n\n\n\n<li><strong>Araba park yeri:<\/strong> Tipik olarak <strong>\u00fccretsiz<\/strong> sahil boyunca<\/li>\n\n\n\n<li><strong>Deniz \u00fcr\u00fcnleri:<\/strong> Ana yemekler <strong>$12-20<\/strong>, meze tabaklar\u0131 <strong>$8-12<\/strong> ki\u015fi ba\u015f\u0131, a\u011f\u0131rl\u0131k olarak taze bal\u0131k <strong>$18-28\/kg<\/strong>, mevsime ba\u011fl\u0131 olarak<\/li>\n<\/ul>\n\n\n\n<p><strong>\u00c7al\u0131\u015fma saatleri:<\/strong><\/p>\n\n\n\n<ul class=\"wp-block-list\">\n<li><strong>Gezinti alan\u0131 ve ortak alanlar:<\/strong> A\u00e7\u0131k <strong>24\/7<\/strong><\/li>\n\n\n\n<li><strong>Kafeler\/restoranlar:<\/strong> Genellikle <strong>08:00-23:00<\/strong> yaz aylar\u0131nda; kadar <strong>22:00<\/strong> sezon d\u0131\u015f\u0131 (saatler mekana g\u00f6re de\u011fi\u015febilir)<\/li>\n\n\n\n<li><strong>Bal\u0131k pazar\u0131 faaliyeti:<\/strong> Erken sabahlar <strong>07:00-09:00<\/strong><\/li>\n\n\n\n<li><strong>Liman idaresi (\u00fccretler ve sorgulamalar):<\/strong> Tipik olarak <strong>hafta i\u00e7i g\u00fcnd\u00fcz saatlerinde<\/strong>yerel olarak sorunuz<\/li>\n<\/ul>\n\n\n\n<blockquote class=\"wp-block-quote is-layout-flow wp-block-quote-is-layout-flow\">\n<p><strong>Profesyonel ipucu:<\/strong> En yo\u011fun yaz aylar\u0131 (Temmuz-A\u011fustos) b\u00fcy\u00fck kalabal\u0131klar \u00e7eker-<strong>deniz kenar\u0131ndaki restoranlarda masa ay\u0131rt\u0131n<\/strong> \u00f6nceden ve <strong>g\u00fcn bat\u0131m\u0131na kadar var\u0131n<\/strong> marina yak\u0131n\u0131nda uygun park yeri bulmak i\u00e7in.<\/p>\n<\/blockquote>\n\n\n\n<hr class=\"wp-block-separator has-alpha-channel-opacity\"\/>\n\n\n\n<p>\u0130skele Liman\u0131 ve Yat Liman\u0131, ak\u015fam gezintileri, taze deniz \u00fcr\u00fcnleri ve b\u00f6lgenin k\u0131y\u0131 cazibesini \u00f6z\u00fcmsemek i\u00e7in ideal olan sakin ve otantik bir deniz kenar\u0131 deneyimi sunar. Turistler i\u00e7in yerel deniz ya\u015fam\u0131n\u0131n canl\u0131 bir foto\u011fraf\u0131d\u0131r; yer de\u011fi\u015ftirmeyi d\u00fc\u015f\u00fcnenler i\u00e7in ise a\u00e7\u0131k ve davetkar bir resim sunar. <strong>g\u00fcnl\u00fck altyap\u0131 ve ya\u015fam tarz\u0131 olanaklar\u0131<\/strong> \u0130skele Belediyesi s\u0131n\u0131rlar\u0131 i\u00e7inde.<\/p>\n\n\n\n<h2 class=\"wp-block-heading\">5. Long Beach Gezinti Yolu<\/h2>\n\n\n\n<figure class=\"wp-block-image size-full\"><img loading=\"lazy\" decoding=\"async\" width=\"901\" height=\"507\" src=\"https:\/\/cypria.homes\/wp-content\/uploads\/2026\/03\/imgonline-com-ua-resize-0fnsdr05quf7r-1024x682_rezultat-edited.webp\" alt=\"\u0130skele&#039;de G\u00f6r\u00fclecek En \u0130yi 10 Yer: Gezginler ve Ta\u015f\u0131nmay\u0131 D\u00fc\u015f\u00fcnenler \u0130\u00e7in Ke\u015ffedilecekler\" class=\"wp-image-6244\" srcset=\"https:\/\/cypria.homes\/wp-content\/uploads\/2026\/03\/imgonline-com-ua-resize-0fnsdr05quf7r-1024x682_rezultat-edited.webp 901w, https:\/\/cypria.homes\/wp-content\/uploads\/2026\/03\/imgonline-com-ua-resize-0fnsdr05quf7r-1024x682_rezultat-edited-300x169.webp 300w, https:\/\/cypria.homes\/wp-content\/uploads\/2026\/03\/imgonline-com-ua-resize-0fnsdr05quf7r-1024x682_rezultat-edited-18x10.webp 18w\" sizes=\"auto, (max-width: 901px) 100vw, 901px\" \/><\/figure>\n\n\n\n<p>Long Beach Promenade, \u0130skele'nin \u00f6nde gelen sahil y\u00fcr\u00fcy\u00fc\u015f yoludur ve kesintisiz bir kumsal, bisiklet yollar\u0131, \u00e7ocuk oyun alanlar\u0131 ve hem dinlenme hem de spor i\u00e7in sezonluk tesisler sunar. Hafif e\u011fimli k\u0131y\u0131 \u015feridi sayesinde sabah ko\u015fular\u0131, aile gezintileri ve y\u00fczme i\u00e7in favori bir noktad\u0131r. G\u00fcncel ziyaret\u00e7i rehberleri ve mevsimsel \u00f6neriler i\u00e7in KKTC Turizm Bakanl\u0131\u011f\u0131 ve Visit Cyprus'un resmi platformlar\u0131na ba\u015fvurabilirsiniz.<br><strong>\u00d6nemli vurgu:<\/strong> Do\u011fal Akdeniz k\u0131y\u0131 \u015feridi ve iyi geli\u015fmi\u015f kentsel altyap\u0131n\u0131n nadir bir kar\u0131\u015f\u0131m\u0131, hepsi de yak\u0131ndaki konut mahallelerine y\u00fcr\u00fcme mesafesinde.<\/p>\n\n\n\n<blockquote class=\"wp-block-quote is-layout-flow wp-block-quote-is-layout-flow\">\n<p><strong>Bildi\u011fim iyi oldu:<\/strong> Gezinti yolunun ve plaj\u0131n baz\u0131 b\u00f6l\u00fcmleri s\u0131n\u0131rl\u0131 hareket kabiliyetine sahip ziyaret\u00e7iler i\u00e7in eri\u015filebilirdir. <strong>Rampalar, hissedilebilir kald\u0131r\u0131m<\/strong> ge\u00e7itlerde ve orta b\u00f6l\u00fcmler boyunca suya giden geni\u015f ah\u015fap y\u00fcr\u00fcy\u00fc\u015f yollar\u0131 mevcuttur.<\/p>\n<\/blockquote>\n\n\n\n<hr class=\"wp-block-separator has-alpha-channel-opacity\"\/>\n\n\n\n<h3 class=\"wp-block-heading\">Konum ve Oraya Nas\u0131l Gidilir<\/h3>\n\n\n\n<ul class=\"wp-block-list\">\n<li><strong>Co\u011frafi konum:<\/strong> \u0130skele'nin (Trikomo) g\u00fcney k\u0131y\u0131 b\u00f6lgesi, Do\u011fu K\u0131br\u0131s, Gazima\u011fusa K\u00f6rfezi boyunca<\/li>\n\n\n\n<li><strong>Mesafeler:<\/strong><br>- \u0130skele merkezden: <strong>\u22483-6 km<\/strong>, hakk\u0131nda <strong>10-15 dakika<\/strong> araba ile<br>- Gazima\u011fusa'dan: <strong>\u224812-15 km<\/strong>, etraf\u0131nda <strong>15-20 dakika<\/strong> araba ile<\/li>\n\n\n\n<li><strong>Araba ile:<\/strong> \"\u0130skele Long Beach \/ \u00c7ay\u0131rova - Mersinlik\" tabelalar\u0131n\u0131 takip edin. Sahil giri\u015fleri a\u00e7\u0131k\u00e7a i\u015faretlenmi\u015ftir ve biti\u015fikte halka a\u00e7\u0131k park yeri vard\u0131r.<\/li>\n\n\n\n<li><strong>Toplu ta\u015f\u0131ma:<\/strong> \u0130skele-Famagusta g\u00fczerg\u00e2h\u0131ndaki dolmu\u015flar sahil yolu boyunca durur; plaj bir <strong>3-10 dakika y\u00fcr\u00fcme mesafesinde<\/strong> en yak\u0131n duraklardan.<\/li>\n\n\n\n<li><strong>Taksi:<\/strong> Yakla\u015f\u0131k olarak. <strong>$6-10<\/strong> \u0130skele'den alma ve b\u0131rakma noktalar\u0131na ba\u011fl\u0131 olarak.<\/li>\n\n\n\n<li><strong>Park yeri:<\/strong> <strong>\u00dccretsiz<\/strong> baz\u0131 plaj kul\u00fcpleri yak\u0131nlarda \u00f6zel arsalar i\u015fletmektedir.<\/li>\n<\/ul>\n\n\n\n<blockquote class=\"wp-block-quote is-layout-flow wp-block-quote-is-layout-flow\">\n<p><strong>Navigasyon ipucu:<\/strong> Merkezi d\u00f6n\u00fcm noktas\u0131, iskele ve a\u00e7\u0131k hava amfitiyatrosunun etraf\u0131ndaki aland\u0131r. Buradan itibaren gezinti yolu her iki y\u00f6nde de birka\u00e7 kilometre uzanmaktad\u0131r.<\/p>\n<\/blockquote>\n\n\n\n<p><iframe src=\"https:\/\/www.google.com\/maps\/embed?pb=!1m18!1m12!1m3!1d24777.283879204697!2d33.87863854320651!3d35.24673785472333!2m3!1f0!2f0!3f0!3m2!1i1024!2i768!4f13.1!3m3!1m2!1s0x14dfb1428ce5747b%3A0x4f2d2d868450b220!2sLong%20Beach%2C%20Yeni%20%C4%B0skele!5e1!3m2!1sen!2sru!4v1773085246084!5m2!1sen!2sru\" width=\"600\" height=\"450\" style=\"border:0;\" allowfullscreen=\"\" loading=\"lazy\" referrerpolicy=\"no-referrer-when-downgrade\"><\/iframe><\/p>\n\n\n\n<h3 class=\"wp-block-heading\">G\u00f6r\u00fclecek ve Yap\u0131lacak \u015eeyler<\/h3>\n\n\n\n<ul class=\"wp-block-list\">\n<li><strong>Yaya ve Bisiklet Yollar\u0131<\/strong><br>\u00d6zel \u015feritlere sahip geni\u015f bir tahta kald\u0131r\u0131m, bisikletlileri ve y\u00fcr\u00fcy\u00fc\u015f\u00e7\u00fcleri net bir \u015fekilde ay\u0131rmaktad\u0131r. Ak\u015fam ayd\u0131nlatmas\u0131, g\u00fcn bat\u0131m\u0131ndan sonra g\u00fcvenli ve keyifli y\u00fcr\u00fcy\u00fc\u015fler sa\u011flar.<\/li>\n\n\n\n<li><strong>S\u0131\u011f Giri\u015fli Kumlu Plaj<\/strong><br>Uzun ve s\u0131\u011f k\u0131y\u0131 \u015feridi aileler i\u00e7in idealdir. Merkezi b\u00f6l\u00fcmlerde du\u015flar, soyunma odalar\u0131 ve \u015fezlong kiralama hizmetleri mevcuttur.<\/li>\n\n\n\n<li><strong>Oyun Alanlar\u0131 ve Spor B\u00f6lgeleri<\/strong><br>\u00c7ocuk oyun alanlar\u0131, a\u00e7\u0131k hava fitness ekipmanlar\u0131, mini futbol ve basketbol sahalar\u0131 aktif rekreasyon i\u00e7in alanlar sa\u011flamaktad\u0131r.<\/li>\n\n\n\n<li><strong>Sahil Kafeleri ve Mevsimlik Barlar<\/strong><br>Gezinti yolu boyunca yer alan k\u00fc\u00e7\u00fck kafeler at\u0131\u015ft\u0131rmal\u0131klar, so\u011fuk i\u00e7ecekler ve kahve sunmaktad\u0131r. Baz\u0131lar\u0131 y\u0131l boyunca faaliyet g\u00f6stermekte olup sezon d\u0131\u015f\u0131nda \u00e7al\u0131\u015fma saatleri azalmaktad\u0131r.<\/li>\n\n\n\n<li><strong>Foto\u011fraf Noktalar\u0131 ve G\u00fcn Bat\u0131m\u0131 Manzaralar\u0131<\/strong><br>\u0130skele, manzaral\u0131 korkuluklar ve amfitiyatro, k\u00f6rfez \u00fczerinde g\u00fcn do\u011fumu ve g\u00fcn bat\u0131m\u0131n\u0131 yakalamak i\u00e7in pop\u00fcler yerlerdir.<\/li>\n<\/ul>\n\n\n\n<blockquote class=\"wp-block-quote is-layout-flow wp-block-quote-is-layout-flow\">\n<p><strong>Su g\u00fcvenli\u011fi hat\u0131rlatmas\u0131:<\/strong> Her zaman \u015funlara dikkat edin <strong>bayrak sinyalleri<\/strong> ve \u015famand\u0131ra i\u015faretleri. Temel plaj ve su g\u00fcvenli\u011fi y\u00f6nergeleri a\u015fa\u011f\u0131da belirtilmi\u015ftir <a href=\"https:\/\/www.visitcyprus.com\/\" target=\"_blank\" rel=\"noopener\">K\u0131br\u0131s'\u0131 ziyaret edin<\/a>.<\/p>\n<\/blockquote>\n\n\n\n<hr class=\"wp-block-separator has-alpha-channel-opacity\"\/>\n\n\n\n<h3 class=\"wp-block-heading\">Altyap\u0131 ve Olanaklar<\/h3>\n\n\n\n<figure class=\"wp-block-table\"><table class=\"has-fixed-layout\"><thead><tr><th><strong>\u00d6zellik<\/strong><\/th><th><strong>Detaylar<\/strong><\/th><\/tr><\/thead><tbody><tr><td><strong>Gezinti Alan\u0131 Y\u00fczeyi<\/strong><\/td><td>\u0130\u015faretli bisiklet \u015feritleri ile yaya kald\u0131r\u0131m\u0131\/yollar\u0131<\/td><\/tr><tr><td><strong>Eri\u015filebilirlik<\/strong><\/td><td>Plaja giden rampalar, tahta kald\u0131r\u0131mlar, belirlenmi\u015f eri\u015filebilir park yeri<\/td><\/tr><tr><td><strong>S\u0131hhi Tesisler<\/strong><\/td><td>Kilit eri\u015fim noktalar\u0131nda mevsimlik du\u015flar, soyunma odalar\u0131 ve tuvaletler<\/td><\/tr><tr><td><strong>Cankurtaranlar<\/strong><\/td><td>Merkezi b\u00f6lgelerde y\u00fcksek sezonda, sadece g\u00fcnd\u00fczleri g\u00f6revde<\/td><\/tr><tr><td><strong>Faaliyetler<\/strong><\/td><td>Bisiklet\/scooter kiralama, SUP\/kayak (sezonluk)<\/td><\/tr><tr><td><strong>Yiyecek ve \u0130\u00e7ecekler<\/strong><\/td><td>\u0130\u00e7ecek ve hafif at\u0131\u015ft\u0131rmal\u0131klar sunan kafeler, at\u0131\u015ft\u0131rmal\u0131k stantlar\u0131 ve b\u00fcfeler<\/td><\/tr><\/tbody><\/table><\/figure>\n\n\n\n<blockquote class=\"wp-block-quote is-layout-flow wp-block-quote-is-layout-flow\">\n<p><strong>Anahtar ipucu:<\/strong> G\u00fcn ortas\u0131nda g\u00f6lge s\u0131n\u0131rl\u0131d\u0131r. \u00d6zellikle bisiklete biniyor veya a\u00e7\u0131k hava sporlar\u0131 yap\u0131yorsan\u0131z \u015fapka, g\u00fcne\u015f kremi ve su getirin.<\/p>\n<\/blockquote>\n\n\n\n<hr class=\"wp-block-separator has-alpha-channel-opacity\"\/>\n\n\n\n<h3 class=\"wp-block-heading\">Fiyatland\u0131rma ve Saatler<\/h3>\n\n\n\n<ul class=\"wp-block-list\">\n<li><strong>Gezinti yoluna ve halk plaj\u0131 b\u00f6l\u00fcmlerine eri\u015fim:<\/strong> <strong>\u00dccretsiz<\/strong><\/li>\n\n\n\n<li><strong>\u015eezlong\/\u015femsiye kiralama (merkezi alanlar):<\/strong> 2 \u015fezlong + \u015femsiye seti - <strong>$10-18<\/strong>bireysel kiralama: \u015fezlong <strong>$4-7<\/strong>, \u015femsiye <strong>$4-6<\/strong><\/li>\n\n\n\n<li><strong>Bisiklet kiralama:<\/strong> \u015eehir\/trekking bisikletleri - <strong>$6-10\/saat<\/strong> veya <strong>$18-25\/g\u00fcn<\/strong>elektrikli scooterlar - <strong>$10-15\/saat<\/strong><\/li>\n\n\n\n<li><strong>Su aktiviteleri (mevsimsel):<\/strong> SUP\/kayak - <strong>$12-25\/saat<\/strong><\/li>\n\n\n\n<li><strong>Park yeri:<\/strong> Kamu - <strong>\u00fccretsiz<\/strong>; plaj kul\u00fcplerine yak\u0131n \u00f6zel arsalar - <strong>$2-4<\/strong><\/li>\n\n\n\n<li><strong>Kafeler\/i\u00e7ecekler:<\/strong> 0.5L su - <strong>$1-2<\/strong>kahve - <strong>$2-4<\/strong>sandvi\u00e7ler - <strong>$5-8<\/strong><\/li>\n<\/ul>\n\n\n\n<p><strong>\u00c7al\u0131\u015fma saatleri:<\/strong><\/p>\n\n\n\n<ul class=\"wp-block-list\">\n<li><strong>Gezinti yeri ve plaj:<\/strong> A\u00e7\u0131k <strong>24\/7<\/strong> (g\u00fcvenlik i\u00e7in g\u00fcnd\u00fcz ziyaretleri \u00f6nerilir)<\/li>\n\n\n\n<li><strong>Cankurtaran istasyonlar\u0131 (yo\u011fun sezon):<\/strong> Tipik olarak <strong>09:00-18:00<\/strong><\/li>\n\n\n\n<li><strong>Tesisler (du\u015flar, kiralamalar, kafeler):<\/strong> May\u0131s'tan Ekim'e kadar yaz tarifesi; baz\u0131 servisler \u00e7al\u0131\u015f\u0131r <strong>y\u0131l boyunca<\/strong> d\u00fc\u015f\u00fck sezonda azalt\u0131lm\u0131\u015f \u00e7al\u0131\u015fma saatleri ile<\/li>\n\n\n\n<li><strong>Y\u00fczme sezonu:<\/strong> Genel olarak <strong>May\u0131s-Ekim<\/strong>En yo\u011fun aylar Temmuz-A\u011fustos<\/li>\n\n\n\n<li>Mevsimsel k\u0131lavuzlar ve g\u00fcncellemeler KKTC Turizm Bakanl\u0131\u011f\u0131 portal\u0131nda yay\u0131nlanmaktad\u0131r<\/li>\n<\/ul>\n\n\n\n<blockquote class=\"wp-block-quote is-layout-flow wp-block-quote-is-layout-flow\">\n<p><strong>Not:<\/strong> Belirli tarihlerde, gezinti yolu park ve trafi\u011fi etkileyebilecek halka a\u00e7\u0131k etkinliklere (konserler, spor kar\u015f\u0131la\u015fmalar\u0131) ev sahipli\u011fi yapabilir. Var\u0131\u015f\u0131n\u0131z\u0131 buna g\u00f6re planlay\u0131n.<\/p>\n<\/blockquote>\n\n\n\n<hr class=\"wp-block-separator has-alpha-channel-opacity\"\/>\n\n\n\n<p>Long Beach Promenade, \u0130skele'nin en \u00f6nemli sahil destinasyonudur ve rahatlama, aktif dinlenme ve aile dostu olanaklar\u0131n dengeli bir kar\u0131\u015f\u0131m\u0131n\u0131 sunar. Kolay eri\u015filebilirli\u011fi, hafif e\u011fimli plaj\u0131 ve g\u00fcvenilir hizmetleri ile hem k\u0131sa bir yolculu\u011fa \u00e7\u0131kan ziyaret\u00e7iler hem de deniz kenar\u0131nda davetkar bir g\u00fcnl\u00fck rota arayan sakinler i\u00e7in m\u00fckemmel bir se\u00e7imdir.<\/p>\n\n\n\n<h2 class=\"wp-block-heading\">7. \u0130skele A\u00e7\u0131k Pazar<\/h2>\n\n\n\n<figure class=\"wp-block-image size-large\"><img loading=\"lazy\" decoding=\"async\" width=\"1024\" height=\"576\" src=\"https:\/\/cypria.homes\/wp-content\/uploads\/2026\/03\/fermer-markets-north-cyprus.800x0-is.png_rezultat-1024x576.webp\" alt=\"\u0130skele&#039;de G\u00f6r\u00fclecek En \u0130yi 10 Yer: Gezginler ve Ta\u015f\u0131nmay\u0131 D\u00fc\u015f\u00fcnenler \u0130\u00e7in Ke\u015ffedilecekler\" class=\"wp-image-6245\" srcset=\"https:\/\/cypria.homes\/wp-content\/uploads\/2026\/03\/fermer-markets-north-cyprus.800x0-is.png_rezultat-1024x576.webp 1024w, https:\/\/cypria.homes\/wp-content\/uploads\/2026\/03\/fermer-markets-north-cyprus.800x0-is.png_rezultat-300x169.webp 300w, https:\/\/cypria.homes\/wp-content\/uploads\/2026\/03\/fermer-markets-north-cyprus.800x0-is.png_rezultat-18x10.webp 18w, https:\/\/cypria.homes\/wp-content\/uploads\/2026\/03\/fermer-markets-north-cyprus.800x0-is.png_rezultat.webp 1067w\" sizes=\"auto, (max-width: 1024px) 100vw, 1024px\" \/><\/figure>\n\n\n\n<p>\u0130skele A\u00e7\u0131k Pazar\u0131, yerel \u00e7ift\u00e7ilerin ve zanaatk\u00e2rlar\u0131n taze \u00fcr\u00fcnler, hellim peyniri, zeytin ve zeytinya\u011f\u0131, bal, baharatlar, unlu mamuller, tekstil \u00fcr\u00fcnleri ve ev e\u015fyalar\u0131 satt\u0131\u011f\u0131 \u0130skele Belediyesi'nin kalbinde yer alan haftal\u0131k canl\u0131 bir pazard\u0131r. Kamusal alanlar\u0131 ziyaret etme ve etkinlik planlama hakk\u0131nda genel bilgi i\u00e7in KKTC Turizm Bakanl\u0131\u011f\u0131, Visit Cyprus ve \u0130skele Belediyesi'nin fuarlar ve toplumsal etkinlikler hakk\u0131nda duyurular yay\u0131nlayan web sitesi gibi resmi kaynaklara ba\u015fvurun.<br><strong>\u00d6nemli vurgu:<\/strong> Adil fiyatlarla yerel olarak \u00fcretilen \u00e7ok \u00e7e\u015fitli \u00fcr\u00fcnler ve k\u00fc\u00e7\u00fck \u00f6l\u00e7ekli \u00fcreticileri do\u011frudan destekleme \u015fans\u0131.<\/p>\n\n\n\n<blockquote class=\"wp-block-quote is-layout-flow wp-block-quote-is-layout-flow\">\n<p><strong>Bildi\u011fim iyi oldu:<\/strong> Giri\u015f <strong>\u00fccretsiz<\/strong>ve en taze meyve, sebze ve ot \u00e7e\u015fitleri mevcuttur. <strong>sabah<\/strong>. TL cinsinden nakit para ve yeniden kullan\u0131labilir bir al\u0131\u015fveri\u015f \u00e7antas\u0131 getirin.<\/p>\n<\/blockquote>\n\n\n\n<hr class=\"wp-block-separator has-alpha-channel-opacity\"\/>\n\n\n\n<h3 class=\"wp-block-heading\">Konum ve Oraya Nas\u0131l Gidilir<\/h3>\n\n\n\n<ul class=\"wp-block-list\">\n<li><strong>Konum:<\/strong> \u0130skele Merkez (Trikomo), belediye meydanlar\u0131 ve spor tesisleri yak\u0131n\u0131nda, fuarlar ve mevsimlik toplant\u0131lar i\u00e7in kullan\u0131lan bir a\u00e7\u0131k hava alan\u0131nda<\/li>\n\n\n\n<li><strong>Mesafeler:<\/strong><br>- Long Beach'ten - <strong>\u22483-5 km<\/strong> (araba ile 10-12 dakika)<br>- Gazima\u011fusa'dan - <strong>\u224820-25 km<\/strong> (Araba ile 20-30 dakika)<\/li>\n\n\n\n<li><strong>Araba ile:<\/strong> \"Pazar \/ Market\" veya \"\u0130skele A\u00e7\u0131k Pazar\" i\u00e7in yerel tabelalar\u0131 takip edin. Park yeri genellikle <strong>\u00fccretsiz<\/strong> \u00c7evresinde.<\/li>\n\n\n\n<li><strong>Toplu ta\u015f\u0131ma:<\/strong> \u0130skele ile Gazima\u011fusa aras\u0131nda \u00e7al\u0131\u015fan dolmu\u015flar \u015fehir merkezinde durur; buradan <strong>3-8 dakikal\u0131k y\u00fcr\u00fcy\u00fc\u015f<\/strong> piyasaya.<\/li>\n\n\n\n<li><strong>Taksi:<\/strong> \u0130skele \u0130\u00e7inde - <strong>$6-10<\/strong>; Gazima\u011fusa'dan - <strong>$15-20<\/strong><\/li>\n\n\n\n<li><strong>Navigasyon ipucu:<\/strong> Ziyaretinizden \u00f6nce \u0130skele Belediyesi web sitesinden g\u00fcncel konum ve trafik de\u011fi\u015fikliklerini kontrol edin.<\/li>\n<\/ul>\n\n\n\n<blockquote class=\"wp-block-quote is-layout-flow wp-block-quote-is-layout-flow\">\n<p><strong>Zamanlama ipucu:<\/strong> Erken gelin - se\u00e7im en iyisidir, g\u00f6lge hala serindir ve kuyruklar daha k\u0131sad\u0131r.<\/p>\n<\/blockquote>\n\n\n\n<hr class=\"wp-block-separator has-alpha-channel-opacity\"\/>\n\n\n\n<h3 class=\"wp-block-heading\">Ke\u015ffedilecekler<\/h3>\n\n\n\n<ul class=\"wp-block-list\">\n<li><strong>\u00c7ift\u00e7i Tezgahlar\u0131<\/strong><br>Mevsimlik sebze ve meyveler (domates, salatal\u0131k, \u015feftali, narenciye), taze ye\u015fillikler, baklagiller ve yerel olarak yeti\u015ftirilen patatesler.<\/li>\n\n\n\n<li><strong>Yerel \u00dcr\u00fcnler<\/strong><br>Peynirler (\u00f6zellikle <strong>hellim\/hellim<\/strong>), zeytin ve zeytinya\u011f\u0131, <strong>ke\u00e7iboynuzu \u015furubu (pekmez)<\/strong>, bal, tahin ve \u0131zgara i\u00e7in baharat kar\u0131\u015f\u0131mlar\u0131.<\/li>\n\n\n\n<li><strong>Unlu Mamuller ve Sokak Yemekleri<\/strong><br>Lava\u015f, k\u00f6y ekme\u011fi, <strong>g\u00f6zleme<\/strong>ve <strong>b\u00f6rek<\/strong>. K\u00fc\u00e7\u00fck yiyecek i\u00e7ecek tezgahlar\u0131 kahve ve taze limonata sunmaktad\u0131r.<\/li>\n\n\n\n<li><strong>El Sanatlar\u0131 ve Ev E\u015fyalar\u0131<\/strong><br>El dokumas\u0131 tekstiller, seramikler, dokuma sepetler, temel ev e\u015fyalar\u0131 ve uygun fiyatl\u0131 giysiler.<\/li>\n\n\n\n<li><strong>Yer De\u011fi\u015ftirenler \u0130\u00e7in<\/strong><br>Pazar, yerel fiyat seviyeleri, mevsimsel bulunabilirlik ve g\u0131da kalitesi hakk\u0131nda net bir resim sunmaktad\u0131r. Bir\u00e7ok sat\u0131c\u0131 d\u00fczenli ev teslimatlar\u0131 d\u00fczenlemeye a\u00e7\u0131kt\u0131r.<\/li>\n<\/ul>\n\n\n\n<hr class=\"wp-block-separator has-alpha-channel-opacity\"\/>\n\n\n\n<h3 class=\"wp-block-heading\">Tesisler ve Olanaklar<\/h3>\n\n\n\n<figure class=\"wp-block-table\"><table class=\"has-fixed-layout\"><thead><tr><th><strong>\u00d6zellik<\/strong><\/th><th><strong>Detaylar<\/strong><\/th><\/tr><\/thead><tbody><tr><td><strong>Eri\u015fim<\/strong><\/td><td>S\u0131ralar aras\u0131nda yaya koridorlar\u0131, baz\u0131lar\u0131 g\u00f6lgeliklerle \u00f6rt\u00fcl\u00fc<\/td><\/tr><tr><td><strong>\u00d6deme<\/strong><\/td><td><strong>Nakit (TRY)<\/strong> tercih edilir; t\u00fcm sat\u0131c\u0131lar kart kabul etmez<\/td><\/tr><tr><td><strong>Otopark<\/strong><\/td><td>\u00c7evre \u00e7evresindeki belediye arsalar\u0131, tipik olarak <strong>\u00fccretsiz<\/strong><\/td><\/tr><tr><td><strong>Tuvaletler<\/strong><\/td><td>Ana giri\u015fe yak\u0131n ta\u015f\u0131nabilir veya kal\u0131c\u0131 tesisler (mevsimlik)<\/td><\/tr><tr><td><strong>Eri\u015filebilirlik<\/strong><\/td><td>D\u00fcz y\u00fczey, ancak ge\u00e7ici platformlarda k\u00fc\u00e7\u00fck basamaklar olabilir<\/td><\/tr><tr><td><strong>ATM'ler<\/strong><\/td><td>\u0130\u00e7inde <strong>300-600 m<\/strong> (\u0130skele \u015fehir merkezi)<\/td><\/tr><\/tbody><\/table><\/figure>\n\n\n\n<blockquote class=\"wp-block-quote is-layout-flow wp-block-quote-is-layout-flow\">\n<p><strong>Anahtar ipucu:<\/strong> Bir\u00e7ok sat\u0131c\u0131 zeytin, peynir, bal gibi tad\u0131mlar sunmaktad\u0131r. Sormaktan \u00e7ekinmeyin; en iyi se\u00e7imi yapman\u0131za yard\u0131mc\u0131 olur.<\/p>\n<\/blockquote>\n\n\n\n<hr class=\"wp-block-separator has-alpha-channel-opacity\"\/>\n\n\n\n<h3 class=\"wp-block-heading\">\u00d6rnek Fiyatlar<\/h3>\n\n\n\n<figure class=\"wp-block-table\"><table class=\"has-fixed-layout\"><thead><tr><th><strong>\u00d6\u011fe<\/strong><\/th><th><strong>Yakla\u015f\u0131k Fiyat (USD)<\/strong><\/th><th><strong>Notlar<\/strong><\/th><\/tr><\/thead><tbody><tr><td>Domates, salatal\u0131k (1 kg)<\/td><td>$1.5-2.5<\/td><td>Mevsime g\u00f6re de\u011fi\u015fir<\/td><\/tr><tr><td>Turun\u00e7giller (1 kg)<\/td><td>$1-2<\/td><td>En yo\u011fun sezon: k\u0131\u015f\/ilkbahar<\/td><\/tr><tr><td>Hellim (1 kg)<\/td><td>$7-12<\/td><td>Zanaatkar veya markal\u0131<\/td><\/tr><tr><td>Zeytin (0,5 kg)<\/td><td>$2-4<\/td><td>Salamura veya dolma \u00e7e\u015fitleri<\/td><\/tr><tr><td>Zeytinya\u011f\u0131 (0,5 L)<\/td><td>$6-10<\/td><td>Rafine edilmemi\u015f veya s\u0131zma<\/td><\/tr><tr><td>Bal (0,5 kg)<\/td><td>$6-9<\/td><td>Narenciye veya kekik bal\u0131<\/td><\/tr><tr><td>Unlu mamuller (lava\u015f\/g\u00f6zleme)<\/td><td>Porsiyon ba\u015f\u0131na $2-4<\/td><td>Taze yap\u0131lm\u0131\u015f<\/td><\/tr><tr><td>Baharatlar (100-200 g)<\/td><td>$1.5-3<\/td><td>Bal\u0131k veya et i\u00e7in kar\u0131\u015f\u0131mlar<\/td><\/tr><\/tbody><\/table><\/figure>\n\n\n\n<hr class=\"wp-block-separator has-alpha-channel-opacity\"\/>\n\n\n\n<h3 class=\"wp-block-heading\">Maliyetler ve \u00c7al\u0131\u015fma Saatleri<\/h3>\n\n\n\n<ul class=\"wp-block-list\">\n<li><strong>Giri\u015f:<\/strong> <strong>\u00dccretsiz<\/strong><\/li>\n\n\n\n<li><strong>Sat\u0131c\u0131 \u00fccretleri:<\/strong> Kat\u0131l\u0131m bedelleri ve \u015fartlar\u0131 belediye taraf\u0131ndan \u0130skele resmi web sitesinde yay\u0131nlanmaktad\u0131r<\/li>\n\n\n\n<li><strong>\u00c7antalar:<\/strong> Sat\u0131c\u0131lardan al\u0131nan plastik po\u015fetlerin maliyeti <strong>$0.05-0.2<\/strong>yeniden kullan\u0131labilir \u00e7antalar <strong>$1-3<\/strong><\/li>\n\n\n\n<li><strong>At\u0131\u015ft\u0131rmal\u0131klar ve i\u00e7ecekler:<\/strong> 0.5L \u015fi\u015felenmi\u015f su - <strong>$1-2<\/strong>, kahve - <strong>$2-3<\/strong>, taze meyve suyu - <strong>$3-5<\/strong><\/li>\n<\/ul>\n\n\n\n<p><strong>A\u00e7\u0131l\u0131\u015f program\u0131 (b\u00f6lgesel a\u00e7\u0131k hava pazarlar\u0131 i\u00e7in tipik):<\/strong><\/p>\n\n\n\n<ul class=\"wp-block-list\">\n<li><strong>G\u00fcn:<\/strong> Haftada bir kez <strong>sabah<\/strong> (genellikle hafta ortas\u0131)<\/li>\n\n\n\n<li><strong>Saatler:<\/strong> Genellikle <strong>07:30-13:00<\/strong> Yaz\u0131n, <strong>08:00-13:00<\/strong> serin mevsimlerde<\/li>\n\n\n\n<li>Tatil ve mevsimsel d\u00fczenlemeler KKTC Turizm Bakanl\u0131\u011f\u0131 ve \u0130skele Belediyesi web sitesinde duyurulmaktad\u0131r<\/li>\n<\/ul>\n\n\n\n<blockquote class=\"wp-block-quote is-layout-flow wp-block-quote-is-layout-flow\">\n<p><strong>G\u00fcvenlik ve Konfor \u0130pucu:<\/strong> Hafif ve kapal\u0131 ayakkab\u0131lar giyin, c\u00fczdan ve telefonlar\u0131n\u0131z\u0131 fermuarl\u0131 \u00e7antalarda veya \u00f6n ceplerde tutun ve g\u00fcne\u015f kremi kullan\u0131n. Su getirin ve s\u0131cak aylarda erken varmay\u0131 hedefleyin.<\/p>\n<\/blockquote>\n\n\n\n<hr class=\"wp-block-separator has-alpha-channel-opacity\"\/>\n\n\n\n<p>\u0130skele A\u00e7\u0131k Pazar\u0131, yerel lezzetlerin ve zanaatk\u00e2rl\u0131\u011f\u0131n canl\u0131 bir vitrinidir; hem g\u00fcndelik gezintiler hem de rutin market al\u0131\u015fveri\u015fleri i\u00e7in m\u00fckemmeldir. Pazar, b\u00f6lge sakinleri ve yeni gelenler i\u00e7in mevsimlik g\u0131da se\u00e7enekleri ve fiyatland\u0131rma trendleri hakk\u0131nda pratik bir genel bak\u0131\u015f sunarken; turistler i\u00e7inse belirgin bir yerel karaktere sahip yenilebilir hediyelik e\u015fyalar\u0131 eve g\u00f6t\u00fcrme \u015fans\u0131 sunuyor.<\/p>\n\n\n\n<h2 class=\"wp-block-heading\">8. Karpaz Milli Park\u0131 (\u0130skele Yak\u0131nlar\u0131)<\/h2>\n\n\n\n<figure class=\"wp-block-image size-large\"><img loading=\"lazy\" decoding=\"async\" width=\"1280\" height=\"720\" src=\"https:\/\/cypria.homes\/wp-content\/uploads\/2026\/03\/karpaz-edited.jpg\" alt=\"\u0130skele&#039;de G\u00f6r\u00fclecek En \u0130yi 10 Yer: Gezginler ve Ta\u015f\u0131nmay\u0131 D\u00fc\u015f\u00fcnenler \u0130\u00e7in Ke\u015ffedilecekler\" class=\"wp-image-6247\" srcset=\"https:\/\/cypria.homes\/wp-content\/uploads\/2026\/03\/karpaz-edited.jpg 1280w, https:\/\/cypria.homes\/wp-content\/uploads\/2026\/03\/karpaz-edited-300x169.jpg 300w, https:\/\/cypria.homes\/wp-content\/uploads\/2026\/03\/karpaz-edited-1024x576.jpg 1024w, https:\/\/cypria.homes\/wp-content\/uploads\/2026\/03\/karpaz-edited-18x10.jpg 18w\" sizes=\"auto, (max-width: 1280px) 100vw, 1280px\" \/><\/figure>\n\n\n\n<p>Karpaz Milli Park\u0131, el de\u011fmemi\u015f kumullar\u0131, tenha koylar\u0131 ve nadir Akdeniz maki ekosistemleriyle \u00fcnl\u00fc Karpaz Yar\u0131madas\u0131'ndaki en b\u00fcy\u00fck korunan do\u011fal aland\u0131r. Park, yaban e\u015fekleri pop\u00fclasyonuna, deniz kaplumba\u011falar\u0131n\u0131n yuvalama alanlar\u0131na ve hem kuzey hem de g\u00fcney k\u0131y\u0131lar\u0131n\u0131n panoramik manzaralar\u0131na ev sahipli\u011fi yapmaktad\u0131r. Genel ziyaret\u00e7i y\u00f6nergeleri ve koruma y\u00f6netmelikleri, KKTC Turizm Bakanl\u0131\u011f\u0131, Visit Cyprus ve deniz kaplumba\u011fas\u0131 koruma protokolleri i\u00e7in K\u0131br\u0131s Cumhuriyeti Bal\u0131k\u00e7\u0131l\u0131k ve Deniz Ara\u015ft\u0131rmalar\u0131 Dairesi dahil olmak \u00fczere resmi web sitelerinde bulunabilir.<br><strong>\u00d6nemli vurgu:<\/strong> Evcille\u015fmemi\u015f do\u011fa ile \u0130skele'den eri\u015filebilir lojisti\u011fin nadir bir kar\u0131\u015f\u0131m\u0131 - geceleme olmadan tam g\u00fcnl\u00fck bir gezi i\u00e7in ideal.<\/p>\n\n\n\n<blockquote class=\"wp-block-quote is-layout-flow wp-block-quote-is-layout-flow\">\n<p><strong>\u00d6nemli:<\/strong> T\u00fcm \u00e7evre koruma kurallar\u0131na uyun: <strong>kum tepeleri\u0307nde ara\u00e7 kullanmayin<\/strong>, <strong>yabani e\u015fekleri beslemeyin<\/strong>At\u0131klar\u0131 uygun \u015fekilde at\u0131n ve i\u015faretli yollarda kal\u0131n. Kaplumba\u011fa yuvalama sezonu boyunca (yakla\u015f\u0131k May\u0131s-Eyl\u00fcl aylar\u0131 aras\u0131nda), hava karard\u0131ktan sonra sahile eri\u015fim i\u00e7in ek k\u0131s\u0131tlamalar uygulan\u0131r.<\/p>\n<\/blockquote>\n\n\n\n<hr class=\"wp-block-separator has-alpha-channel-opacity\"\/>\n\n\n\n<h3 class=\"wp-block-heading\">Konum ve Oraya Nas\u0131l Gidilir<\/h3>\n\n\n\n<ul class=\"wp-block-list\">\n<li><strong>Co\u011frafya:<\/strong> Kuzey K\u0131br\u0131s'\u0131n Dipkarpaz (Rizokarpaso) ve Apostolos Andreas Burnu yak\u0131nlar\u0131ndaki Karpaz Yar\u0131madas\u0131'n\u0131 kapsayan do\u011fu b\u00f6lgesi<\/li>\n\n\n\n<li><strong>\u0130skele (Trikomo) ile aras\u0131ndaki mesafe:<\/strong> Yakla\u015f\u0131k olarak <strong>70-90 km<\/strong>veya <strong>1,5-2 saat<\/strong> araba ile<\/li>\n\n\n\n<li><strong>S\u00fcr\u00fc\u015f rotas\u0131:<\/strong> \u0130skele \u2192 Bo\u011faz \u2192 Yeni Erenk\u00f6y \u2192 Dipkarpaz \u2192 Alt\u0131n Kumsal (Alt\u0131nkum) ve Apostolos Andreas Manast\u0131r\u0131 tabelalar\u0131n\u0131 takip edin. Yollar asfaltt\u0131r, ancak daha uzak koylara eri\u015fim i\u00e7in arabayla gitmek gerekebilir. <strong>\u00e7ak\u0131ll\u0131 veya kumlu yollar<\/strong><\/li>\n\n\n\n<li><strong>Toplu ta\u015f\u0131ma:<\/strong> Dolmu\u015f minib\u00fcs\u00fcyle Dipkarpaz'a, oradan da <strong>\u00f6nceden ayarlanm\u0131\u015f taksi veya transfer<\/strong> park alanlar\u0131na (10-25 dakika)<\/li>\n\n\n\n<li><strong>\u0130skele'den taksi:<\/strong> Yakla\u015f\u0131k olarak <strong>$80-110<\/strong> tek y\u00f6n, bekleme s\u00fcresi pazarl\u0131\u011fa a\u00e7\u0131k<\/li>\n\n\n\n<li><strong>Araba kiralama:<\/strong> Etraf\u0131nda <strong>$25-45\/g\u00fcn<\/strong>Asfalts\u0131z yollarda y\u00fcksek a\u00e7\u0131kl\u0131\u011fa sahip bir ara\u00e7 kullan\u0131lmas\u0131 tavsiye edilir<\/li>\n\n\n\n<li><strong>Ziyaret etmek i\u00e7in en iyi zamanlar:<\/strong> Mart-Haziran ve Eyl\u00fcl-Kas\u0131m aylar\u0131 aras\u0131nda \u0131l\u0131man hava, \u00e7i\u00e7ek a\u00e7an manzaralar ve ku\u015f g\u00f6\u00e7leri<\/li>\n<\/ul>\n\n\n\n<blockquote class=\"wp-block-quote is-layout-flow wp-block-quote-is-layout-flow\">\n<p><strong>G\u00fcvenlik ipucu:<\/strong> Uzak b\u00f6lgelerde mobil sinyallere g\u00fcvenilmez ve yak\u0131t istasyonlar\u0131 seyrektir. Yeni Erenk\u00f6y'de yak\u0131t ikmali yap\u0131n ve yan\u0131n\u0131zda <strong>bol su ve g\u00fcne\u015ften korunma<\/strong>.<\/p>\n<\/blockquote>\n\n\n\n<p><iframe src=\"https:\/\/www.google.com\/maps\/embed?pb=!1m18!1m12!1m3!1d3082.9262841783448!2d34.40615577558879!3d35.61768237260776!2m3!1f0!2f0!3f0!3m2!1i1024!2i768!4f13.1!3m3!1m2!1s0x1520a6d0d6ec016d%3A0xf13c93e0c3698222!2sDipkarpaz%20National%20Park!5e1!3m2!1sen!2sru!4v1773085878139!5m2!1sen!2sru\" width=\"600\" height=\"450\" style=\"border:0;\" allowfullscreen=\"\" loading=\"lazy\" referrerpolicy=\"no-referrer-when-downgrade\"><\/iframe><\/p>\n\n\n\n<h3 class=\"wp-block-heading\">G\u00f6r\u00fclmesi Gerekenler<\/h3>\n\n\n\n<ul class=\"wp-block-list\">\n<li><strong>Apostolos Andreas Burnu ve Manast\u0131r\u0131<\/strong><br>Yar\u0131madan\u0131n en do\u011fu noktas\u0131nda, a\u00e7\u0131k denize bakan bir \u015fapel bulunmaktad\u0131r. Hem hac\u0131lar hem de manzara turlar\u0131 i\u00e7in pop\u00fcler bir durakt\u0131r.<\/li>\n\n\n\n<li><strong>Kumul Plajlar\u0131 ve Lag\u00fcnler<\/strong><br>Alt\u0131n Kumsal (Alt\u0131nkum) da dahil olmak \u00fczere, yumu\u015fak ve s\u0131\u011f sulara sahip geni\u015f yumu\u015fak kum alanlar\u0131. Bunlar kritik \u00f6neme sahiptir <strong>Caretta caretta ve Chelonia mydas i\u00e7in yuvalama b\u00f6lgeleri<\/strong> Deniz kaplumba\u011falar\u0131 - ziyaret\u00e7iler belirlenmi\u015f y\u00fcr\u00fcy\u00fc\u015f yollar\u0131n\u0131 takip etmeli ve i\u015faretli yuvalar\u0131 rahats\u0131z etmekten ka\u00e7\u0131nmal\u0131d\u0131r. Koruma k\u0131lavuzlar\u0131na Bal\u0131k\u00e7\u0131l\u0131k ve Deniz Ara\u015ft\u0131rmalar\u0131 Departman\u0131ndan ula\u015f\u0131labilir.<\/li>\n\n\n\n<li><strong>Karpaz Yaban E\u015fekleri<\/strong><br>Yar\u0131madan\u0131n ikonik sakinleri olan bu e\u015fekler yollarda serbest\u00e7e dola\u015fmaktad\u0131r. Do\u011fal davran\u0131\u015flar\u0131n\u0131 bozdu\u011fu ve trafikte tehlikeye neden olabilece\u011fi i\u00e7in onlar\u0131 beslemek yasakt\u0131r.<\/li>\n\n\n\n<li><strong>Koylar ve G\u00f6r\u00fc\u015f Noktalar\u0131<\/strong><br>Yar\u0131mada s\u0131rt\u0131n\u0131n her iki taraf\u0131nda yer alan k\u00fc\u00e7\u00fck, tenha plajlar, foto\u011fraf molalar\u0131 ve k\u0131sa y\u00fcr\u00fcy\u00fc\u015fler i\u00e7in idealdir. R\u00fczgarlar \u00f6\u011fleden sonra ge\u00e7 saatlerde \u015fiddetlenir, bu nedenle g\u00fcn\u00fcn erken saatlerinde y\u00fczmeyi planlay\u0131n.<\/li>\n\n\n\n<li><strong>\u00c7evre \u00c7evresindeki Tarihi Yerler<\/strong><br>Erken d\u00f6nem H\u0131ristiyan bazilika kal\u0131nt\u0131lar\u0131 (Ayios Philon yak\u0131nlar\u0131nda oldu\u011fu gibi), Dipkarpaz'\u0131n geleneksel ta\u015f mimarisi, aile taraf\u0131ndan i\u015fletilen \u00e7iftlikler ve ar\u0131 kovanlar\u0131 k\u00fclt\u00fcrel manzaray\u0131 zenginle\u015ftirmektedir.<\/li>\n\n\n\n<li><strong>Ku\u015f G\u00f6zlemcili\u011fi ve Flora<\/strong><br>Mevsimsel g\u00f6\u00e7ler, y\u0131rt\u0131c\u0131 ku\u015flar, al\u00e7ak ard\u0131\u00e7 ve f\u0131st\u0131k bah\u00e7eleri ve yo\u011fun ke\u00e7iboynuzu ormanlar\u0131 buray\u0131 do\u011fa merakl\u0131lar\u0131 i\u00e7in bir cennet haline getirmektedir.<\/li>\n<\/ul>\n\n\n\n<hr class=\"wp-block-separator has-alpha-channel-opacity\"\/>\n\n\n\n<h3 class=\"wp-block-heading\">Temel \u00d6zellikler ve Ziyaret\u00e7i Haz\u0131rl\u0131\u011f\u0131<\/h3>\n\n\n\n<figure class=\"wp-block-table\"><table class=\"has-fixed-layout\"><thead><tr><th><strong>Aspect<\/strong><\/th><th><strong>Detaylar<\/strong><\/th><\/tr><\/thead><tbody><tr><td><strong>Durum<\/strong><\/td><td>Karpaz Yar\u0131madas\u0131'n\u0131n koruma alt\u0131ndaki do\u011fal alan\u0131; ziyaret rehberine KKTC Turizm Bakanl\u0131\u011f\u0131 arac\u0131l\u0131\u011f\u0131yla ula\u015f\u0131labilir<\/td><\/tr><tr><td><strong>Yol Ko\u015fullar\u0131<\/strong><\/td><td>Ana b\u00f6lgelere asfalt yollar; uzak sahillere \u00e7ak\u0131ll\u0131 veya kumlu yollar<\/td><\/tr><tr><td><strong>Mevsimsellik<\/strong><\/td><td>Y\u00fczme: May\u0131s-Ekim; k\u0131r \u00e7i\u00e7ekleri ve y\u00fcr\u00fcy\u00fc\u015f i\u00e7in en iyisi: Mart-Nisan ve Ekim-Kas\u0131m<\/td><\/tr><tr><td><strong>Altyap\u0131<\/strong><\/td><td>Ara s\u0131ra kafeler, b\u00fcfeler ve park yeri; s\u0131n\u0131rl\u0131 tuvalet olanaklar\u0131<\/td><\/tr><tr><td><strong>Mobil Kapsama Alan\u0131<\/strong><\/td><td>Uzak b\u00f6lgelerde, \u00f6zellikle de burun yak\u0131nlar\u0131nda g\u00fcvenilmez<\/td><\/tr><tr><td><strong>\u00d6deme<\/strong><\/td><td>A\u011f\u0131rl\u0131kl\u0131 olarak nakit (TL); Dipkarpaz ve Yeni Erenk\u00f6y'de ATM'ler<\/td><\/tr><\/tbody><\/table><\/figure>\n\n\n\n<blockquote class=\"wp-block-quote is-layout-flow wp-block-quote-is-layout-flow\">\n<p><strong>Anahtar detay:<\/strong> Vah\u015fi plajlarda daimi cankurtaran bulunmamaktad\u0131r. Sadece g\u00fcnd\u00fcz saatlerinde y\u00fcz\u00fcn ve yola \u00e7\u0131kmadan \u00f6nce Visit Cyprus'tan hava durumu g\u00fcncellemelerini kontrol edin.<\/p>\n<\/blockquote>\n\n\n\n<hr class=\"wp-block-separator has-alpha-channel-opacity\"\/>\n\n\n\n<h3 class=\"wp-block-heading\">Maliyetler ve \u00c7al\u0131\u015fma Saatleri<\/h3>\n\n\n\n<ul class=\"wp-block-list\">\n<li><strong>Giri\u015f:<\/strong> <strong>\u00dccretsiz<\/strong> (kamusal koruma alan\u0131 olarak; plajlara veya otoparka giden baz\u0131 eri\u015fim yollar\u0131nda bariyerler olabilir)<\/li>\n\n\n\n<li><strong>Park yeri:<\/strong> \u00c7o\u011funlukla <strong>\u00fccretsiz<\/strong> plajlar\u0131n yak\u0131n\u0131nda; baz\u0131 sezonluk kafeler \u00fccret talep edebilir <strong>$2-4<\/strong><\/li>\n\n\n\n<li><strong>\u015eemsiye\/\u015fezlong kiralama (organize b\u00f6lgelerde, sezonluk):<\/strong> \u0130ki \u015fezlong + \u015femsiye seti - <strong>$10-18<\/strong><\/li>\n\n\n\n<li><strong>\u00d6zel eko-turlar\/jeep safarileri (3-4 saat):<\/strong> <strong>$120-200<\/strong> ara\u00e7 ba\u015f\u0131na (1-4 ki\u015fi); g\u00fczergahlar ve duraklar \u00f6nceden ayarlan\u0131r<\/li>\n\n\n\n<li><strong>Kamp yapmak:<\/strong> Belirlenmi\u015f alanlarda - yakla\u015f\u0131k olarak <strong>$10-20<\/strong> saha ba\u015f\u0131na\/gece; kumullarda kamp yapmak yasakt\u0131r<\/li>\n\n\n\n<li><strong>At\u0131\u015ft\u0131rmal\u0131klar ve i\u00e7ecekler:<\/strong> 0.5L \u015fi\u015felenmi\u015f su - <strong>$1-2<\/strong>, kahve - <strong>$2-4<\/strong>, hafif yemekler - <strong>$6-10<\/strong><\/li>\n<\/ul>\n\n\n\n<p><strong>Ziyaret saatleri:<\/strong><\/p>\n\n\n\n<ul class=\"wp-block-list\">\n<li>B\u00f6lge <strong>7\/24 a\u00e7\u0131k<\/strong>ama <strong>g\u00fcnd\u00fcz zi\u0307yaretleri\u0307<\/strong> g\u00fcvenlik nedeniyle \u015fiddetle tavsiye edilir<\/li>\n\n\n\n<li>Kaplumba\u011fa yuvalama sezonu boyunca (May\u0131s-Eyl\u00fcl), <strong>gece eri\u0307\u015fi\u0307mi\u0307<\/strong> belirli alanlarda k\u0131s\u0131tlanabilir; Bal\u0131k\u00e7\u0131l\u0131k ve Deniz Ara\u015ft\u0131rmalar\u0131 Dairesi ve KKTC Turizm Portal\u0131'nda yay\u0131nlanan tabelalar\u0131 ve koruma otoritesi y\u00f6nergelerini takip edin<\/li>\n\n\n\n<li>Kafe ve b\u00fcfeler faaliyet g\u00f6steriyor <strong>mevsimsel<\/strong>, genellikle Nisan\/May\u0131s'tan Ekim'e kadar<\/li>\n<\/ul>\n\n\n\n<hr class=\"wp-block-separator has-alpha-channel-opacity\"\/>\n\n\n\n<p>Karpaz Milli Park\u0131, \u0130skele'ye g\u00fcn\u00fcbirlik gezi mesafesinde bozulmam\u0131\u015f bir Akdeniz vah\u015fi do\u011fas\u0131d\u0131r. R\u00fczg\u00e2rla savrulan kumullar, \u0131ss\u0131z koylar, yaban e\u015fekleri ve tarihi hac yollar\u0131 y\u00fcr\u00fcy\u00fc\u015f\u00e7\u00fcler, aileler ve manzara foto\u011fraf\u00e7\u0131lar\u0131 i\u00e7in s\u00fcr\u00fckleyici bir deneyim yarat\u0131r. Sorunsuz bir ziyaret i\u00e7in arac\u0131n\u0131z\u0131 haz\u0131rlay\u0131n, nakit para ve su getirin ve t\u00fcm resmi koruma kurallar\u0131na uyun.<\/p>\n\n\n\n<h2 class=\"wp-block-heading\">9. Bo\u011faz Bal\u0131k\u00e7\u0131 K\u00f6y\u00fc<\/h2>\n\n\n\n<figure class=\"wp-block-image size-large\"><img loading=\"lazy\" decoding=\"async\" width=\"1024\" height=\"570\" src=\"https:\/\/cypria.homes\/wp-content\/uploads\/2026\/03\/photo_5386360121782817713_y_rezultat-1024x570.webp\" alt=\"\u0130skele&#039;de G\u00f6r\u00fclecek En \u0130yi 10 Yer: Gezginler ve Ta\u015f\u0131nmay\u0131 D\u00fc\u015f\u00fcnenler \u0130\u00e7in Ke\u015ffedilecekler\" class=\"wp-image-6248\" srcset=\"https:\/\/cypria.homes\/wp-content\/uploads\/2026\/03\/photo_5386360121782817713_y_rezultat-1024x570.webp 1024w, https:\/\/cypria.homes\/wp-content\/uploads\/2026\/03\/photo_5386360121782817713_y_rezultat-300x167.webp 300w, https:\/\/cypria.homes\/wp-content\/uploads\/2026\/03\/photo_5386360121782817713_y_rezultat-18x10.webp 18w, https:\/\/cypria.homes\/wp-content\/uploads\/2026\/03\/photo_5386360121782817713_y_rezultat.webp 1078w\" sizes=\"auto, (max-width: 1024px) 100vw, 1024px\" \/><\/figure>\n\n\n\n<p>Bo\u011faz Bal\u0131k\u00e7\u0131 K\u00f6y\u00fc, \u0130skele Belediyesi'ne ba\u011fl\u0131, \u00e7al\u0131\u015fan liman\u0131, bir dizi aile i\u015fletmesi deniz \u00fcr\u00fcnleri tavernas\u0131 ve rahat tatil k\u00f6y\u00fc atmosferiyle bilinen b\u00fcy\u00fcleyici bir sahil yerle\u015fimidir. Sabah\u0131n erken saatlerinde bal\u0131k\u00e7\u0131lar g\u00fcnl\u00fck avlar\u0131n\u0131 bo\u015falt\u0131rken, ak\u015fam saatlerinde sahil, g\u00fcn bat\u0131m\u0131n\u0131n tad\u0131n\u0131 \u00e7\u0131karmak ve taze haz\u0131rlanm\u0131\u015f deniz \u00fcr\u00fcnlerinin tad\u0131na bakmak i\u00e7in toplanan aileler ve gezginlerle dolmaktad\u0131r. Genel ziyaret\u00e7i rehberli\u011fi, plaj g\u00fcvenli\u011fi ipu\u00e7lar\u0131 ve mevsimsel g\u00fcncellemeler KKTC Turizm Bakanl\u0131\u011f\u0131 ve Visit Cyprus gibi resmi portallarda mevcuttur. Yerel etkinlik programlar\u0131 \u0130skele Belediyesi web sitesinde yay\u0131nlanmaktad\u0131r.<br><strong>Onu \u00f6zel yapan \u015fey:<\/strong> \u0130skele ve Gazima\u011fusa'ya kolayca ula\u015f\u0131labilen, deniz kenar\u0131ndaki tavernalarla e\u015fle\u015ftirilmi\u015f canl\u0131 bir bal\u0131k\u00e7\u0131 liman\u0131.<\/p>\n\n\n\n<blockquote class=\"wp-block-quote is-layout-flow wp-block-quote-is-layout-flow\">\n<p><strong>\u00d6nemli:<\/strong> Bo\u011faz aktif bir bal\u0131k\u00e7\u0131 liman\u0131d\u0131r. <strong>\u0130skelelere eri\u015fim k\u0131s\u0131tlanm\u0131\u015ft\u0131r<\/strong> Av\u0131n bo\u015falt\u0131ld\u0131\u011f\u0131 alanlarda. Kaygan y\u00fczeylere ve kurumas\u0131 i\u00e7in serilmi\u015f bal\u0131k a\u011flar\u0131na kar\u015f\u0131 dikkatli olun.<\/p>\n<\/blockquote>\n\n\n\n<hr class=\"wp-block-separator has-alpha-channel-opacity\"\/>\n\n\n\n<h3 class=\"wp-block-heading\">Konum ve Oraya Nas\u0131l Gidilir<\/h3>\n\n\n\n<ul class=\"wp-block-list\">\n<li><strong>Konum:<\/strong> Kuzey K\u0131br\u0131s'\u0131n do\u011fu k\u0131y\u0131 \u015feridinde, K\u0131br\u0131s'\u0131n <strong>Bo\u011faz (Bo\u011faz Liman\u0131)<\/strong> \u0130skele Belediyesi i\u00e7erisinde<\/li>\n\n\n\n<li><strong>Mesafe:<\/strong><br>- \u0130skele merkezden (Trikomo): <strong>\u224810-12 km<\/strong>, arabayla yakla\u015f\u0131k 15-20 dakika<br>- Gazima\u011fusa'dan: <strong>\u224825-28 km<\/strong>, arabayla yakla\u015f\u0131k 30-35 dakika<\/li>\n\n\n\n<li><strong>Yol tarifi:<\/strong> \u0130skele'den do\u011fuya do\u011fru sahil yolunu takip ederek \"Bo\u011faz \/ Liman\" tabelalar\u0131n\u0131 takip edin. Park yeri genellikle <strong>\u00fccretsiz<\/strong> gezinti yolu boyunca ve liman yak\u0131n\u0131nda<\/li>\n\n\n\n<li><strong>Toplu ta\u015f\u0131ma:<\/strong> \u0130skele-Bo\u011faz koridoru boyunca g\u00fcnl\u00fck dolmu\u015f seferleri d\u00fczenlenmektedir; otob\u00fcs duraklar\u0131ndan sahile 3-7 dakikal\u0131k bir y\u00fcr\u00fcy\u00fc\u015fle ula\u015f\u0131labilmektedir<\/li>\n\n\n\n<li><strong>Taksi:<\/strong> Yakla\u015f\u0131k olarak <strong>$10-15<\/strong> \u0130skele'den tek y\u00f6n veya <strong>$20-25<\/strong> Gazima\u011fusa'dan zamana ve mevsime ba\u011fl\u0131 olarak<\/li>\n\n\n\n<li><strong>Navigasyon:<\/strong> GPS yol tarifi i\u00e7in \"Bo\u011faz Liman\u0131 \/ Bo\u011faz Bal\u0131k\u00e7\u0131 K\u00f6y\u00fc\" se\u00e7ene\u011fini kullan\u0131n<\/li>\n<\/ul>\n\n\n\n<blockquote class=\"wp-block-quote is-layout-flow wp-block-quote-is-layout-flow\">\n<p><strong>Ne zaman gitmeli?<\/strong> Bal\u0131k\u00e7\u0131lar\u0131n avlar\u0131n\u0131 bo\u015faltmalar\u0131na tan\u0131k olmak i\u00e7in erken saatlerde (07:30-09:00 civar\u0131) veya tavernalar\u0131n g\u00fcn\u00fcn av\u0131ndan yemekler haz\u0131rlamaya ba\u015flad\u0131\u011f\u0131 g\u00fcn bat\u0131m\u0131ndan hemen \u00f6nce gelin.<\/p>\n<\/blockquote>\n\n\n\n<p><iframe src=\"https:\/\/www.google.com\/maps\/embed?pb=!1m18!1m12!1m3!1d3094.621642889312!2d33.95075327557453!3d35.31314847270842!2m3!1f0!2f0!3f0!3m2!1i1024!2i768!4f13.1!3m3!1m2!1s0x14dfafa73974916b%3A0xe136253703540e45!2sBo%C4%9Faz%20Harbour!5e1!3m2!1sen!2sru!4v1773086350898!5m2!1sen!2sru\" width=\"600\" height=\"450\" style=\"border:0;\" allowfullscreen=\"\" loading=\"lazy\" referrerpolicy=\"no-referrer-when-downgrade\"><\/iframe><\/p>\n\n\n\n<h3 class=\"wp-block-heading\">G\u00f6r\u00fclmesi Gerekenler<\/h3>\n\n\n\n<ul class=\"wp-block-list\">\n<li><strong>Bal\u0131k\u00e7\u0131 Bar\u0131na\u011f\u0131 ve Gezinti Yeri<\/strong><br>G\u00fcne\u015fin alt\u0131nda kuruyan tekneler, a\u011flar ve \u015famand\u0131ralarla dolu kompakt bir liman. Sabahlar\u0131 bal\u0131k\u00e7\u0131l\u0131k faaliyetleriyle canlan\u0131rken, ak\u015famlar\u0131 rahat, y\u00fcr\u00fcy\u00fc\u015f dostu bir ortam sunar.<\/li>\n\n\n\n<li><strong>Deniz \u00dcr\u00fcnleri Tavernalar\u0131 S\u0131ras\u0131<\/strong><br>Klasik bir Do\u011fu Yakas\u0131 deneyimi: \u0131zgara bal\u0131k, kalamar, karides ve ahtapot g\u00fcve\u00e7 ile servis edilir. <strong>meze<\/strong>-Sebze, yo\u011furt ve baklagil bazl\u0131 ba\u015flang\u0131\u00e7lar.<\/li>\n\n\n\n<li><strong>K\u00fc\u00e7\u00fck Hilal Plajlar\u0131<\/strong><br>Liman\u0131n \u00e7evresinde, suya hafif\u00e7e girilen k\u0131sa kumsallar uzanmaktad\u0131r. Cankurtaranlar yo\u011fun sezonda merkezi yerlerde g\u00f6rev yapmaktad\u0131r. Plaj g\u00fcvenli\u011fi ipu\u00e7lar\u0131 i\u00e7in Visit Cyprus'a bak\u0131n\u0131z.<\/li>\n\n\n\n<li><strong>Yerel Etkinlikler<\/strong><br>Yaz pazarlar\u0131, sokak konserleri ve yemek festivalleri \u0130skele Belediyesi web sitesi \u00fczerinden duyurulmaktad\u0131r.<\/li>\n\n\n\n<li><strong>Deniz Kenar\u0131 Y\u00fcr\u00fcy\u00fc\u015fleri<\/strong><br>Asfalt y\u00fcr\u00fcy\u00fc\u015f yollar\u0131, liman\u0131 yak\u0131ndaki yerle\u015fim alanlar\u0131 ve manzara noktalar\u0131na ba\u011flamaktad\u0131r - ak\u015fam gezintisi i\u00e7in m\u00fckemmeldir.<\/li>\n<\/ul>\n\n\n\n<blockquote class=\"wp-block-quote is-layout-flow wp-block-quote-is-layout-flow\">\n<p><strong>Profesyonel ipucu:<\/strong> Sunucunuzdan <strong>\"g\u00fcn\u00fcn avi\"<\/strong> en taze bal\u0131\u011f\u0131 en iyi de\u011fer ve porsiyon boyutuyla elde etmek i\u00e7in.<\/p>\n<\/blockquote>\n\n\n\n<hr class=\"wp-block-separator has-alpha-channel-opacity\"\/>\n\n\n\n<h3 class=\"wp-block-heading\">Altyap\u0131 ve Olanaklar<\/h3>\n\n\n\n<figure class=\"wp-block-table\"><table class=\"has-fixed-layout\"><thead><tr><th><strong>Tesis<\/strong><\/th><th><strong>Detaylar<\/strong><\/th><\/tr><\/thead><tbody><tr><td><strong>Yemek<\/strong><\/td><td>Sahil tavernalar\u0131, kafeler, kahve d\u00fckkanlar\u0131, pastaneler<\/td><\/tr><tr><td><strong>D\u00fckkanlar<\/strong><\/td><td>Mini marketler, f\u0131r\u0131nlar, at\u0131\u015ft\u0131rmal\u0131k ve su b\u00fcfeleri<\/td><\/tr><tr><td><strong>\u00d6demeler<\/strong><\/td><td>Y\u00fcr\u00fcme mesafesinde ATM'ler; tavernalar genellikle kart kabul eder ve <strong>nakit (TRY)<\/strong><\/td><\/tr><tr><td><strong>Otopark<\/strong><\/td><td>Gezinti yoluna yak\u0131n belediye otopark\u0131-<strong>genellikle \u00fccretsiz<\/strong><\/td><\/tr><tr><td><strong>Eri\u015filebilirlik<\/strong><\/td><td>D\u00fcz y\u00fcr\u00fcy\u00fc\u015f yollar\u0131; iskelelerde kaygan b\u00f6l\u00fcmler olabilir<\/td><\/tr><tr><td><strong>\u00c7ocuklar \u0130\u00e7in<\/strong><\/td><td>Gezinti alan\u0131, k\u00fc\u00e7\u00fck oyun alanlar\u0131 ve \u00e7evre boyunca s\u0131\u011f plajlar<\/td><\/tr><\/tbody><\/table><\/figure>\n\n\n\n<blockquote class=\"wp-block-quote is-layout-flow wp-block-quote-is-layout-flow\">\n<p><strong>G\u00fcvenlik notu:<\/strong> Zincirlerle veya tabelalarla i\u015faretlenmi\u015f k\u0131s\u0131tl\u0131 liman \u00e7al\u0131\u015fma b\u00f6lgelerinden uzak durun - bunlar deniz g\u00fcvenli\u011fi i\u00e7in uygulanmaktad\u0131r ve KKTC Turizm Bakanl\u0131\u011f\u0131 taraf\u0131ndan belirtilmi\u015ftir.<\/p>\n<\/blockquote>\n\n\n\n<hr class=\"wp-block-separator has-alpha-channel-opacity\"\/>\n\n\n\n<h3 class=\"wp-block-heading\">Fiyatlar ve \u00c7al\u0131\u015fma Saatleri<\/h3>\n\n\n\n<ul class=\"wp-block-list\">\n<li><strong>Gezinti yolu eri\u015fimi ve liman giri\u015fi:<\/strong> <strong>\u00dccretsiz<\/strong><\/li>\n\n\n\n<li><strong>Deniz \u00dcr\u00fcnleri Restoranlar\u0131:<\/strong><br>- Meze seti - <strong>$8-12<\/strong> ki\u015fi ba\u015f\u0131<br>- Izgara bal\u0131k (levrek\/levrek\/dorado) - <strong>$14-22<\/strong> porsiyon ba\u015f\u0131na<br>- A\u011f\u0131rl\u0131k olarak taze bal\u0131k - <strong>$18-30\/kg<\/strong> (t\u00fcre ve mevsime g\u00f6re de\u011fi\u015fir)<br>- Kalamar \/ ahtapot - <strong>$12-20<\/strong><br>- Kahve - <strong>$2-4<\/strong>, tatl\u0131lar - <strong>$3-6<\/strong><\/li>\n\n\n\n<li><strong>Tekne turlar\u0131 (mevsimlik, 1-2 saat):<\/strong> <strong>$20-30<\/strong> ki\u015fi ba\u015f\u0131; \u00f6zel turlar (2-3 saat): <strong>$120-180<\/strong> tekne ba\u015f\u0131na (anla\u015fmaya g\u00f6re rota)<\/li>\n\n\n\n<li><strong>Taksi (\u0130skele-Bo\u011faz):<\/strong> <strong>$10-15<\/strong> tek y\u00f6nl\u00fc<\/li>\n\n\n\n<li><strong>Park yeri:<\/strong> Genellikle <strong>\u00fccretsiz<\/strong> gezinti yolu ve yak\u0131n sokaklar boyunca<\/li>\n<\/ul>\n\n\n\n<p><strong>\u00c7al\u0131\u015fma Saatleri:<\/strong><\/p>\n\n\n\n<ul class=\"wp-block-list\">\n<li><strong>Gezinti alan\u0131 ve ortak alanlar:<\/strong> A\u00e7\u0131k <strong>24\/7<\/strong><\/li>\n\n\n\n<li><strong>Tavernalar ve kafeler:<\/strong> Tipik olarak <strong>11:00-23:00<\/strong> yaz aylar\u0131nda (sezon d\u0131\u015f\u0131nda saat 22:00'ye kadar); sabah kahveleri <strong>08:00<\/strong><\/li>\n\n\n\n<li><strong>Limandaki bal\u0131k pazar\u0131:<\/strong> Aktif fazdan <strong>07:30 - 09:00<\/strong> (avlanma ve hava durumuna ba\u011fl\u0131 olarak)<\/li>\n\n\n\n<li><strong>Belediye etkinlikleri:<\/strong> Ayr\u0131 bir programa g\u00f6re d\u00fczenlenir; \u0130skele Belediyesi web sitesinde duyurular<\/li>\n<\/ul>\n\n\n\n<blockquote class=\"wp-block-quote is-layout-flow wp-block-quote-is-layout-flow\">\n<p><strong>Pratik ipucu:<\/strong> Yo\u011fun sezonda (Temmuz-A\u011fustos), g\u00fcn bat\u0131m\u0131nda yemek i\u00e7in \u00f6nceden masa ay\u0131rt\u0131n ve gezinti yolunun yak\u0131n\u0131nda kolay park yeri bulmak i\u00e7in 15-20 dakika erken gelin.<\/p>\n<\/blockquote>\n\n\n\n<hr class=\"wp-block-separator has-alpha-channel-opacity\"\/>\n\n\n\n<p>Bo\u011faz Bal\u0131k\u00e7\u0131 K\u00f6y\u00fc, limanda gezinerek, taze deniz \u00fcr\u00fcnlerinin tad\u0131n\u0131 \u00e7\u0131kararak ve k\u00fc\u00e7\u00fck bir liman kasabas\u0131n\u0131n rahat ortam\u0131n\u0131 i\u00e7inize \u00e7ekerek su kenar\u0131nda sakin bir g\u00fcn ge\u00e7irmek i\u00e7in m\u00fckemmel olan huzurlu bir sahil inziva yeridir. Ziyaret\u00e7iler i\u00e7in Kuzey K\u0131br\u0131s'taki k\u0131y\u0131 ya\u015fam\u0131na otantik bir bak\u0131\u015f; \u0130skele'ye ta\u015f\u0131nmay\u0131 d\u00fc\u015f\u00fcnenler i\u00e7in ise <strong>yerel ya\u015fam tarzi ve mutfak se\u00e7enekleri\u0307<\/strong> evden sadece k\u0131sa bir s\u00fcr\u00fc\u015f mesafesinde.<\/p>\n\n\n\n<h2 class=\"wp-block-heading\">10. \u0130skele Festivali ve K\u00fclt\u00fcrel Etkinlikler<\/h2>\n\n\n\n<figure class=\"wp-block-image size-full\"><img loading=\"lazy\" decoding=\"async\" width=\"900\" height=\"506\" src=\"https:\/\/cypria.homes\/wp-content\/uploads\/2026\/03\/cyprus-festival-folklore-dancers_rezultat-edited.webp\" alt=\"\u0130skele&#039;de G\u00f6r\u00fclecek En \u0130yi 10 Yer: Gezginler ve Ta\u015f\u0131nmay\u0131 D\u00fc\u015f\u00fcnenler \u0130\u00e7in Ke\u015ffedilecekler\" class=\"wp-image-6250\" srcset=\"https:\/\/cypria.homes\/wp-content\/uploads\/2026\/03\/cyprus-festival-folklore-dancers_rezultat-edited.webp 900w, https:\/\/cypria.homes\/wp-content\/uploads\/2026\/03\/cyprus-festival-folklore-dancers_rezultat-edited-300x169.webp 300w, https:\/\/cypria.homes\/wp-content\/uploads\/2026\/03\/cyprus-festival-folklore-dancers_rezultat-edited-18x10.webp 18w\" sizes=\"auto, (max-width: 900px) 100vw, 900px\" \/><\/figure>\n\n\n\n<p>\u0130skele Festival ve K\u00fclt\u00fcrel Etkinlikler \u015femsiyesi, bir hafta s\u00fcren yaz festivalinden k\u0131y\u0131 yemek hafta sonlar\u0131na ve aile dostu fuarlara kadar canl\u0131 bir \u015fehir kutlamalar\u0131 takvimini kapsamaktad\u0131r. T\u00fcm programlar, mekan haritalar\u0131 ve son dakika g\u00fcncellemeleri \u0130skele Belediyesi'nin resmi web sitesinde yay\u0131nlan\u0131rken, mevsimsel rehberlik ve g\u00fcvenlik bilgileri KKTC Turizm Bakanl\u0131\u011f\u0131 ve Visit Cyprus gibi ulusal platformlarda bulunabilir.<br><strong>Onu di\u011ferlerinden ay\u0131ran \u015fey:<\/strong> Yerle\u015fim b\u00f6lgelerine ve Long Beach'in gezinti yoluna y\u00fcr\u00fcme mesafesinde zengin bir k\u00fclt\u00fcrel takvim; hem b\u00f6lge sakinleri hem de ziyaret\u00e7iler i\u00e7in ideal.<\/p>\n\n\n\n<blockquote class=\"wp-block-quote is-layout-flow wp-block-quote-is-layout-flow\">\n<p><strong>\u00d6nemli:<\/strong> Etkinlik programlar\u0131, sokak kapan\u0131\u015flar\u0131, park planlar\u0131 ve havai fi\u015fek zamanlamalar\u0131 <strong>d\u00fczenli olarak g\u00fcncellenir<\/strong> \u0130skele Belediyesi portal\u0131nda. Yola \u00e7\u0131kmadan \u00f6nce son de\u011fi\u015fiklikleri kontrol edin.<\/p>\n<\/blockquote>\n\n\n\n<hr class=\"wp-block-separator has-alpha-channel-opacity\"\/>\n\n\n\n<h3 class=\"wp-block-heading\">Konum ve Ula\u015f\u0131m<\/h3>\n\n\n\n<ul class=\"wp-block-list\">\n<li><strong>Ana Mekanlar:<\/strong><br>- \u0130skele merkez meydan\u0131 ve biti\u015fi\u011findeki belediye park\u0131<br>- Long Beach amfitiyatrosu ve gezinti yeri<br>- Hafta sonlar\u0131 deniz \u00fcr\u00fcnleri i\u00e7in Bo\u011faz k\u0131y\u0131s\u0131<\/li>\n\n\n\n<li><strong>Mesafeler:<\/strong><br>- \u0130skele merkezden Long Beach'e: <strong>\u22483-5 km<\/strong> (araba ile 10-12 dakika)<br>- Bo\u011faz'a: <strong>\u224810-12 km<\/strong> (15-20 dakika)<br>- Gazima\u011fusa'dan festival alanlar\u0131na: <strong>\u224812-28 km<\/strong> (15-35 dakika)<\/li>\n\n\n\n<li><strong>Toplu Ta\u015f\u0131ma:<\/strong><br>Dolmu\u015flar g\u00fcn boyunca \u0130skele ile Gazima\u011fusa ve \u0130skele ile Bo\u011faz aras\u0131nda sefer yapmaktad\u0131r. Festival g\u00fcnlerinde, <strong>ek hi\u0307zmetler<\/strong> planlanm\u0131\u015f olabilir; belediyenin web sitesindeki g\u00fcncellemeleri kontrol edin.<\/li>\n\n\n\n<li><strong>Taksiler:<\/strong><br>\u0130skele \u0130\u00e7inde - <strong>$6-10<\/strong> s\u00fcr\u00fc\u015f ba\u015f\u0131na<br>\u0130skele'den Bo\u011faz'a - <strong>$10-15<\/strong><\/li>\n\n\n\n<li><strong>Park yeri:<\/strong><br>Etkinlik mekanlar\u0131n\u0131n yak\u0131n\u0131nda belediyeye ait \u00fccretsiz otopark mevcuttur. Yo\u011fun saatlerde, <strong>ge\u00e7i\u0307ci\u0307 lotlar<\/strong> i\u015faretlenmi\u015f ve tabelaland\u0131r\u0131lm\u0131\u015ft\u0131r.<\/li>\n<\/ul>\n\n\n\n<blockquote class=\"wp-block-quote is-layout-flow wp-block-quote-is-layout-flow\">\n<p><strong>\u0130pucu:<\/strong> Yak\u0131n otopark\u0131 g\u00fcvence alt\u0131na almak ve giri\u015f kontrollerinden h\u0131zl\u0131ca ge\u00e7mek i\u00e7in ak\u015fam program\u0131 ba\u015flamadan 20-30 dakika \u00f6nce gelin.<\/p>\n<\/blockquote>\n\n\n\n<hr class=\"wp-block-separator has-alpha-channel-opacity\"\/>\n\n\n\n<h3 class=\"wp-block-heading\">Ne Deneyimleyeceksiniz<\/h3>\n\n\n\n<ul class=\"wp-block-list\">\n<li><strong>\u0130skele Uluslararas\u0131 Festivali (Yaz)<\/strong><br>\u015eehir merkezinde konserler, halk topluluklar\u0131, el sanatlar\u0131 fuar\u0131, interaktif \u00e7ocuk alanlar\u0131, at\u00f6lye \u00e7al\u0131\u015fmalar\u0131, spor aktiviteleri ve havai fi\u015fek finalinin yer ald\u0131\u011f\u0131 bir haftal\u0131k \u00e7e\u015fitli etkinlikler.<\/li>\n\n\n\n<li><strong>Long Beach Yaz Sahnesi<\/strong><br>Caz ve pop konserleri, a\u00e7\u0131k hava film geceleri, g\u00fcn bat\u0131m\u0131 yogas\u0131 ve dans performanslar\u0131na ev sahipli\u011fi yapan deniz kenar\u0131nda bir a\u00e7\u0131k hava mek\u00e2n\u0131.<\/li>\n\n\n\n<li><strong>Bo\u011faz Deniz \u00dcr\u00fcnleri Hafta Sonu<\/strong><br>Bo\u011faz liman\u0131nda \u00f6zel men\u00fcler, canl\u0131 bal\u0131k \u0131zgara demolar\u0131 ve g\u00fcn bat\u0131m\u0131nda akustik setlerle temal\u0131 yemek hafta sonlar\u0131.<\/li>\n\n\n\n<li><strong>Aile ve Gen\u00e7lik G\u00fcnleri<\/strong><br>Samimi ve \u015fenlikli bir ortamda \u015fehir \u00e7ap\u0131nda g\u00f6revler, \u00e7ocuk laboratuvarlar\u0131, sanat k\u00f6\u015feleri ve a\u00e7\u0131k hava oyunlar\u0131.<\/li>\n\n\n\n<li><strong>El Sanatlar\u0131 Sergileri ve Fuarlar\u0131<\/strong><br>Yerel seramikler, tekstil \u00fcr\u00fcnleri, zeytinya\u011f\u0131, bal ve ah\u015fap i\u015fleri - bir\u00e7ok sat\u0131c\u0131 tad\u0131m ve g\u00f6steriler sunmaktad\u0131r.<\/li>\n<\/ul>\n\n\n\n<hr class=\"wp-block-separator has-alpha-channel-opacity\"\/>\n\n\n\n<h3 class=\"wp-block-heading\">Y\u0131ll\u0131k Etkinli\u011fe Genel Bak\u0131\u015f<\/h3>\n\n\n\n<figure class=\"wp-block-table\"><table class=\"has-fixed-layout\"><thead><tr><th><strong>Etkinlik<\/strong><\/th><th><strong>Sezon<\/strong><\/th><th><strong>Konum<\/strong><\/th><th><strong>\u00d6nemli Noktalar<\/strong><\/th><\/tr><\/thead><tbody><tr><td>Uluslararas\u0131 \u0130skele Festivali<\/td><td>Haziran Sonu - Temmuz Ba\u015f\u0131<\/td><td>Merkez meydan, belediye park\u0131<\/td><td>A\u00e7\u0131l\u0131\u015f t\u00f6reni, ge\u00e7it t\u00f6renleri, ba\u015frol konserleri, havai fi\u015fekler<\/td><\/tr><tr><td>Long Beach Yaz Sahnesi<\/td><td>Temmuz - A\u011fustos (ak\u015famlar\u0131)<\/td><td>Long Beach amfitiyatrosu ve gezinti yeri<\/td><td>A\u00e7\u0131k hava sinemas\u0131, canl\u0131 m\u00fczik, plaj yogas\u0131<\/td><\/tr><tr><td>Bo\u011faz Deniz \u00dcr\u00fcnleri Hafta Sonu<\/td><td>May\u0131s - Eyl\u00fcl (belirli hafta sonlar\u0131)<\/td><td>Bo\u011faz kordonu ve liman<\/td><td>Tad\u0131mlar, canl\u0131 m\u00fczik, mevsimsel bal\u0131k men\u00fcleri<\/td><\/tr><tr><td>Aile ve Gen\u00e7lik G\u00fcn\u00fc<\/td><td>\u0130lkbahar \/ Sonbahar<\/td><td>\u015eehir parklar\u0131 ve caddeleri<\/td><td>Oyunlar, at\u00f6lye \u00e7al\u0131\u015fmalar\u0131, interaktif sergiler<\/td><\/tr><tr><td>K\u0131\u015f Pazar\u0131<\/td><td>Aral\u0131k<\/td><td>Ana meydan<\/td><td>Sanat enstalasyonlar\u0131, korolar, yerel hediyelik e\u015fyalar<\/td><\/tr><\/tbody><\/table><\/figure>\n\n\n\n<blockquote class=\"wp-block-quote is-layout-flow wp-block-quote-is-layout-flow\">\n<p><strong>Anahtar detay:<\/strong> Kesin tarihler ve s\u0131ralamalar \u0130skele Belediyesi web sitesindeki resmi programda yay\u0131nlanmaktad\u0131r. Genel sezonluk ziyaret\u00e7i y\u00f6nergeleri ve halka a\u00e7\u0131k etkinlik kurallar\u0131 Visit Cyprus ve KKTC Turizm Bakanl\u0131\u011f\u0131 sitesinde mevcuttur.<\/p>\n<\/blockquote>\n\n\n\n<hr class=\"wp-block-separator has-alpha-channel-opacity\"\/>\n\n\n\n<h3 class=\"wp-block-heading\">Fiyatlar ve Program<\/h3>\n\n\n\n<ul class=\"wp-block-list\">\n<li><strong>Kabul:<\/strong><br>Halka a\u00e7\u0131k etkinliklerin \u00e7o\u011fu <strong>\u00fccretsiz<\/strong>. Baz\u0131 ana konserler ve film g\u00f6sterimleri i\u00e7in bilet gerekebilir.<\/li>\n\n\n\n<li><strong>Yakla\u015f\u0131k Bilet Fiyatlar\u0131:<\/strong><br>- Headliner konserleri - <strong>$10-25<\/strong><br>- A\u00e7\u0131k hava sinemas\u0131 - <strong>$4-8<\/strong><br>- \u00c7ocuk at\u00f6lyeleri - <strong>$3-7<\/strong> (malzemeler dahil)<\/li>\n\n\n\n<li><strong>Yemek Alan\u0131 Fiyatland\u0131rmas\u0131:<\/strong><br>- Su (0,5 L) - <strong>$1-2<\/strong>limonata - <strong>$2-3<\/strong>kahve - <strong>$2-4<\/strong><br>- Yerel at\u0131\u015ft\u0131rmal\u0131klar (meze, g\u00f6zleme, kebap) - <strong>$4-9<\/strong><br>- Bo\u011faz Deniz \u00dcr\u00fcnleri Hafta Sonu'nda \u0131zgara bal\u0131k setleri - <strong>$12-22<\/strong><\/li>\n\n\n\n<li><strong>Park yeri:<\/strong><br>Belediye park alanlar\u0131 tipik olarak <strong>\u00fccretsiz<\/strong>sahnelerin yak\u0131n\u0131ndaki ge\u00e7ici b\u00f6lgeler \u00fccretlendirilebilir <strong>$2-4<\/strong> (organizat\u00f6r\u00fcn takdirine g\u00f6re)<\/li>\n\n\n\n<li><strong>\u00d6deme Y\u00f6ntemleri:<\/strong><br>\u00c7o\u011fu a\u00e7\u0131k hava sat\u0131c\u0131s\u0131 <strong>nakit (TRY)<\/strong>Baz\u0131 stantlar kart da kabul etmektedir.<\/li>\n<\/ul>\n\n\n\n<hr class=\"wp-block-separator has-alpha-channel-opacity\"\/>\n\n\n\n<h3 class=\"wp-block-heading\">\u00c7al\u0131\u015fma Saatleri<\/h3>\n\n\n\n<ul class=\"wp-block-list\">\n<li><strong>Ak\u015fam programlar\u0131:<\/strong> Genellikle <strong>19:30-23:00<\/strong> (yaz sezonu)<\/li>\n\n\n\n<li><strong>Aile etkinlikleri:<\/strong> Etraf\u0131ndan ba\u015fla <strong>17:00-18:00<\/strong><\/li>\n\n\n\n<li><strong>Sabah oturumlar\u0131 (yar\u0131\u015flar, pazarlar):<\/strong> Etraf\u0131ndan ba\u015fla <strong>08:00-11:00<\/strong><\/li>\n\n\n\n<li><strong>\u0130skele Uluslararas\u0131 Festivali s\u00fcresi:<\/strong> Tipik olarak <strong>Ard\u0131\u015f\u0131k 7-10 g\u00fcn<\/strong><\/li>\n\n\n\n<li><strong>Hava durumu gecikmeleri veya yeniden planlama:<\/strong> Belediye portal\u0131nda ger\u00e7ek zamanl\u0131 g\u00fcncellemeleri takip edin<\/li>\n<\/ul>\n\n\n\n<blockquote class=\"wp-block-quote is-layout-flow wp-block-quote-is-layout-flow\">\n<p><strong>Pratik ipucu:<\/strong> Ak\u015fam esintisi i\u00e7in hafif bir ceket, g\u00fcnd\u00fcz etkinlikleri i\u00e7in su ve g\u00fcne\u015f korumas\u0131 getirin ve man\u015fet g\u00f6sterileri i\u00e7in erkenden yer ay\u0131rt\u0131n.<\/p>\n<\/blockquote>\n\n\n\n<hr class=\"wp-block-separator has-alpha-channel-opacity\"\/>\n\n\n\n<p>\u0130skele Festivali takvimi iyi organize edilmi\u015f lojistik, s\u0131cak bir topluluk atmosferi ve y\u00fcksek kaliteli deniz kenar\u0131 e\u011flencesi sunmaktad\u0131r. Ziyaret\u00e7iler i\u00e7in herhangi bir seyahat program\u0131na canl\u0131 bir ektir; b\u00f6lgeye ta\u015f\u0131nmay\u0131 d\u00fc\u015f\u00fcnen yeni gelenler i\u00e7in ise <strong>\u015fehrin k\u00fclt\u00fcrel canl\u0131l\u0131\u011f\u0131, e\u011flence olanaklar\u0131 ve yerel ya\u015fam\u0131n kat\u0131l\u0131m\u0131<\/strong>.<\/p>\n\n\n\n<p>\u0130skele, do\u011fal g\u00fczellikler, tarihi cazibe ve modern altyap\u0131n\u0131n nadir bir kar\u0131\u015f\u0131m\u0131n\u0131 sunar; burada m\u00fckemmel bir g\u00fcn Long Beach'te sabah ko\u015fusuyla ba\u015flayabilir, Bo\u011faz'da deniz kenar\u0131nda bir \u00f6\u011fle yeme\u011fi ile devam edebilir ve Kantara Kalesi \u00fczerinde g\u00fcn bat\u0131m\u0131yla sona erebilir. B\u00f6lge, g\u00fcnl\u00fck ya\u015fama a\u00e7\u0131k bir pencere sunmaktad\u0131r: kafeler ve marketler kolayca ula\u015f\u0131labilecek mesafededir, a\u00e7\u0131k hava etkinlikleri i\u00e7in bir gezinti yolu, yak\u0131ndaki okullar ve hizmetler ve deniz kenar\u0131nda sakin yerle\u015fim mahalleleri vard\u0131r.<\/p>\n\n\n\n<p>\u0130skele, K\u0131br\u0131s, zahmetsizce birle\u015ftirir <em>\u0130skele gezilecek yerler<\/em> pratik bir e\u011fitimin temelleri ile <em>\u0130skele K\u0131br\u0131s gezi rehberi<\/em>-dan <em>\u0130skele b\u00f6lgesinde mutlaka g\u00f6r\u00fclmesi gereken yerler<\/em> i\u00e7in <em>\u0130skele'de ya\u015famak i\u00e7in en iyi b\u00f6lge<\/em>. E\u011fer d\u00fc\u015f\u00fcn\u00fcyorsan\u0131z <em>\u0130skele, Kuzey K\u0131br\u0131s'ta ya\u015famak<\/em> veya <em>\u0130skele'ye ta\u015f\u0131n\u0131yor<\/em>'ye daha yak\u0131ndan bir g\u00f6z at\u0131n. <em>Long Beach Iskele yak\u0131n\u0131ndaki tesisler<\/em>-Buralar hem ya\u015fam tarz\u0131 hem de yat\u0131r\u0131m i\u00e7in en uygun yerlerdir.<\/p>\n\n\n\n<p>Bir soru\u015fturma b\u0131rak\u0131n ve ekibimiz sat\u0131n almak i\u00e7in ideal m\u00fclk\u00fc bulman\u0131za yard\u0131mc\u0131 olacakt\u0131r.<\/p>\n\n\n\n<p><\/p>","protected":false},"excerpt":{"rendered":"<p>\u0130skele (Trikomo olarak da bilinir) bir k\u0131y\u0131 belediyesidir [...]<\/p>","protected":false},"author":16,"featured_media":6234,"comment_status":"closed","ping_status":"closed","sticky":false,"template":"","format":"standard","meta":{"_acf_changed":false,"footnotes":""},"categories":[174,5],"tags":[],"class_list":["post-6233","post","type-post","status-publish","format-standard","has-post-thumbnail","hentry","category-all","category-guides"],"acf":[],"_links":{"self":[{"href":"https:\/\/cypria.homes\/tr\/wp-json\/wp\/v2\/posts\/6233","targetHints":{"allow":["GET"]}}],"collection":[{"href":"https:\/\/cypria.homes\/tr\/wp-json\/wp\/v2\/posts"}],"about":[{"href":"https:\/\/cypria.homes\/tr\/wp-json\/wp\/v2\/types\/post"}],"author":[{"embeddable":true,"href":"https:\/\/cypria.homes\/tr\/wp-json\/wp\/v2\/users\/16"}],"replies":[{"embeddable":true,"href":"https:\/\/cypria.homes\/tr\/wp-json\/wp\/v2\/comments?post=6233"}],"version-history":[{"count":3,"href":"https:\/\/cypria.homes\/tr\/wp-json\/wp\/v2\/posts\/6233\/revisions"}],"predecessor-version":[{"id":6252,"href":"https:\/\/cypria.homes\/tr\/wp-json\/wp\/v2\/posts\/6233\/revisions\/6252"}],"wp:featuredmedia":[{"embeddable":true,"href":"https:\/\/cypria.homes\/tr\/wp-json\/wp\/v2\/media\/6234"}],"wp:attachment":[{"href":"https:\/\/cypria.homes\/tr\/wp-json\/wp\/v2\/media?parent=6233"}],"wp:term":[{"taxonomy":"category","embeddable":true,"href":"https:\/\/cypria.homes\/tr\/wp-json\/wp\/v2\/categories?post=6233"},{"taxonomy":"post_tag","embeddable":true,"href":"https:\/\/cypria.homes\/tr\/wp-json\/wp\/v2\/tags?post=6233"}],"curies":[{"name":"wp","href":"https:\/\/api.w.org\/{rel}","templated":true}]}}